{"id":4031,"date":"2014-12-22T19:27:06","date_gmt":"2014-12-22T18:27:06","guid":{"rendered":"http:\/\/www.huelvaysusfotografos.com\/?p=4031"},"modified":"2014-12-22T19:27:06","modified_gmt":"2014-12-22T18:27:06","slug":"inaugurada-y-visitable-hasta-el-9-de-enero","status":"publish","type":"post","link":"https:\/\/www.huelvaysusfotografos.com\/?p=4031","title":{"rendered":"Inaugurada y visitable hasta el 9 de enero"},"content":{"rendered":"<p style=\"text-align: justify;\">Pues ya lleg\u00f3 a su fin la edici\u00f3n 2014 del concurso HUELVA A TRAV\u00c9S DE LA FOTOGRAF\u00cdA, organizado por la Concejal\u00eda de Turismo del Ayuntamiento de Huelva, en colaboraci\u00f3n con\u00a0nuestra\u00a0Asociaci\u00f3n \u201cHuelva y sus Fot\u00f3grafos\u201d y el Patrocinio de Elena S. Balonga- Fotograf\u00eda. Pero adem\u00e1s este a\u00f1o ha contado con la inestimable colaboraci\u00f3n de una serie de empresarios onubenses que es justo mencionar y agradecerles sus premios y bonos-regalos, han sido Hotel Mart\u00edn Alonso Pinz\u00f3n, Casa Rural Los Pinos de Hinojos, Aires Africanos, Parque Minero Riotinto, Casa Vesta- Zufre, Ser Odiel, Rumbo Sur, Centro Andaluz de Fotograf\u00eda y el \u00a0Ministerio de Cultura. Tambi\u00e9n destacar y agradecer al Colegio Mar\u00eda Inmaculada, y las Hermandades de Nazareno, Esperanza, Estudiantes, Oraci\u00f3n del Huerto, Pasi\u00f3n, Soledad, Calvario, Santo Entierro, Borriquita y Vera Cruz, su colaboraci\u00f3n durante la edici\u00f3n de Semana Santa.<\/p>\n<p style=\"text-align: justify;\">Nuestra asociaci\u00f3n lleva\u00a0dos a\u00f1os colaborando mano a mano con Turismo, esta iniciativa pretende dar a conocer y potenciar la puesta en valor de los diferentes recursos patrimoniales y tur\u00edsticos de Huelva capital por medio de la fotograf\u00eda. Los que habitualmente particip\u00e1is sab\u00e9is que \u00a0culmina la edici\u00f3n anual con una exposici\u00f3n fotogr\u00e1fica en el Centro de Visitantes \u201cHuelva, Puerta del Atl\u00e1ntico\u201d, con las 12 fotograf\u00edas ganadoras y acc\u00e9sits. El pasado viernes se inaugur\u00f3 la muestra y permanecer\u00e1 abierta hasta el 9 de enero (de lunes a viernes de 10 a 14 y de 17 a 20.30 h. S\u00e1bados de 10 a 14 h. Cerrado festivos).<\/p>\n<p style=\"text-align: justify;\"><a href=\"https:\/\/www.huelvaysusfotografos.com\/wp-content\/uploads\/2014\/12\/Cartel-Expo-foto-2.jpg\"><img loading=\"lazy\" decoding=\"async\" width=\"212\" height=\"300\" class=\"aligncenter size-medium wp-image-4032\" src=\"https:\/\/www.huelvaysusfotografos.com\/wp-content\/uploads\/2014\/12\/Cartel-Expo-foto-2-212x300.jpg\" alt=\"Cartel Expo foto (2)\" srcset=\"https:\/\/www.huelvaysusfotografos.com\/wp-content\/uploads\/2014\/12\/Cartel-Expo-foto-2-212x300.jpg 212w, https:\/\/www.huelvaysusfotografos.com\/wp-content\/uploads\/2014\/12\/Cartel-Expo-foto-2-724x1024.jpg 724w, https:\/\/www.huelvaysusfotografos.com\/wp-content\/uploads\/2014\/12\/Cartel-Expo-foto-2-768x1086.jpg 768w, https:\/\/www.huelvaysusfotografos.com\/wp-content\/uploads\/2014\/12\/Cartel-Expo-foto-2-1086x1536.jpg 1086w, https:\/\/www.huelvaysusfotografos.com\/wp-content\/uploads\/2014\/12\/Cartel-Expo-foto-2-1448x2048.jpg 1448w, https:\/\/www.huelvaysusfotografos.com\/wp-content\/uploads\/2014\/12\/Cartel-Expo-foto-2.jpg 1754w\" sizes=\"auto, (max-width: 212px) 100vw, 212px\" \/><\/a><\/p>\n<p style=\"text-align: center;\">Cartel de la Exposici\u00f3n<\/p>\n<p style=\"text-align: center;\"><a href=\"https:\/\/www.huelvaysusfotografos.com\/wp-content\/uploads\/2014\/12\/10329907_821823527873797_6037575323126179104_o.jpg\"><img loading=\"lazy\" decoding=\"async\" width=\"300\" height=\"200\" class=\"aligncenter size-medium wp-image-4038\" src=\"https:\/\/www.huelvaysusfotografos.com\/wp-content\/uploads\/2014\/12\/10329907_821823527873797_6037575323126179104_o-300x200.jpg\" alt=\"10329907_821823527873797_6037575323126179104_o\" srcset=\"https:\/\/www.huelvaysusfotografos.com\/wp-content\/uploads\/2014\/12\/10329907_821823527873797_6037575323126179104_o-300x200.jpg 300w, https:\/\/www.huelvaysusfotografos.com\/wp-content\/uploads\/2014\/12\/10329907_821823527873797_6037575323126179104_o-768x512.jpg 768w, https:\/\/www.huelvaysusfotografos.com\/wp-content\/uploads\/2014\/12\/10329907_821823527873797_6037575323126179104_o-120x80.jpg 120w, https:\/\/www.huelvaysusfotografos.com\/wp-content\/uploads\/2014\/12\/10329907_821823527873797_6037575323126179104_o.jpg 1024w\" sizes=\"auto, (max-width: 300px) 100vw, 300px\" \/><\/a><\/p>\n<p style=\"text-align: center;\">Momento de Inauguraci\u00f3n (Foto Carmen Torres)<\/p>\n<p style=\"text-align: center;\"><a href=\"https:\/\/www.huelvaysusfotografos.com\/wp-content\/uploads\/2014\/12\/10846202_820065901382893_5357752610796556508_n.jpg\"><img loading=\"lazy\" decoding=\"async\" width=\"300\" height=\"200\" class=\"aligncenter size-medium wp-image-4039\" src=\"https:\/\/www.huelvaysusfotografos.com\/wp-content\/uploads\/2014\/12\/10846202_820065901382893_5357752610796556508_n-300x200.jpg\" alt=\"10846202_820065901382893_5357752610796556508_n\" srcset=\"https:\/\/www.huelvaysusfotografos.com\/wp-content\/uploads\/2014\/12\/10846202_820065901382893_5357752610796556508_n-300x200.jpg 300w, https:\/\/www.huelvaysusfotografos.com\/wp-content\/uploads\/2014\/12\/10846202_820065901382893_5357752610796556508_n-768x512.jpg 768w, https:\/\/www.huelvaysusfotografos.com\/wp-content\/uploads\/2014\/12\/10846202_820065901382893_5357752610796556508_n-120x80.jpg 120w, https:\/\/www.huelvaysusfotografos.com\/wp-content\/uploads\/2014\/12\/10846202_820065901382893_5357752610796556508_n.jpg 960w\" sizes=\"auto, (max-width: 300px) 100vw, 300px\" \/><\/a><\/p>\n<p style=\"text-align: center;\">Visitantes a la Exposici\u00f3n (Foto Juana Mart\u00edn)<\/p>\n<p style=\"text-align: justify;\">A lo largo del a\u00f1o han sido muchos los aficionados y profesionales de la fotograf\u00eda que han participado en las diferentes ediciones, aportado cada uno de ellos su punto de vista, en algunos casos muy personal, de la tem\u00e1tica a fotografiar.\u00a0Os dejamos aqu\u00ed el listado de tem\u00e1ticas, fot\u00f3grafos y t\u00edtulos de obras, que pod\u00e9is encontrar cuando visit\u00e9is la Exposici\u00f3n:<\/p>\n<p style=\"color: #ff2500;\"><span style=\"color: #000080;\"><b>ENERO \u201cReflejos de mi ciudad\u201d<\/b><\/span><\/p>\n<ul>\n<li>Primer premio a <b>Aurora Mart\u00edn Mar\u00edn<\/b> con la imagen titulada \u201c<b>Miradas<\/b>\u201d<\/li>\n<li><i>Acc\u00e9sit a <\/i><b><i>David <\/i>\u00c9vora M\u00e1rquez<\/b><i>, con la imagen titulada \u201c<\/i><b><i>Distorsi\u00f3n<\/i><\/b><i>\u201d<\/i><\/li>\n<\/ul>\n<p style=\"color: #ff2500;\"><span style=\"color: #000080;\"><b>FEBRERO \u201cHuelva de noche\u201d\u00a0<\/b><\/span><\/p>\n<ul>\n<li>Primer premio a <b>Francisco Jos\u00e9 Falc\u00f3n Blanco<\/b> con la imagen titulada \u201c<b>Bajamar<\/b>\u201d<\/li>\n<\/ul>\n<p style=\"color: #ff2500;\"><span style=\"color: #000080;\"><b>MARZO \u201cLa primavera en un entorno urbano\u201d<\/b><\/span><\/p>\n<ul>\n<li>Primer premio a <b>David \u00c9vora M\u00e1rquez<\/b>\u00a0 con la imagen titulada \u201c<b>Huerta del Color<\/b>\u201d<\/li>\n<li><i>Acc\u00e9sit a: <\/i><b>Mauricio Hidalgo Herrera<\/b>, con la imagen titulada \u201c<b>En Huelva, azahar y primavera van de la mano\u201d<\/b>.<\/li>\n<li><i>Acc\u00e9sit a: <\/i><b>Manuel Silva G\u00f3mez<\/b>, con la imagen titulada <b>\u201cLa Joya en flor\u201d.<\/b><\/li>\n<\/ul>\n<p style=\"color: #ff2500;\"><span style=\"color: #000080;\"><b>ABRIL \u201cotra cara de la Semana Santa\u201d<\/b><\/span><\/p>\n<ul>\n<li>Primer premio a <b>Pilar Rodr\u00edguez Barranco <\/b>con la imagen titulada <b>\u201cT\u00fanica despu\u00e9s de la procesi\u00f3n\u201d de la Hdad.\u00a0 Oraci\u00f3n del Huerto.<\/b><\/li>\n<li>Acc\u00e9sit a: <b>Mar Revilla Vel\u00e1zquez<\/b>, por su imagen titulada <b>\u201cEmociones Nazarenas\u201d<\/b> <b>de la Hermandad de Estudiantes<\/b><\/li>\n<li><i>Acc\u00e9sit a:\u00a0 <\/i><b>Estanislao H. Garc\u00eda Rey<\/b>, por su imagen titulada <b>\u201cContrastes\u201d de la Hermandad de la Borriquita<\/b><\/li>\n<\/ul>\n<p style=\"color: #ff2500;\"><span style=\"color: #000080;\"><b>MAYO \u201cFotograf\u00eda Urbana\u201d<\/b><\/span><\/p>\n<ul>\n<li>Primer premio a <b>Pedro Jos\u00e9 Ruiz- Constantino P\u00e9rez <\/b>con la imagen titulada <b>\u201cVenta Ambulante\u201d.<\/b><\/li>\n<li>Acc\u00e9sit a <b>Francisco J. Fern\u00e1ndez G\u00f3mez<\/b> por su imagen titulada <b>\u201cInstante decisivo\u201d.<\/b><\/li>\n<\/ul>\n<p style=\"color: #ff2500;\"><span style=\"color: #000080;\"><b>JUNIO \u201cHuelva, blanca y azul\u201d<\/b><\/span><\/p>\n<ul>\n<li>Primer premio a<b> David \u00c9vora M\u00e1rquez <\/b>con la imagen titulada <b>\u201cLos colores de mi bandera\u201d.<\/b><\/li>\n<li>Acc\u00e9sit a\u00a0 <b>Francisco J. Fern\u00e1ndez G\u00f3mez<\/b> por su imagen titulada <b>\u201cH\u201d.\u00a0<\/b><\/li>\n<\/ul>\n<p style=\"color: #ff2500;\"><span style=\"color: #000080;\"><b>JULIO<\/b><b>\u201cLa Punta del Sebo y su monumento\u201d<\/b>\u00a0<\/span><\/p>\n<ul>\n<li>Primer premio a<b> Marcos M. G\u00f3mez Carmelo<\/b>\u00a0<b> <\/b>con la imagen titulada <b>\u201cAtardecer tras la Fe Descubridora\u201d.<\/b><\/li>\n<li>Acc\u00e9sit a <b>Alejandro Le\u00f3n Vilches<\/b>, por su imagen titulada <b>\u201cAtardece en la Punta del Sebo\u201d<\/b><\/li>\n<\/ul>\n<p style=\"color: #ff2500;\"><span style=\"color: #000080;\"><b>AGOSTO \u201cEl entorno de Marismas del Odiel\u201d\u00a0<\/b><\/span><\/p>\n<ul>\n<li>Primer premio a<b> Daniel P\u00e9rez Duarte <\/b>con la imagen titulada <b>\u201cVuelos del amanecer\u201d<\/b><\/li>\n<li>Acc\u00e9sit a <b>Carmen Torres Chaguaceda<\/b>, por su imagen titulada <b>\u201cDiagonal Salada\u201d<\/b><\/li>\n<\/ul>\n<p style=\"color: #ff2500;\"><b><span style=\"color: #000080;\">SEPTIEMBRE \u201cMercados de la ciudad de Huelva\u201d<\/span>\u00a0<\/b><\/p>\n<ul>\n<li>Primer premio a<b> Manuel Silva G\u00f3mez <\/b>con la imagen titulada \u201c<b>Churros a la antigua\u201d<\/b><\/li>\n<li>Acc\u00e9sit a <b>Aurora Mart\u00edn Mar\u00edn<\/b>, por su imagen titulada <b>\u201cLa calle de los puestos\u201d<\/b><\/li>\n<\/ul>\n<p style=\"color: #ff2500;\"><span style=\"color: #000080;\"><b>OCTUBRE \u201cLa vida cultural de la ciudad onubense\u201d\u00a0<\/b><\/span><\/p>\n<ul>\n<li>Primer premio a<b> David \u00c9vora M\u00e1rquez <\/b>con la imagen titulada <b>\u201cAl-\u00c1ndalus (Mercado Medieval, Plaza del Punto)\u201d<\/b><\/li>\n<li>Acc\u00e9sit a <b>Mar\u00eda Del Carmen P\u00e9rez Mu\u00f1oz<\/b> por su imagen titulada <b>\u201cLa cultura est\u00e1 en los libros\u201d.<\/b><\/li>\n<\/ul>\n<p style=\"color: #ff2500;\"><span style=\"color: #000080;\"><b>NOVIEMBRE \u201cHuelva entre nubes\u201d\u00a0<\/b><\/span><\/p>\n<ul>\n<li>Primer premio a<b> Alejandro Le\u00f3n Vilchez<\/b> con la imagen \u201dSobre e Muelle del Tinto, torres entre nubes\u201d<\/li>\n<li>Acc\u00e9sit a <b>Marcos M. G\u00f3mez Carmelo<\/b>\u00a0<b> <\/b>por su imagen titulada \u201cD\u00eda de tormenta\u201d<\/li>\n<\/ul>\n<p style=\"color: #ff2500;\"><span style=\"color: #000080;\"><b>DICIEMBRE \u201cEspacios interiores\u201d\u00a0<\/b><\/span><\/p>\n<ul>\n<li>Primer premio a<b> Marcos M. G\u00f3mez Carmelo<\/b>\u00a0<b> <\/b>con la imagen titulada <b>\u201cInterior Monumento a la Fe Descubridora\u201d<\/b><\/li>\n<li>Acc\u00e9sit a <b>Manuel Silva G\u00f3mez <\/b>con la imagen titulada <b>\u201cLuz y ambiente\u201d<\/b><\/li>\n<\/ul>\n","protected":false},"excerpt":{"rendered":"<p>Pues ya lleg\u00f3 a su fin la edici\u00f3n 2014 del concurso HUELVA A TRAV\u00c9S DE LA FOTOGRAF\u00cdA, organizado por la Concejal\u00eda de Turismo del Ayuntamiento de Huelva, en colaboraci\u00f3n con\u00a0nuestra\u00a0Asociaci\u00f3n \u201cHuelva y sus Fot\u00f3grafos\u201d y el Patrocinio de Elena S. Balonga- Fotograf\u00eda. Pero adem\u00e1s este a\u00f1o ha contado con la inestimable colaboraci\u00f3n de una serie de empresarios onubenses que es justo mencionar y agradecerles sus premios y bonos-regalos, han sido<\/p>\n<div class=\"belowpost\"><a class=\"btnmore\" href=\"https:\/\/www.huelvaysusfotografos.com\/?p=4031\">Seguir leyendo<\/a><\/div>\n","protected":false},"author":41,"featured_media":4037,"comment_status":"open","ping_status":"open","sticky":false,"template":"","format":"standard","meta":{"footnotes":"","_links_to":"","_links_to_target":""},"categories":[23],"tags":[],"class_list":["post-4031","post","type-post","status-publish","format-standard","has-post-thumbnail","hentry","category-exposiciones"],"_links":{"self":[{"href":"https:\/\/www.huelvaysusfotografos.com\/index.php?rest_route=\/wp\/v2\/posts\/4031","targetHints":{"allow":["GET"]}}],"collection":[{"href":"https:\/\/www.huelvaysusfotografos.com\/index.php?rest_route=\/wp\/v2\/posts"}],"about":[{"href":"https:\/\/www.huelvaysusfotografos.com\/index.php?rest_route=\/wp\/v2\/types\/post"}],"author":[{"embeddable":true,"href":"https:\/\/www.huelvaysusfotografos.com\/index.php?rest_route=\/wp\/v2\/users\/41"}],"replies":[{"embeddable":true,"href":"https:\/\/www.huelvaysusfotografos.com\/index.php?rest_route=%2Fwp%2Fv2%2Fcomments&post=4031"}],"version-history":[{"count":7,"href":"https:\/\/www.huelvaysusfotografos.com\/index.php?rest_route=\/wp\/v2\/posts\/4031\/revisions"}],"predecessor-version":[{"id":4042,"href":"https:\/\/www.huelvaysusfotografos.com\/index.php?rest_route=\/wp\/v2\/posts\/4031\/revisions\/4042"}],"wp:featuredmedia":[{"embeddable":true,"href":"https:\/\/www.huelvaysusfotografos.com\/index.php?rest_route=\/wp\/v2\/media\/4037"}],"wp:attachment":[{"href":"https:\/\/www.huelvaysusfotografos.com\/index.php?rest_route=%2Fwp%2Fv2%2Fmedia&parent=4031"}],"wp:term":[{"taxonomy":"category","embeddable":true,"href":"https:\/\/www.huelvaysusfotografos.com\/index.php?rest_route=%2Fwp%2Fv2%2Fcategories&post=4031"},{"taxonomy":"post_tag","embeddable":true,"href":"https:\/\/www.huelvaysusfotografos.com\/index.php?rest_route=%2Fwp%2Fv2%2Ftags&post=4031"}],"curies":[{"name":"wp","href":"https:\/\/api.w.org\/{rel}","templated":true}]}}