{"id":3995,"date":"2014-12-21T22:17:57","date_gmt":"2014-12-21T21:17:57","guid":{"rendered":"http:\/\/www.huelvaysusfotografos.com\/?p=3995"},"modified":"2014-12-21T22:19:33","modified_gmt":"2014-12-21T21:19:33","slug":"colaboramos-con-el-banco-de-alimentos-de-huelva","status":"publish","type":"post","link":"https:\/\/www.huelvaysusfotografos.com\/?p=3995","title":{"rendered":"Colaboramos con el Banco de Alimentos de Huelva"},"content":{"rendered":"<p style=\"text-align: justify;\">Quienes visiten nuestra exposici\u00f3n \u00ab7 PECADOS CAPITALES\u00bb en Casa Col\u00f3n, puede\u00a0colaborar con esta iniciativa solidaria. Desde el pasado 19 de diciembre, y hasta el 8 de enero de 11:00 a 14:00 h y de 17:30 a 21:00 h., estaremos en la Sala V\u00e1zquez D\u00edaz de la Casa Col\u00f3n, <strong>haciendo fotograf\u00edas a cambio de alimentos<\/strong>. Es una de esas\u00a0experiencia tipo \u00abuna foto por un kilo de alimento\u00bb.Nuestra asociaci\u00f3n\u00a0donar\u00e1 todos los alimentos recogidos al Banco de Alimentos de Huelva, y hacemos un llamamiento a los ciudadanos onubenses para que se sumen a esta iniciativa.<\/p>\n<p style=\"text-align: justify;\"><a href=\"https:\/\/www.huelvaysusfotografos.com\/wp-content\/uploads\/2014\/12\/10548110_10204469197464977_247527995769988207_o.jpg\"><img loading=\"lazy\" decoding=\"async\" width=\"300\" height=\"199\" class=\"aligncenter size-medium wp-image-4000\" src=\"https:\/\/www.huelvaysusfotografos.com\/wp-content\/uploads\/2014\/12\/10548110_10204469197464977_247527995769988207_o-300x199.jpg\" alt=\"10548110_10204469197464977_247527995769988207_o\" srcset=\"https:\/\/www.huelvaysusfotografos.com\/wp-content\/uploads\/2014\/12\/10548110_10204469197464977_247527995769988207_o-300x199.jpg 300w, https:\/\/www.huelvaysusfotografos.com\/wp-content\/uploads\/2014\/12\/10548110_10204469197464977_247527995769988207_o-1024x680.jpg 1024w, https:\/\/www.huelvaysusfotografos.com\/wp-content\/uploads\/2014\/12\/10548110_10204469197464977_247527995769988207_o-768x510.jpg 768w, https:\/\/www.huelvaysusfotografos.com\/wp-content\/uploads\/2014\/12\/10548110_10204469197464977_247527995769988207_o-1536x1020.jpg 1536w, https:\/\/www.huelvaysusfotografos.com\/wp-content\/uploads\/2014\/12\/10548110_10204469197464977_247527995769988207_o-120x80.jpg 120w, https:\/\/www.huelvaysusfotografos.com\/wp-content\/uploads\/2014\/12\/10548110_10204469197464977_247527995769988207_o.jpg 2048w\" sizes=\"auto, (max-width: 300px) 100vw, 300px\" \/><\/a><\/p>\n<p style=\"text-align: justify;\">\n<p style=\"text-align: center;\">Foto: Alicia Clerencia<\/p>\n<p style=\"text-align: justify;\">\n<p style=\"text-align: justify;\">Tenemos en la sala un precioso Photocall, que desinteresadamente Marcos Infante nos ha pintado, con un motivo muy onubense. Aquellas personas que quieran colaborar deber\u00e1n traer un kilo de alimento no perecedero (legumbres, galletas, cola coa, potitos, leche, conservas, &#8230;) y le haremos a cambio una fotograf\u00eda, que cada fot\u00f3grafo\/as\u00a0\u00a0remitir\u00e1 por correo electr\u00f3nico d\u00edas despu\u00e9s\u00a0a las personas fotografiadas.<\/p>\n<p><a href=\"https:\/\/www.huelvaysusfotografos.com\/wp-content\/uploads\/2014\/12\/10862530_10205682963376100_4519648413190263378_o.jpg\"><img loading=\"lazy\" decoding=\"async\" width=\"212\" height=\"300\" class=\"aligncenter size-medium wp-image-3996\" src=\"https:\/\/www.huelvaysusfotografos.com\/wp-content\/uploads\/2014\/12\/10862530_10205682963376100_4519648413190263378_o-212x300.jpg\" alt=\"10862530_10205682963376100_4519648413190263378_o\" srcset=\"https:\/\/www.huelvaysusfotografos.com\/wp-content\/uploads\/2014\/12\/10862530_10205682963376100_4519648413190263378_o-212x300.jpg 212w, https:\/\/www.huelvaysusfotografos.com\/wp-content\/uploads\/2014\/12\/10862530_10205682963376100_4519648413190263378_o-724x1024.jpg 724w, https:\/\/www.huelvaysusfotografos.com\/wp-content\/uploads\/2014\/12\/10862530_10205682963376100_4519648413190263378_o-768x1086.jpg 768w, https:\/\/www.huelvaysusfotografos.com\/wp-content\/uploads\/2014\/12\/10862530_10205682963376100_4519648413190263378_o-1086x1536.jpg 1086w, https:\/\/www.huelvaysusfotografos.com\/wp-content\/uploads\/2014\/12\/10862530_10205682963376100_4519648413190263378_o.jpg 1448w\" sizes=\"auto, (max-width: 212px) 100vw, 212px\" \/><\/a><\/p>\n<p>&nbsp;<\/p>\n<p style=\"text-align: center;\">Dise\u00f1o Cartel: Aurora Mart\u00edn<\/p>\n<p>\u00a0* Foto entrada: Cayetana Cumbreras<\/p>\n<p>&nbsp;<\/p>\n","protected":false},"excerpt":{"rendered":"<p>Quienes visiten nuestra exposici\u00f3n \u00ab7 PECADOS CAPITALES\u00bb en Casa Col\u00f3n, puede\u00a0colaborar con esta iniciativa solidaria. Desde el pasado 19 de diciembre, y hasta el 8 de enero de 11:00 a 14:00 h y de 17:30 a 21:00 h., estaremos en la Sala V\u00e1zquez D\u00edaz de la Casa Col\u00f3n, haciendo fotograf\u00edas a cambio de alimentos. Es una de esas\u00a0experiencia tipo \u00abuna foto por un kilo de alimento\u00bb.Nuestra asociaci\u00f3n\u00a0donar\u00e1 todos los alimentos<\/p>\n<div class=\"belowpost\"><a class=\"btnmore\" href=\"https:\/\/www.huelvaysusfotografos.com\/?p=3995\">Seguir leyendo<\/a><\/div>\n","protected":false},"author":41,"featured_media":3997,"comment_status":"open","ping_status":"open","sticky":false,"template":"","format":"standard","meta":{"footnotes":"","_links_to":"","_links_to_target":""},"categories":[3],"tags":[],"class_list":["post-3995","post","type-post","status-publish","format-standard","has-post-thumbnail","hentry","category-noticias"],"_links":{"self":[{"href":"https:\/\/www.huelvaysusfotografos.com\/index.php?rest_route=\/wp\/v2\/posts\/3995","targetHints":{"allow":["GET"]}}],"collection":[{"href":"https:\/\/www.huelvaysusfotografos.com\/index.php?rest_route=\/wp\/v2\/posts"}],"about":[{"href":"https:\/\/www.huelvaysusfotografos.com\/index.php?rest_route=\/wp\/v2\/types\/post"}],"author":[{"embeddable":true,"href":"https:\/\/www.huelvaysusfotografos.com\/index.php?rest_route=\/wp\/v2\/users\/41"}],"replies":[{"embeddable":true,"href":"https:\/\/www.huelvaysusfotografos.com\/index.php?rest_route=%2Fwp%2Fv2%2Fcomments&post=3995"}],"version-history":[{"count":7,"href":"https:\/\/www.huelvaysusfotografos.com\/index.php?rest_route=\/wp\/v2\/posts\/3995\/revisions"}],"predecessor-version":[{"id":4005,"href":"https:\/\/www.huelvaysusfotografos.com\/index.php?rest_route=\/wp\/v2\/posts\/3995\/revisions\/4005"}],"wp:featuredmedia":[{"embeddable":true,"href":"https:\/\/www.huelvaysusfotografos.com\/index.php?rest_route=\/wp\/v2\/media\/3997"}],"wp:attachment":[{"href":"https:\/\/www.huelvaysusfotografos.com\/index.php?rest_route=%2Fwp%2Fv2%2Fmedia&parent=3995"}],"wp:term":[{"taxonomy":"category","embeddable":true,"href":"https:\/\/www.huelvaysusfotografos.com\/index.php?rest_route=%2Fwp%2Fv2%2Fcategories&post=3995"},{"taxonomy":"post_tag","embeddable":true,"href":"https:\/\/www.huelvaysusfotografos.com\/index.php?rest_route=%2Fwp%2Fv2%2Ftags&post=3995"}],"curies":[{"name":"wp","href":"https:\/\/api.w.org\/{rel}","templated":true}]}}