{"id":3982,"date":"2014-12-18T07:07:10","date_gmt":"2014-12-18T06:07:10","guid":{"rendered":"http:\/\/www.huelvaysusfotografos.com\/?p=3982"},"modified":"2014-12-18T07:07:26","modified_gmt":"2014-12-18T06:07:26","slug":"exposicion-colectiva-de-huelva-y-sus-fotografos-7-pecados-capitales","status":"publish","type":"post","link":"https:\/\/www.huelvaysusfotografos.com\/?p=3982","title":{"rendered":"Exposici\u00f3n colectiva de HUELVA Y SUS FOT\u00d3GRAFOS&#8230; \u00ab7 Pecados Capitales\u00bb"},"content":{"rendered":"<p style=\"text-align: justify;\">Pues s\u00ed, tenemos nuevo proyecto expositivo para estas fechas tan especiales; bajo el t\u00edtulo \u00ab<strong>7 PECADOS CAPITALES<\/strong>\u00bb lo presentaremos el jueves 18 de diciembre en la Sala V\u00e1zquez D\u00edaz de la Casa Col\u00f3n, de Huelva.\u00a0Por cortes\u00eda de la Bodega Marqu\u00e9s de Villal\u00faa S.L. se ofrecer\u00e1 una copa de sus vinos j\u00f3venes blancos.<\/p>\n<p style=\"text-align: justify;\">Se trata de una muestra\u00a0colectiva de la \u00abAsociaci\u00f3n Huelva y sus Fot\u00f3grafos\u00bb en la que viene trabajando desde hace varios meses. Una valiente propuesta,\u00a0con la que se han atrevido\u00a027 fot\u00f3grafos y fot\u00f3grafas de nuestra asociaci\u00f3n: Mar\u00eda Jos\u00e9 Cabello, Juan Lobo, Pedro J. Ruiz-Constantino, Manolo Silva, Juan M. Brea, Adolfo Morales, Carmen Torres Chaguaceda, Cecilia Gilabert, Juana Mart\u00edn, Carolina Luengo, Antonio L. Porras, Elena S. Balonga, Carmelo V\u00e1zquez, Marcos G\u00f3mez, Mar Revilla, Cayetana Cumbreras, Flor N\u00fa\u00f1ez, Manolo Silva, Abel Rodr\u00edguez, Amaya S., Alicia Clerencia, Aurora Mart\u00edn, Pilar Rodr\u00edguez Barranco, Estanislao Garc\u00eda, Jos\u00e9 Antonio Contreras,\u00a0Reynus S\u00e1nchez y Dulfi.<\/p>\n<p style=\"text-align: center;\"><a href=\"https:\/\/www.huelvaysusfotografos.com\/wp-content\/uploads\/2014\/12\/10734092_10205608036742981_8206943371723838121_n.jpg\"><img loading=\"lazy\" decoding=\"async\" class=\"aligncenter wp-image-3984\" src=\"https:\/\/www.huelvaysusfotografos.com\/wp-content\/uploads\/2014\/12\/10734092_10205608036742981_8206943371723838121_n-211x300.jpg\" alt=\"10734092_10205608036742981_8206943371723838121_n\" width=\"150\" height=\"212\" \/><\/a>Dise\u00f1o de cartel Jos\u00e9 Antonio Contreras<\/p>\n<p style=\"text-align: justify;\">Este proyecto surgi\u00f3 de las inquietudes de sus miembros, constituyendo un aut\u00e9ntico reto para la creatividad. El tema \u201cLos siete pecados capitales\u201d abarca todas aquellas representaciones objetivas o subjetivas con que los fot\u00f3grafos perciben las emociones y comportamientos humanos conocidos como Ira, Envidia, Gula, Pereza, Lujuria, Soberbia y Avaricia. La interpretaci\u00f3n, por tanto, es libre de cada autor y enriquece de esa manera la muestra. Se trata de fotograf\u00edas digitales en blanco y negro o color, con t\u00e9cnicas libres de ejecuci\u00f3n.<\/p>\n<p style=\"text-align: justify;\">Como novedad con respecto a otras exposiciones, este a\u00f1o\u00a0colaboraremos con el <strong>Banco de Alimentos de Huelva.<\/strong> De tal manera, que durante los d\u00edas en que la muestra permanezca abierta (del 19 de diciembre al 8 de enero de 11:00 a 14:00 h y de 17:30 a 21:00 h.), pondremos en marcha una experiencia del tipo \u00ab<strong>una foto por un kilo de alimento<\/strong>\u00ab; se tendr\u00e1 dispuesto un Photocall en sala para aquellas personas que deseen colaborar (a cambio de un\u00a0kilo de alimento no perecedero) \u00a0se les har\u00e1 una fotograf\u00eda. La imagen se entregar\u00e1 por correo electr\u00f3nico d\u00edas despu\u00e9s de la toma fotogr\u00e1fica en formato JPG.<\/p>\n<p style=\"text-align: justify;\">Cabe destacar que han colaborado para la puesta en marcha de \u00ab7 Pecados Capitales\u00bb la Delegaci\u00f3n de Cultura del Ayuntamiento de Huelva, Dulfy Photograpy, el Cuarteto Vitamusica y \u00a0Bodegas Marqu\u00e9s de Villa\u00faa S.L.<\/p>\n<p style=\"text-align: justify;\">Os esperamos!!<\/p>\n<p style=\"text-align: justify;\">\n","protected":false},"excerpt":{"rendered":"<p>Pues s\u00ed, tenemos nuevo proyecto expositivo para estas fechas tan especiales; bajo el t\u00edtulo \u00ab7 PECADOS CAPITALES\u00bb lo presentaremos el jueves 18 de diciembre en la Sala V\u00e1zquez D\u00edaz de la Casa Col\u00f3n, de Huelva.\u00a0Por cortes\u00eda de la Bodega Marqu\u00e9s de Villal\u00faa S.L. se ofrecer\u00e1 una copa de sus vinos j\u00f3venes blancos. Se trata de una muestra\u00a0colectiva de la \u00abAsociaci\u00f3n Huelva y sus Fot\u00f3grafos\u00bb en la que viene trabajando desde<\/p>\n<div class=\"belowpost\"><a class=\"btnmore\" href=\"https:\/\/www.huelvaysusfotografos.com\/?p=3982\">Seguir leyendo<\/a><\/div>\n","protected":false},"author":41,"featured_media":3983,"comment_status":"open","ping_status":"open","sticky":false,"template":"","format":"standard","meta":{"footnotes":"","_links_to":"","_links_to_target":""},"categories":[23],"tags":[],"class_list":["post-3982","post","type-post","status-publish","format-standard","has-post-thumbnail","hentry","category-exposiciones"],"_links":{"self":[{"href":"https:\/\/www.huelvaysusfotografos.com\/index.php?rest_route=\/wp\/v2\/posts\/3982","targetHints":{"allow":["GET"]}}],"collection":[{"href":"https:\/\/www.huelvaysusfotografos.com\/index.php?rest_route=\/wp\/v2\/posts"}],"about":[{"href":"https:\/\/www.huelvaysusfotografos.com\/index.php?rest_route=\/wp\/v2\/types\/post"}],"author":[{"embeddable":true,"href":"https:\/\/www.huelvaysusfotografos.com\/index.php?rest_route=\/wp\/v2\/users\/41"}],"replies":[{"embeddable":true,"href":"https:\/\/www.huelvaysusfotografos.com\/index.php?rest_route=%2Fwp%2Fv2%2Fcomments&post=3982"}],"version-history":[{"count":9,"href":"https:\/\/www.huelvaysusfotografos.com\/index.php?rest_route=\/wp\/v2\/posts\/3982\/revisions"}],"predecessor-version":[{"id":3993,"href":"https:\/\/www.huelvaysusfotografos.com\/index.php?rest_route=\/wp\/v2\/posts\/3982\/revisions\/3993"}],"wp:featuredmedia":[{"embeddable":true,"href":"https:\/\/www.huelvaysusfotografos.com\/index.php?rest_route=\/wp\/v2\/media\/3983"}],"wp:attachment":[{"href":"https:\/\/www.huelvaysusfotografos.com\/index.php?rest_route=%2Fwp%2Fv2%2Fmedia&parent=3982"}],"wp:term":[{"taxonomy":"category","embeddable":true,"href":"https:\/\/www.huelvaysusfotografos.com\/index.php?rest_route=%2Fwp%2Fv2%2Fcategories&post=3982"},{"taxonomy":"post_tag","embeddable":true,"href":"https:\/\/www.huelvaysusfotografos.com\/index.php?rest_route=%2Fwp%2Fv2%2Ftags&post=3982"}],"curies":[{"name":"wp","href":"https:\/\/api.w.org\/{rel}","templated":true}]}}