{"id":3976,"date":"2014-12-12T21:52:46","date_gmt":"2014-12-12T20:52:46","guid":{"rendered":"http:\/\/www.huelvaysusfotografos.com\/?p=3976"},"modified":"2014-12-12T22:29:08","modified_gmt":"2014-12-12T21:29:08","slug":"juana-martin-presenta-una-mirada-una-sonrisa","status":"publish","type":"post","link":"https:\/\/www.huelvaysusfotografos.com\/?p=3976","title":{"rendered":"Juana Mart\u00edn presenta \u00abUna mirada, una sonrisa\u00bb"},"content":{"rendered":"<p style=\"text-align: justify;\"><a href=\"https:\/\/www.huelvaysusfotografos.com\/wp-content\/uploads\/2014\/12\/Cartel-expo-Una-mirada-una-sonrisa.jpg\"><img loading=\"lazy\" decoding=\"async\" width=\"300\" height=\"199\" class=\"aligncenter size-medium wp-image-3977\" src=\"https:\/\/www.huelvaysusfotografos.com\/wp-content\/uploads\/2014\/12\/Cartel-expo-Una-mirada-una-sonrisa-300x199.jpg\" alt=\"Para uso consulte con la fot\u00f3grafa (juana.martin@hotmail.com)\" srcset=\"https:\/\/www.huelvaysusfotografos.com\/wp-content\/uploads\/2014\/12\/Cartel-expo-Una-mirada-una-sonrisa-300x199.jpg 300w, https:\/\/www.huelvaysusfotografos.com\/wp-content\/uploads\/2014\/12\/Cartel-expo-Una-mirada-una-sonrisa-1024x680.jpg 1024w, https:\/\/www.huelvaysusfotografos.com\/wp-content\/uploads\/2014\/12\/Cartel-expo-Una-mirada-una-sonrisa-768x510.jpg 768w, https:\/\/www.huelvaysusfotografos.com\/wp-content\/uploads\/2014\/12\/Cartel-expo-Una-mirada-una-sonrisa-1536x1020.jpg 1536w, https:\/\/www.huelvaysusfotografos.com\/wp-content\/uploads\/2014\/12\/Cartel-expo-Una-mirada-una-sonrisa-2048x1360.jpg 2048w, https:\/\/www.huelvaysusfotografos.com\/wp-content\/uploads\/2014\/12\/Cartel-expo-Una-mirada-una-sonrisa-120x80.jpg 120w\" sizes=\"auto, (max-width: 300px) 100vw, 300px\" \/><\/a><\/p>\n<p style=\"color: #141923; text-align: justify;\">Un total de 26 fotograf\u00eda componen la exposici\u00f3n \u201cUna mirada, una sonrisa\u201d. Esta muestra supone para Juana Mart\u00edn, su autora, una mirada atr\u00e1s, un sentir <i>la mirada, y <\/i>un regalo de sonrisas. Surge en el verano de 2014, cuando se desarrollaba en el Colegio Onuba de la Barriada \u201cEl Torrej\u00f3n\u201d, la Escuela de Verano para menores. La exposici\u00f3n es una colecci\u00f3n de retratos de esos ni\u00f1os y ni\u00f1as, que amablemente posaron ante la c\u00e1mara con su mejor mirada y con su mejor sonrisa.<\/p>\n<p style=\"color: #141923; text-align: justify;\">La exposici\u00f3n se inaugur\u00f3 el pasado 11 de diciembre en el Centro Social de \u201cEl Torrej\u00f3n\u201d, al que asistieron multitud de familias del barrio acompa\u00f1adas por ni\u00f1os que disfrutaron de las expresivas im\u00e1genes de los peque\u00f1os retratados. Se podr\u00e1 visitar hasta el 23 de diciembre, de lunes a viernes en horario de ma\u00f1ana y las tardes del lunes y jueves.<\/p>\n<p style=\"color: #141923; text-align: justify;\">Juana Mart\u00edn se cri\u00f3 en el Barrio y sigue vinculada a \u00e9l aunque en la actualidad no vive en la zona. Estudi\u00f3 Fotograf\u00eda en la Escuela de Artes Le\u00f3n Ortega de Huelva, se diplom\u00f3 en Educaci\u00f3n Social por la Universidad de Huelva y se licenci\u00f3 en Pedagog\u00eda por la Universidad de Sevilla, actualmente desarrolla su Tesis Doctoral. \u00a0En el campo de la fotograf\u00eda, afirma tener especial inclinaci\u00f3n por los retratos y el autorretrato, aunque su pasi\u00f3n es la fotograf\u00eda en s\u00ed. Ha realizado multitud de exposiciones individuales y colectivas, pertenece a la Asociaci\u00f3n \u201cHuelva y sus Fot\u00f3grafos\u201d y sigue form\u00e1ndose en esta disciplina que en los \u00faltimos a\u00f1os se ha vuelto tan tecnol\u00f3gica.<\/p>\n<p style=\"text-align: justify;\">Juana Mart\u00edn, no quiere dejar pasar esta oportunidad para agradecer el apoyo que ha tenido de diferentes entidades y personas, tales como su familia m\u00e1s cercana; la Fundaci\u00f3n Valcocco; la Oficina T\u00e9cnica del Distrito V de Huelva, el Equipo Municipal de Servicios Sociales; el Programa de Desarrollo Gitano; los Medios de Comunicaci\u00f3n Local; a la Asociaci\u00f3n Huelva y sus Fot\u00f3grafos, a las monitores de Escuela de Verano; los padres, madres y dem\u00e1s familiares que le permitieron fotografiar a sus ni\u00f1os y ni\u00f1as y por supuesto los 26 ni\u00f1os y ni\u00f1as que me regalaron unas miradas espectaculares<\/p>\n<p style=\"text-align: center;\">\u00a0<a href=\"https:\/\/www.huelvaysusfotografos.com\/wp-content\/uploads\/2014\/12\/10847061_10205180137721282_1761140884_n.jpg\"><img loading=\"lazy\" decoding=\"async\" width=\"300\" height=\"225\" class=\"aligncenter size-medium wp-image-3980\" src=\"https:\/\/www.huelvaysusfotografos.com\/wp-content\/uploads\/2014\/12\/10847061_10205180137721282_1761140884_n-300x225.jpg\" alt=\"10847061_10205180137721282_1761140884_n\" srcset=\"https:\/\/www.huelvaysusfotografos.com\/wp-content\/uploads\/2014\/12\/10847061_10205180137721282_1761140884_n-300x225.jpg 300w, https:\/\/www.huelvaysusfotografos.com\/wp-content\/uploads\/2014\/12\/10847061_10205180137721282_1761140884_n-768x576.jpg 768w, https:\/\/www.huelvaysusfotografos.com\/wp-content\/uploads\/2014\/12\/10847061_10205180137721282_1761140884_n-160x120.jpg 160w, https:\/\/www.huelvaysusfotografos.com\/wp-content\/uploads\/2014\/12\/10847061_10205180137721282_1761140884_n.jpg 800w\" sizes=\"auto, (max-width: 300px) 100vw, 300px\" \/><\/a>Momento del acto de inauguraci\u00f3n, junto algunas fotograf\u00edas<\/p>\n<p style=\"color: #141923;\">Para saber m\u00e1s:<\/p>\n<p style=\"color: #141923;\"><a href=\"http:\/\/juanamartin.wix.com\/fotografia\">http:\/\/juanamartin.wix.com\/fotografia<\/a><\/p>\n<p style=\"color: #141923;\"><a href=\"https:\/\/www.flickr.com\/photos\/juanamartin\/\">https:\/\/www.flickr.com\/photos\/juanamartin\/<\/a><\/p>\n<p style=\"color: #141923;\"><a href=\"https:\/\/www.facebook.com\/juanamaria.martininfantes\">https:\/\/www.facebook.com\/juanamaria.martininfantes<\/a><\/p>\n<p>&nbsp;<\/p>\n","protected":false},"excerpt":{"rendered":"<p>Un total de 26 fotograf\u00eda componen la exposici\u00f3n \u201cUna mirada, una sonrisa\u201d. Esta muestra supone para Juana Mart\u00edn, su autora, una mirada atr\u00e1s, un sentir la mirada, y un regalo de sonrisas. Surge en el verano de 2014, cuando se desarrollaba en el Colegio Onuba de la Barriada \u201cEl Torrej\u00f3n\u201d, la Escuela de Verano para menores. La exposici\u00f3n es una colecci\u00f3n de retratos de esos ni\u00f1os y ni\u00f1as, que amablemente<\/p>\n<div class=\"belowpost\"><a class=\"btnmore\" href=\"https:\/\/www.huelvaysusfotografos.com\/?p=3976\">Seguir leyendo<\/a><\/div>\n","protected":false},"author":41,"featured_media":3978,"comment_status":"open","ping_status":"open","sticky":false,"template":"","format":"standard","meta":{"footnotes":"","_links_to":"","_links_to_target":""},"categories":[23],"tags":[],"class_list":["post-3976","post","type-post","status-publish","format-standard","has-post-thumbnail","hentry","category-exposiciones"],"_links":{"self":[{"href":"https:\/\/www.huelvaysusfotografos.com\/index.php?rest_route=\/wp\/v2\/posts\/3976","targetHints":{"allow":["GET"]}}],"collection":[{"href":"https:\/\/www.huelvaysusfotografos.com\/index.php?rest_route=\/wp\/v2\/posts"}],"about":[{"href":"https:\/\/www.huelvaysusfotografos.com\/index.php?rest_route=\/wp\/v2\/types\/post"}],"author":[{"embeddable":true,"href":"https:\/\/www.huelvaysusfotografos.com\/index.php?rest_route=\/wp\/v2\/users\/41"}],"replies":[{"embeddable":true,"href":"https:\/\/www.huelvaysusfotografos.com\/index.php?rest_route=%2Fwp%2Fv2%2Fcomments&post=3976"}],"version-history":[{"count":2,"href":"https:\/\/www.huelvaysusfotografos.com\/index.php?rest_route=\/wp\/v2\/posts\/3976\/revisions"}],"predecessor-version":[{"id":3981,"href":"https:\/\/www.huelvaysusfotografos.com\/index.php?rest_route=\/wp\/v2\/posts\/3976\/revisions\/3981"}],"wp:featuredmedia":[{"embeddable":true,"href":"https:\/\/www.huelvaysusfotografos.com\/index.php?rest_route=\/wp\/v2\/media\/3978"}],"wp:attachment":[{"href":"https:\/\/www.huelvaysusfotografos.com\/index.php?rest_route=%2Fwp%2Fv2%2Fmedia&parent=3976"}],"wp:term":[{"taxonomy":"category","embeddable":true,"href":"https:\/\/www.huelvaysusfotografos.com\/index.php?rest_route=%2Fwp%2Fv2%2Fcategories&post=3976"},{"taxonomy":"post_tag","embeddable":true,"href":"https:\/\/www.huelvaysusfotografos.com\/index.php?rest_route=%2Fwp%2Fv2%2Ftags&post=3976"}],"curies":[{"name":"wp","href":"https:\/\/api.w.org\/{rel}","templated":true}]}}