{"id":3952,"date":"2014-12-05T23:04:51","date_gmt":"2014-12-05T22:04:51","guid":{"rendered":"http:\/\/www.huelvaysusfotografos.com\/?p=3952"},"modified":"2015-07-26T19:17:31","modified_gmt":"2015-07-26T18:17:31","slug":"exposicion-de-mar-revilla-en-ayamonte","status":"publish","type":"post","link":"https:\/\/www.huelvaysusfotografos.com\/?p=3952","title":{"rendered":"Exposici\u00f3n de Mar Revilla en Ayamonte"},"content":{"rendered":"<p style=\"color: #000000;\"><em>Desde mis ojos , cumpliendo sue\u00f1os<\/em>. As\u00ed nos la expresa su autora, y sigue:<\/p>\n<p style=\"color: #000000; text-align: justify;\"><em>No puedo expresar de otra manera lo que me est\u00e1 regalando esta exposici\u00f3n fotogr\u00e1fica. Parece que fue ayer cuando recib\u00ed la llamada del IAJ d\u00e1ndome la oportunidad de exponer mis obras el pasado febrero. Todo un c\u00famulo de emociones, inquietudes y nervios muchos nervios. El apoyo de toda mi gente fue un impulso para conseguir que desde mis ojos fuese toda una realidad, es por ello que desde aqu\u00ed quiero dedicar cada una de estas exposiciones a una persona muy especial y que ayud\u00f3 a que este proyecto se realizara y que nos abandon\u00f3 a comienzos de esta aventura&#8230; \u00a1Va por ti!<\/em><\/p>\n<p style=\"color: #000000; text-align: justify;\"><em>Desde mis ojos ha ido creciendo tanto a nivel profesional, n\u00famero de obras, compa\u00f1erimo ganas de crecer en el mundo fotogr\u00e1fico. Tras pasar por el IAJ, Centro de Visitantes \u00abHuelva, Puerta del Atl\u00e1ntico\u00bb, Sala de Exposiciones del Teatro del Mar (Punta Umbr\u00eda) y Centro Socio Cultural Jes\u00fas Quintero (San Juan del Puerto), estaremos en Ayamonte en la Sala de Exposiciones Las Tinajas de Casa Grande, del 12 de diciembre al 14 de enero de 2015, en horario de visita de lunes a viernes de 10 a 14h y 16,30 a 20,15 h y s\u00e1bados de 10 a 13h. \u00a0<\/em><em>Veinte fotograf\u00edas cargadas de sentimientos, rincones con encanto de diversas partes del mundo, pureza de miradas encontradas y la sensibilidad de la naturaleza. Un paseo por mi trayectoria fotogr\u00e1fica y por mi alma, viajando por las emociones.\u00bb<\/em><\/p>\n<p style=\"color: #000000;\">La exposici\u00f3n seguir\u00e1 visitando otros municipios onubenses, en febrero se tiene previsto exponer en\u00a0el Centro Cultural de Aljaraque.<\/p>\n<p style=\"color: #000000;\">Te deseamos suerte en tu andadura!!<\/p>\n<p style=\"color: #000000;\"><a href=\"https:\/\/www.huelvaysusfotografos.com\/wp-content\/uploads\/2014\/12\/BAJO-LAS-NUBES-f-72PX.jpg\"><img loading=\"lazy\" decoding=\"async\" width=\"214\" height=\"300\" class=\"aligncenter size-medium wp-image-3954\" src=\"https:\/\/www.huelvaysusfotografos.com\/wp-content\/uploads\/2014\/12\/BAJO-LAS-NUBES-f-72PX-214x300.jpg\" alt=\"BAJO LAS NUBES f 72PX\" srcset=\"https:\/\/www.huelvaysusfotografos.com\/wp-content\/uploads\/2014\/12\/BAJO-LAS-NUBES-f-72PX-214x300.jpg 214w, https:\/\/www.huelvaysusfotografos.com\/wp-content\/uploads\/2014\/12\/BAJO-LAS-NUBES-f-72PX-731x1024.jpg 731w, https:\/\/www.huelvaysusfotografos.com\/wp-content\/uploads\/2014\/12\/BAJO-LAS-NUBES-f-72PX-768x1075.jpg 768w, https:\/\/www.huelvaysusfotografos.com\/wp-content\/uploads\/2014\/12\/BAJO-LAS-NUBES-f-72PX-1097x1536.jpg 1097w, https:\/\/www.huelvaysusfotografos.com\/wp-content\/uploads\/2014\/12\/BAJO-LAS-NUBES-f-72PX.jpg 1417w\" sizes=\"auto, (max-width: 214px) 100vw, 214px\" \/><\/a> <a href=\"https:\/\/www.huelvaysusfotografos.com\/wp-content\/uploads\/2014\/12\/CAMINOS-DE-HIERRO-f-72PX.jpg\"><img loading=\"lazy\" decoding=\"async\" width=\"200\" height=\"300\" class=\"aligncenter size-medium wp-image-3955\" src=\"https:\/\/www.huelvaysusfotografos.com\/wp-content\/uploads\/2014\/12\/CAMINOS-DE-HIERRO-f-72PX-200x300.jpg\" alt=\"CAMINOS DE HIERRO f 72PX\" srcset=\"https:\/\/www.huelvaysusfotografos.com\/wp-content\/uploads\/2014\/12\/CAMINOS-DE-HIERRO-f-72PX-200x300.jpg 200w, https:\/\/www.huelvaysusfotografos.com\/wp-content\/uploads\/2014\/12\/CAMINOS-DE-HIERRO-f-72PX-683x1024.jpg 683w, https:\/\/www.huelvaysusfotografos.com\/wp-content\/uploads\/2014\/12\/CAMINOS-DE-HIERRO-f-72PX-768x1152.jpg 768w, https:\/\/www.huelvaysusfotografos.com\/wp-content\/uploads\/2014\/12\/CAMINOS-DE-HIERRO-f-72PX-1024x1536.jpg 1024w, https:\/\/www.huelvaysusfotografos.com\/wp-content\/uploads\/2014\/12\/CAMINOS-DE-HIERRO-f-72PX.jpg 1134w\" sizes=\"auto, (max-width: 200px) 100vw, 200px\" \/><\/a> <a href=\"https:\/\/www.huelvaysusfotografos.com\/wp-content\/uploads\/2014\/12\/DELICADEZA-f-72PX.jpg\"><img loading=\"lazy\" decoding=\"async\" width=\"214\" height=\"300\" class=\"aligncenter size-medium wp-image-3956\" src=\"https:\/\/www.huelvaysusfotografos.com\/wp-content\/uploads\/2014\/12\/DELICADEZA-f-72PX-214x300.jpg\" alt=\"DELICADEZA f 72PX\" srcset=\"https:\/\/www.huelvaysusfotografos.com\/wp-content\/uploads\/2014\/12\/DELICADEZA-f-72PX-214x300.jpg 214w, https:\/\/www.huelvaysusfotografos.com\/wp-content\/uploads\/2014\/12\/DELICADEZA-f-72PX-731x1024.jpg 731w, https:\/\/www.huelvaysusfotografos.com\/wp-content\/uploads\/2014\/12\/DELICADEZA-f-72PX-768x1075.jpg 768w, https:\/\/www.huelvaysusfotografos.com\/wp-content\/uploads\/2014\/12\/DELICADEZA-f-72PX-1097x1536.jpg 1097w, https:\/\/www.huelvaysusfotografos.com\/wp-content\/uploads\/2014\/12\/DELICADEZA-f-72PX.jpg 1417w\" sizes=\"auto, (max-width: 214px) 100vw, 214px\" \/><\/a><\/p>\n<p style=\"color: #000000;\">\n","protected":false},"excerpt":{"rendered":"<p>Desde mis ojos , cumpliendo sue\u00f1os. As\u00ed nos la expresa su autora, y sigue: No puedo expresar de otra manera lo que me est\u00e1 regalando esta exposici\u00f3n fotogr\u00e1fica. Parece que fue ayer cuando recib\u00ed la llamada del IAJ d\u00e1ndome la oportunidad de exponer mis obras el pasado febrero. Todo un c\u00famulo de emociones, inquietudes y nervios muchos nervios. El apoyo de toda mi gente fue un impulso para conseguir que<\/p>\n<div class=\"belowpost\"><a class=\"btnmore\" href=\"https:\/\/www.huelvaysusfotografos.com\/?p=3952\">Seguir leyendo<\/a><\/div>\n","protected":false},"author":41,"featured_media":3953,"comment_status":"open","ping_status":"open","sticky":false,"template":"","format":"standard","meta":{"footnotes":"","_links_to":"","_links_to_target":""},"categories":[23],"tags":[],"class_list":["post-3952","post","type-post","status-publish","format-standard","has-post-thumbnail","hentry","category-exposiciones"],"_links":{"self":[{"href":"https:\/\/www.huelvaysusfotografos.com\/index.php?rest_route=\/wp\/v2\/posts\/3952","targetHints":{"allow":["GET"]}}],"collection":[{"href":"https:\/\/www.huelvaysusfotografos.com\/index.php?rest_route=\/wp\/v2\/posts"}],"about":[{"href":"https:\/\/www.huelvaysusfotografos.com\/index.php?rest_route=\/wp\/v2\/types\/post"}],"author":[{"embeddable":true,"href":"https:\/\/www.huelvaysusfotografos.com\/index.php?rest_route=\/wp\/v2\/users\/41"}],"replies":[{"embeddable":true,"href":"https:\/\/www.huelvaysusfotografos.com\/index.php?rest_route=%2Fwp%2Fv2%2Fcomments&post=3952"}],"version-history":[{"count":4,"href":"https:\/\/www.huelvaysusfotografos.com\/index.php?rest_route=\/wp\/v2\/posts\/3952\/revisions"}],"predecessor-version":[{"id":3963,"href":"https:\/\/www.huelvaysusfotografos.com\/index.php?rest_route=\/wp\/v2\/posts\/3952\/revisions\/3963"}],"wp:featuredmedia":[{"embeddable":true,"href":"https:\/\/www.huelvaysusfotografos.com\/index.php?rest_route=\/wp\/v2\/media\/3953"}],"wp:attachment":[{"href":"https:\/\/www.huelvaysusfotografos.com\/index.php?rest_route=%2Fwp%2Fv2%2Fmedia&parent=3952"}],"wp:term":[{"taxonomy":"category","embeddable":true,"href":"https:\/\/www.huelvaysusfotografos.com\/index.php?rest_route=%2Fwp%2Fv2%2Fcategories&post=3952"},{"taxonomy":"post_tag","embeddable":true,"href":"https:\/\/www.huelvaysusfotografos.com\/index.php?rest_route=%2Fwp%2Fv2%2Ftags&post=3952"}],"curies":[{"name":"wp","href":"https:\/\/api.w.org\/{rel}","templated":true}]}}