{"id":3936,"date":"2014-12-03T18:13:39","date_gmt":"2014-12-03T17:13:39","guid":{"rendered":"http:\/\/www.huelvaysusfotografos.com\/?p=3936"},"modified":"2014-12-03T18:13:39","modified_gmt":"2014-12-03T17:13:39","slug":"hidrosoluble-nueva-exposicion-de-reynus","status":"publish","type":"post","link":"https:\/\/www.huelvaysusfotografos.com\/?p=3936","title":{"rendered":"HIDROSOLUBLE, nueva exposici\u00f3n de REYNUS"},"content":{"rendered":"<p>Aconsejamos ver\u00a0video que nuestro compa\u00f1ero Adolfo Morales, ha editado para esta propuesta:<\/p>\n<p><a href=\"https:\/\/www.facebook.com\/video.php?v=729698697117090&amp;set=vb.100002309002169&amp;type=2&amp;theater\">https:\/\/www.facebook.com\/video.php?v=729698697117090&amp;set=vb.100002309002169&amp;type=2&amp;theater<\/a><\/p>\n<p style=\"text-align: justify;\"><a href=\"https:\/\/www.huelvaysusfotografos.com\/wp-content\/uploads\/2014\/12\/1499495_566090860202902_3772954363688024228_n.jpg\"><img loading=\"lazy\" decoding=\"async\" width=\"212\" height=\"300\" class=\"aligncenter size-medium wp-image-3937\" src=\"https:\/\/www.huelvaysusfotografos.com\/wp-content\/uploads\/2014\/12\/1499495_566090860202902_3772954363688024228_n-212x300.jpg\" alt=\"1499495_566090860202902_3772954363688024228_n\" srcset=\"https:\/\/www.huelvaysusfotografos.com\/wp-content\/uploads\/2014\/12\/1499495_566090860202902_3772954363688024228_n-212x300.jpg 212w, https:\/\/www.huelvaysusfotografos.com\/wp-content\/uploads\/2014\/12\/1499495_566090860202902_3772954363688024228_n.jpg 566w\" sizes=\"auto, (max-width: 212px) 100vw, 212px\" \/><\/a>No sabemos mucho&#8230; hay que acercarse y verlo, nuestro compa\u00f1ero Rafa, conocido art\u00edsticamente como \u00abReynus\u00bb, nos presenta esta misma tarde, 3 de diciembre a las 19.00 horas (segunda convocatoria a las 20.00 h.) su proyecto fotogr\u00e1fico \u00abHidrosoluble. Una historia del asfalto\u00bb.<\/p>\n<p style=\"text-align: justify;\">Una colecci\u00f3n en la que lleva trabajando varios meses y que toma forma de proyecto expositivo mostrado en la Cafeter\u00eda Mor\u00e1rabes, sito en la Calle Moz\u00e1rabes 12, de la capital onubense.<\/p>\n<p style=\"text-align: justify;\">Si quieres saber m\u00e1s de este gran artista, puedes visitar su web (www.reynus.com) o su Facebook (Reynus Fotografisto). Pero lo mejor ser\u00e1 que acudas a la inauguraci\u00f3n de esta tarde para conocerlo personalmente.<\/p>\n<p>Os esperamos!<\/p>\n<p>&nbsp;<\/p>\n","protected":false},"excerpt":{"rendered":"<p>Aconsejamos ver\u00a0video que nuestro compa\u00f1ero Adolfo Morales, ha editado para esta propuesta: https:\/\/www.facebook.com\/video.php?v=729698697117090&amp;set=vb.100002309002169&amp;type=2&amp;theater No sabemos mucho&#8230; hay que acercarse y verlo, nuestro compa\u00f1ero Rafa, conocido art\u00edsticamente como \u00abReynus\u00bb, nos presenta esta misma tarde, 3 de diciembre a las 19.00 horas (segunda convocatoria a las 20.00 h.) su proyecto fotogr\u00e1fico \u00abHidrosoluble. Una historia del asfalto\u00bb. Una colecci\u00f3n en la que lleva trabajando varios meses y que toma forma de proyecto expositivo<\/p>\n<div class=\"belowpost\"><a class=\"btnmore\" href=\"https:\/\/www.huelvaysusfotografos.com\/?p=3936\">Seguir leyendo<\/a><\/div>\n","protected":false},"author":41,"featured_media":3938,"comment_status":"open","ping_status":"open","sticky":false,"template":"","format":"standard","meta":{"footnotes":"","_links_to":"","_links_to_target":""},"categories":[23],"tags":[],"class_list":["post-3936","post","type-post","status-publish","format-standard","has-post-thumbnail","hentry","category-exposiciones"],"_links":{"self":[{"href":"https:\/\/www.huelvaysusfotografos.com\/index.php?rest_route=\/wp\/v2\/posts\/3936","targetHints":{"allow":["GET"]}}],"collection":[{"href":"https:\/\/www.huelvaysusfotografos.com\/index.php?rest_route=\/wp\/v2\/posts"}],"about":[{"href":"https:\/\/www.huelvaysusfotografos.com\/index.php?rest_route=\/wp\/v2\/types\/post"}],"author":[{"embeddable":true,"href":"https:\/\/www.huelvaysusfotografos.com\/index.php?rest_route=\/wp\/v2\/users\/41"}],"replies":[{"embeddable":true,"href":"https:\/\/www.huelvaysusfotografos.com\/index.php?rest_route=%2Fwp%2Fv2%2Fcomments&post=3936"}],"version-history":[{"count":3,"href":"https:\/\/www.huelvaysusfotografos.com\/index.php?rest_route=\/wp\/v2\/posts\/3936\/revisions"}],"predecessor-version":[{"id":3941,"href":"https:\/\/www.huelvaysusfotografos.com\/index.php?rest_route=\/wp\/v2\/posts\/3936\/revisions\/3941"}],"wp:featuredmedia":[{"embeddable":true,"href":"https:\/\/www.huelvaysusfotografos.com\/index.php?rest_route=\/wp\/v2\/media\/3938"}],"wp:attachment":[{"href":"https:\/\/www.huelvaysusfotografos.com\/index.php?rest_route=%2Fwp%2Fv2%2Fmedia&parent=3936"}],"wp:term":[{"taxonomy":"category","embeddable":true,"href":"https:\/\/www.huelvaysusfotografos.com\/index.php?rest_route=%2Fwp%2Fv2%2Fcategories&post=3936"},{"taxonomy":"post_tag","embeddable":true,"href":"https:\/\/www.huelvaysusfotografos.com\/index.php?rest_route=%2Fwp%2Fv2%2Ftags&post=3936"}],"curies":[{"name":"wp","href":"https:\/\/api.w.org\/{rel}","templated":true}]}}