{"id":3901,"date":"2015-01-05T21:00:17","date_gmt":"2015-01-05T20:00:17","guid":{"rendered":"http:\/\/www.huelvaysusfotografos.com\/?p=3901"},"modified":"2015-01-05T21:09:33","modified_gmt":"2015-01-05T20:09:33","slug":"14-de-72","status":"publish","type":"post","link":"https:\/\/www.huelvaysusfotografos.com\/?p=3901","title":{"rendered":"14 de 72"},"content":{"rendered":"<p>Volvemos con esta serie de art\u00edculos donde presentamos a dos de nuestros socios y grandes aficionados a la fotograf\u00eda.<\/p>\n<p>&nbsp;<\/p>\n<h1>Juan Mat\u00edas Brea Prieto<\/h1>\n<p style=\"text-align: justify;\">Siempre fue para m\u00ed una ilusi\u00f3n dormida, hasta la era digital, donde comenc\u00e9 el apasionante viaje que es esto de la fotograf\u00eda. Ver\u00e9is todo empez\u00f3 con la adquisici\u00f3n por mi parte de mi primera c\u00e1mara compacta digital, la HP Photosmart 735, hasta aqu\u00ed todo normal, hasta que un d\u00eda tuve la fortuna de hacer una foto algo especial, fue un puesta de sol con el muelle de carga de mineral como protagonista y unas nubes juguetonas que pasaban por all\u00ed de fondo. Sab\u00eda que la foto era bonita, le di un retoque \u201cHDR\u201d y se\u00f1ores lo vi claro, eso era lo que andaba buscando, ese tipo de fotograf\u00edas que me encantan de hacer, r\u00e1pidamente comprend\u00ed que necesitaba \u201cotra cosa\u201d, una c\u00e1mara que me diera m\u00e1s calidad, y fue as\u00ed con esta foto, donde empez\u00f3 todo, despu\u00e9s una cosa llev\u00f3 a la otra\u2026<\/p>\n<p style=\"text-align: justify;\">\u2026y un buen d\u00eda de Julio de 2008 me planto en un gran centro comercial de la capital y me pillo una Nikon D40, no ten\u00eda ni idea de r\u00e9flex as\u00ed que no dude ni un segundo, la m\u00e1s barata. WOW como me alegr\u00e9 de adquirir aquella joya, enseguida conectamos, poco a poco fui descubriendo c\u00f3mo funcionaba, primero en autom\u00e1tico, si si en modo auto (no ten\u00eda ni idea de c\u00f3mo funcionaba el cacharro), m\u00e1s tarde en manual del que ya no me muevo (99,8% en manual), fueron llegando objetivos, tr\u00edpode, disparador, flashes, nuevos cuerpos de c\u00e1mara, etc\u2026 (M\u00e1s bien largo etc.).<\/p>\n<p style=\"text-align: justify;\">Me encanta fotografiar atardeceres, y me apasionan las nubes, la fotograf\u00eda cofrade tambi\u00e9n me atrae y los retratos (donde a\u00fan estoy en pa\u00f1ales) sea tal vez lo que m\u00e1s me guste (aunque hago pocos), me gusta el detalle, la esencia, lo natural, lo espontaneo y lo original.<br \/>\nTengo miedo, en realidad no es miedo, porque veo que es algo muy improbable (al menos a d\u00eda de hoy), de que llegue el d\u00eda en que me aburra de disparar\u2026<br \/>\nIlusi\u00f3n por aprender, por crecer como fot\u00f3grafo, de enriquecerme (no de forma monetaria), de sumergirme m\u00e1s y m\u00e1s en esto de la fotograf\u00eda, ilusi\u00f3n por encontrar nuevos canales de comunicaci\u00f3n, de rizar el rizo, de surfear las olas (fotogr\u00e1ficamente hablando)\u2026en definitiva tengo la ilusi\u00f3n de seguir sinti\u00e9ndome atrapado por la magia de la fotograf\u00eda.<\/p>\n<p style=\"text-align: justify;\">No tengo referentes, no he seguido ni sigo la obra de ning\u00fan fot\u00f3grafo en particular, soy un inculto en este campo, me gusta Chema Madoz, su forma de atraparme y hacerme preguntas al ver sus fotos, me fascina. Tambi\u00e9n me gusta mucho el trabajo de Helmut Newton, y las fotos de Dorothea Lange son incre\u00edbles, en definitiva, tengo muchos grandes fot\u00f3grafos por descubrir, por fortuna para m\u00ed.<\/p>\n<p style=\"text-align: justify;\">Espero seguir disfrutando, seguir creciendo, seguir emocion\u00e1ndome, continuar con la b\u00fasqueda de la foto perfecta, tambi\u00e9n me encantar\u00eda transmitir a las personas el amor tan grande que uno pude llegar a sentir por este arte. Lo que m\u00e1s me gustar\u00eda ahora mismo seria convertirme en un buen retratista, pienso que lo m\u00e1s dif\u00edcil y a la vez m\u00e1s bello es retratar personas. Captar su alma, su esencia, eso para m\u00ed ser\u00eda lo m\u00e1s grande.<\/p>\n<p style=\"text-align: justify;\">No tengo proyectos a corto plazo, salvo el de la expo con los pecados capitales y bueno ya en 2015, sobre Mayo o Junio el proyecto final del curso superior de fotograf\u00eda art\u00edstica (Escuela de Arte Le\u00f3n Ortega) que a d\u00eda de hoy no tengo aun ni idea de lo que har\u00e9.<br \/>\nLa primera es la foto que me abri\u00f3 la puerta a este mundo de forma definitiva.\u00a0La segunda es especial porque fue la segunda o tercera foto que edit\u00e9 tras perder a un ser muy querido y aunque no tiene nada especial, para mi si lo tiene, por lo dicho antes.\u00a0La tercera es una de mis fotos m\u00e1s recientes y aunque puede ser algo oscura en la edici\u00f3n, a m\u00ed me encanta, porque es justo el camino que me encantar\u00eda trazar, el retrato.<\/p>\n<p><a href=\"https:\/\/www.huelvaysusfotografos.com\/wp-content\/uploads\/2014\/11\/10559269_320060528158659_1143787852_n.jpg\"><img loading=\"lazy\" decoding=\"async\" class=\"aligncenter wp-image-3905\" src=\"https:\/\/www.huelvaysusfotografos.com\/wp-content\/uploads\/2014\/11\/10559269_320060528158659_1143787852_n-300x225.jpg\" alt=\"10559269_320060528158659_1143787852_n\" width=\"343\" height=\"257\" srcset=\"https:\/\/www.huelvaysusfotografos.com\/wp-content\/uploads\/2014\/11\/10559269_320060528158659_1143787852_n-300x225.jpg 300w, https:\/\/www.huelvaysusfotografos.com\/wp-content\/uploads\/2014\/11\/10559269_320060528158659_1143787852_n-160x120.jpg 160w, https:\/\/www.huelvaysusfotografos.com\/wp-content\/uploads\/2014\/11\/10559269_320060528158659_1143787852_n.jpg 512w\" sizes=\"auto, (max-width: 343px) 100vw, 343px\" \/><\/a><a href=\"https:\/\/www.huelvaysusfotografos.com\/wp-content\/uploads\/2014\/11\/10543083_320060368158675_1536285697_n.jpg\"><img loading=\"lazy\" decoding=\"async\" class=\"aligncenter wp-image-3904\" src=\"https:\/\/www.huelvaysusfotografos.com\/wp-content\/uploads\/2014\/11\/10543083_320060368158675_1536285697_n-300x217.jpg\" alt=\"10543083_320060368158675_1536285697_n\" width=\"355\" height=\"257\" srcset=\"https:\/\/www.huelvaysusfotografos.com\/wp-content\/uploads\/2014\/11\/10543083_320060368158675_1536285697_n-300x217.jpg 300w, https:\/\/www.huelvaysusfotografos.com\/wp-content\/uploads\/2014\/11\/10543083_320060368158675_1536285697_n-768x557.jpg 768w, https:\/\/www.huelvaysusfotografos.com\/wp-content\/uploads\/2014\/11\/10543083_320060368158675_1536285697_n.jpg 883w\" sizes=\"auto, (max-width: 355px) 100vw, 355px\" \/><\/a><\/p>\n<p><a href=\"https:\/\/www.huelvaysusfotografos.com\/wp-content\/uploads\/2014\/11\/10484515_320060031492042_2050729282_n.jpg\"><img loading=\"lazy\" decoding=\"async\" class=\"aligncenter wp-image-3903\" src=\"https:\/\/www.huelvaysusfotografos.com\/wp-content\/uploads\/2014\/11\/10484515_320060031492042_2050729282_n-300x198.jpg\" alt=\"10484515_320060031492042_2050729282_n\" width=\"388\" height=\"257\" \/><\/a><\/p>\n<p>Nada m\u00e1s, fue un placer escribir estas l\u00edneas para vosotros.<br \/>\nUn abrazo, Mat\u00edas.<\/p>\n<p>&nbsp;<\/p>\n<h1>Juana Mart\u00edn<\/h1>\n<p style=\"text-align: justify;\">Para quien bien me conoce y desde hace a\u00f1os, me recordar\u00e1\u00a0sin lugar a dudas dibujando, haciendo manualidades, artesan\u00eda o con la c\u00e1mara encima.\u00a0\u00a0Siempre me he sentido c\u00f3moda en\u00a0el mundo de la expresi\u00f3n pl\u00e1stica en todas sus facetas.<\/p>\n<p style=\"text-align: justify;\">Realic\u00e9 mis\u00a0estudios de Graduada T\u00e9cnica en Artes Aplicadas y Oficios Art\u00edsticos en la Especialidad de Fotograf\u00eda, en la Escuela de Artes Le\u00f3n Ortega de Huelva \u00a0entre los a\u00f1os 1991-96, cuando exist\u00edan 5 cursos y rev\u00e1lida. Durante estos a\u00f1os realizaba sesiones fotogr\u00e1ficas con mis\u00a0compa\u00f1eras de Bachillerato, (estudios que compaginaba con los de la Escuela de Arte) y ya desde entonces, sab\u00eda que el retrato era el g\u00e9nero donde me encontraba m\u00e1s c\u00f3moda. Despu\u00e9s continu\u00e9 mi formaci\u00f3n en el campo pl\u00e1stico-visual realizando el Curso de Experto Universitario \u201cLa Ense\u00f1anza de las Artes Pl\u00e1sticas y Visuales en la Educaci\u00f3n\u201d en la Universidad de Huelva. \u00a0Desde entonces no he dejado de llevar mi\u00a0c\u00e1mara encima y realizar fotograf\u00edas. Durante muchos a\u00f1os, la fotograf\u00eda aplicada ha sido el contacto con esta disciplina. Recientemente, me inici\u00e9 con el mundo digital y comenc\u00e9 a formarse realizando algunos cursos y\/o talleres con diferentes entidades y de la mano de diferentes profesionales del mundo de la fotograf\u00eda. Lo \u00faltimo a nivel acad\u00e9mico, ha sido el Curso el \u201cExperto en Fotograf\u00eda y Comunicaci\u00f3n Gr\u00e1fica\u201d en la UNIA.<\/p>\n<p style=\"text-align: justify;\">M\u00e1s de 20 a\u00f1os en contacto con la fotograf\u00eda no me han sido suficientes para aprender todo los entresijos que ofrece esta disciplina. Intento aprender siempre m\u00e1s, viendo muchas im\u00e1genes, leyendo art\u00edculos o libros, visionando documentales relacionados y asistiendo a talleres, tertulias y cursos, de esta manera siempre en la mochila me traigo alg\u00fan conocimiento que no controlaba.<\/p>\n<p style=\"text-align: justify;\">Mi primera c\u00e1mara fue una Cosina, luego tuve una Yashica MG-1, durante alg\u00fan tiempo utilic\u00e9 una Lubitel 166B. M\u00e1s tarde tuve una Nikon FM10, F50 y F60. Adem\u00e1s ten\u00eda ampliadora y laboratorio en casa, cosa que me permiti\u00f3 continuar investigando aquello que en la Escuela no aprend\u00ed. Llegada la era digital me regalaron un Nikon D90, y por necesidades del directo me compr\u00e9 la D7100, que es la que utilizo en la actualidad. Habitualmente utilizo luz natural, y en contadas ocasiones flash con luz rebotada, nunca directa. Normalmente he utilizado objetivos zoom, pero b\u00e1sicamente por falta de econom\u00eda para invertir en lentes fijas, intentando sacarles el mayor partido posible.<\/p>\n<p style=\"text-align: justify;\">No he sido fan de ning\u00fan fot\u00f3grafo\/a, he visto a muchos\u00a0y tengo que reconocer que los trabajos de unos y otros son impresionantes y sus trayectorias profesionales \u00a0y proyectos son muy dignos de admiraci\u00f3n y sana envidia. Soy de la opini\u00f3n que la comparaci\u00f3n en el arte en general, nos lleva a no disfrutar enteramente de lo que tenemos ante nuestros ojos en un momento determinado, empobreciendo y mermando nuestro gusto. Ser\u00eda\u00a0agotador\u00a0hacer una lista de fot\u00f3grafos y fot\u00f3grafas que me gustan cada uno en su tema.<\/p>\n<p style=\"text-align: justify;\">He realizado en estos a\u00f1os algunas exposiciones fotogr\u00e1ficas, tanto individuales como colectivas. En la actualidad llevo varios proyectos fotogr\u00e1ficos para delante, que ir\u00e1n saliendo a la luz en su momento, y seguro tardar\u00e9 m\u00e1s de un a\u00f1o, m\u00e1xime cuando tendr\u00e9 que apartarme durante un tiempo de esta gran \u00a0pasi\u00f3n para atender a otro proyecto de investigaci\u00f3n que tengo entre manos hace a\u00f1os. De todos modos, tiempo al tiempo.<\/p>\n<p style=\"text-align: justify;\">En cuanto al g\u00e9nero, como ya he comentado me apasiona el retrato, pero en los \u00faltimos a\u00f1os he estado trabajando el autorretrato; tambi\u00e9n me gusta la fotograf\u00eda arquitect\u00f3nica y los detalles, entretenerme en las cosas peque\u00f1as del gran paisaje.<\/p>\n<p>\u00a0Os dejo unas fotos<\/p>\n<p><a href=\"https:\/\/www.huelvaysusfotografos.com\/wp-content\/uploads\/2015\/01\/Autorretrato-nov-1.jpg\"><img loading=\"lazy\" decoding=\"async\" width=\"300\" height=\"200\" class=\"aligncenter size-medium wp-image-4048\" src=\"https:\/\/www.huelvaysusfotografos.com\/wp-content\/uploads\/2015\/01\/Autorretrato-nov-1-300x200.jpg\" alt=\"Autorretrato nov 1\" srcset=\"https:\/\/www.huelvaysusfotografos.com\/wp-content\/uploads\/2015\/01\/Autorretrato-nov-1-300x200.jpg 300w, https:\/\/www.huelvaysusfotografos.com\/wp-content\/uploads\/2015\/01\/Autorretrato-nov-1-1024x683.jpg 1024w, https:\/\/www.huelvaysusfotografos.com\/wp-content\/uploads\/2015\/01\/Autorretrato-nov-1-768x512.jpg 768w, https:\/\/www.huelvaysusfotografos.com\/wp-content\/uploads\/2015\/01\/Autorretrato-nov-1-1536x1024.jpg 1536w, https:\/\/www.huelvaysusfotografos.com\/wp-content\/uploads\/2015\/01\/Autorretrato-nov-1-2048x1366.jpg 2048w, https:\/\/www.huelvaysusfotografos.com\/wp-content\/uploads\/2015\/01\/Autorretrato-nov-1-120x80.jpg 120w\" sizes=\"auto, (max-width: 300px) 100vw, 300px\" \/><\/a><\/p>\n<p style=\"text-align: center;\">Autorretrato dic`2014<\/p>\n<p style=\"text-align: center;\"><a href=\"https:\/\/www.huelvaysusfotografos.com\/wp-content\/uploads\/2015\/01\/Proyecto-Portrait-101.jpg\"><img loading=\"lazy\" decoding=\"async\" width=\"300\" height=\"143\" class=\"aligncenter size-medium wp-image-4047\" src=\"https:\/\/www.huelvaysusfotografos.com\/wp-content\/uploads\/2015\/01\/Proyecto-Portrait-101-300x143.jpg\" alt=\"Proyecto Portrait 101\" srcset=\"https:\/\/www.huelvaysusfotografos.com\/wp-content\/uploads\/2015\/01\/Proyecto-Portrait-101-300x143.jpg 300w, https:\/\/www.huelvaysusfotografos.com\/wp-content\/uploads\/2015\/01\/Proyecto-Portrait-101-1024x488.jpg 1024w, https:\/\/www.huelvaysusfotografos.com\/wp-content\/uploads\/2015\/01\/Proyecto-Portrait-101-768x366.jpg 768w, https:\/\/www.huelvaysusfotografos.com\/wp-content\/uploads\/2015\/01\/Proyecto-Portrait-101-1536x732.jpg 1536w, https:\/\/www.huelvaysusfotografos.com\/wp-content\/uploads\/2015\/01\/Proyecto-Portrait-101-2048x976.jpg 2048w\" sizes=\"auto, (max-width: 300px) 100vw, 300px\" \/><\/a><\/p>\n<p style=\"text-align: center;\">Pantallazo Proyecto 101 Portraits<\/p>\n<p style=\"text-align: center;\"><a href=\"https:\/\/www.huelvaysusfotografos.com\/wp-content\/uploads\/2015\/01\/El-Rompido-julio-5.jpg\"><img loading=\"lazy\" decoding=\"async\" width=\"300\" height=\"199\" class=\"aligncenter size-medium wp-image-4046\" src=\"https:\/\/www.huelvaysusfotografos.com\/wp-content\/uploads\/2015\/01\/El-Rompido-julio-5-300x199.jpg\" alt=\"El Rompido julio 5\" srcset=\"https:\/\/www.huelvaysusfotografos.com\/wp-content\/uploads\/2015\/01\/El-Rompido-julio-5-300x199.jpg 300w, https:\/\/www.huelvaysusfotografos.com\/wp-content\/uploads\/2015\/01\/El-Rompido-julio-5-1024x680.jpg 1024w, https:\/\/www.huelvaysusfotografos.com\/wp-content\/uploads\/2015\/01\/El-Rompido-julio-5-768x510.jpg 768w, https:\/\/www.huelvaysusfotografos.com\/wp-content\/uploads\/2015\/01\/El-Rompido-julio-5-1536x1020.jpg 1536w, https:\/\/www.huelvaysusfotografos.com\/wp-content\/uploads\/2015\/01\/El-Rompido-julio-5-2048x1360.jpg 2048w, https:\/\/www.huelvaysusfotografos.com\/wp-content\/uploads\/2015\/01\/El-Rompido-julio-5-120x80.jpg 120w\" sizes=\"auto, (max-width: 300px) 100vw, 300px\" \/><\/a><\/p>\n<p style=\"text-align: center;\">Detalle Chumbera en flor<\/p>\n<p style=\"text-align: left;\">Pues de momento hasta aqu\u00ed ha dado de s\u00ed esta entrada. Esperamos que haya sido de vuestro agrado. Feliz A\u00f1o!!<\/p>\n","protected":false},"excerpt":{"rendered":"<p>Volvemos con esta serie de art\u00edculos donde presentamos a dos de nuestros socios y grandes aficionados a la fotograf\u00eda. &nbsp; Juan Mat\u00edas Brea Prieto Siempre fue para m\u00ed una ilusi\u00f3n dormida, hasta la era digital, donde comenc\u00e9 el apasionante viaje que es esto de la fotograf\u00eda. Ver\u00e9is todo empez\u00f3 con la adquisici\u00f3n por mi parte de mi primera c\u00e1mara compacta digital, la HP Photosmart 735, hasta aqu\u00ed todo normal, hasta<\/p>\n<div class=\"belowpost\"><a class=\"btnmore\" href=\"https:\/\/www.huelvaysusfotografos.com\/?p=3901\">Seguir leyendo<\/a><\/div>\n","protected":false},"author":41,"featured_media":4046,"comment_status":"open","ping_status":"open","sticky":false,"template":"","format":"standard","meta":{"footnotes":"","_links_to":"","_links_to_target":""},"categories":[5],"tags":[],"class_list":["post-3901","post","type-post","status-publish","format-standard","has-post-thumbnail","hentry","category-socios"],"_links":{"self":[{"href":"https:\/\/www.huelvaysusfotografos.com\/index.php?rest_route=\/wp\/v2\/posts\/3901","targetHints":{"allow":["GET"]}}],"collection":[{"href":"https:\/\/www.huelvaysusfotografos.com\/index.php?rest_route=\/wp\/v2\/posts"}],"about":[{"href":"https:\/\/www.huelvaysusfotografos.com\/index.php?rest_route=\/wp\/v2\/types\/post"}],"author":[{"embeddable":true,"href":"https:\/\/www.huelvaysusfotografos.com\/index.php?rest_route=\/wp\/v2\/users\/41"}],"replies":[{"embeddable":true,"href":"https:\/\/www.huelvaysusfotografos.com\/index.php?rest_route=%2Fwp%2Fv2%2Fcomments&post=3901"}],"version-history":[{"count":8,"href":"https:\/\/www.huelvaysusfotografos.com\/index.php?rest_route=\/wp\/v2\/posts\/3901\/revisions"}],"predecessor-version":[{"id":4052,"href":"https:\/\/www.huelvaysusfotografos.com\/index.php?rest_route=\/wp\/v2\/posts\/3901\/revisions\/4052"}],"wp:featuredmedia":[{"embeddable":true,"href":"https:\/\/www.huelvaysusfotografos.com\/index.php?rest_route=\/wp\/v2\/media\/4046"}],"wp:attachment":[{"href":"https:\/\/www.huelvaysusfotografos.com\/index.php?rest_route=%2Fwp%2Fv2%2Fmedia&parent=3901"}],"wp:term":[{"taxonomy":"category","embeddable":true,"href":"https:\/\/www.huelvaysusfotografos.com\/index.php?rest_route=%2Fwp%2Fv2%2Fcategories&post=3901"},{"taxonomy":"post_tag","embeddable":true,"href":"https:\/\/www.huelvaysusfotografos.com\/index.php?rest_route=%2Fwp%2Fv2%2Ftags&post=3901"}],"curies":[{"name":"wp","href":"https:\/\/api.w.org\/{rel}","templated":true}]}}