{"id":3886,"date":"2014-11-03T22:09:54","date_gmt":"2014-11-03T21:09:54","guid":{"rendered":"http:\/\/www.huelvaysusfotografos.com\/?p=3886"},"modified":"2014-11-03T22:16:42","modified_gmt":"2014-11-03T21:16:42","slug":"huelva-y-sus-fotografos-celebra-su-2o-aniversario","status":"publish","type":"post","link":"https:\/\/www.huelvaysusfotografos.com\/?p=3886","title":{"rendered":"Huelva y sus Fot\u00f3grafos, celebra su 2\u00ba Aniversario"},"content":{"rendered":"<p>Este mes, concretamente el 7 de noviembre a las 19:30 horas, en el Centro de Visitantes \u00abHuelva, Puerta del Atl\u00e1ntico\u00bb, celebramos nuestro segundo a\u00f1o de vida como Asociaci\u00f3n (para quienes no nos conoc\u00e9is ya llev\u00e1bamos como grupo aficionado a la fotograf\u00eda m\u00e1s de 4 a\u00f1os funcionando en la red social FLICKR como \u00abHuelva y sus Fot\u00f3grafos\u00bb, y seguimos).<\/p>\n<p style=\"text-align: justify;\">En ese d\u00eda, haremos entrega de los premios de los concurso \u00abHuelva a trav\u00e9s de la fotograf\u00eda\u00bb de los meses de septiembre y octubre, de la mano del Concejal de Turismo D. \u00c1ngel S\u00e1nchez.<\/p>\n<p style=\"text-align: justify;\">Rendiremos homenaje a nuestro compa\u00f1ero y gran fot\u00f3grafo Juli\u00e1n P\u00e9rez (ser\u00e1 una buena oportunidad para los que no lo conoc\u00e9is, podr\u00e9is disfrutar de sus im\u00e1genes y acercarse a su trayectoria).<\/p>\n<p style=\"text-align: justify;\">Igualmente en el acto habr\u00e1 fotos, que son las que dan sentido a todo el esfuerzo y a este grupo humano de casi 80 fot\u00f3grafos, unos aficionados y otros profesionales, pero con igual ilusi\u00f3n y pasi\u00f3n; habr\u00e1 una gran representaci\u00f3n de los trabajos de muchos de nosotros que hemos querido compartir con los asistentes ya sean socios\/as o no. Y despu\u00e9s un poco de vino del Condado de Huelva para brindar por otro a\u00f1o m\u00e1s juntos.<\/p>\n<p style=\"text-align: justify;\">Te esperamos, no faltes!!<\/p>\n<p style=\"text-align: justify;\"><a href=\"https:\/\/www.huelvaysusfotografos.com\/wp-content\/uploads\/2014\/11\/2\u00ba-aniversario.jpg\"><img loading=\"lazy\" decoding=\"async\" class=\"aligncenter wp-image-3887 size-full\" src=\"https:\/\/www.huelvaysusfotografos.com\/wp-content\/uploads\/2014\/11\/2\u00ba-aniversario.jpg\" alt=\"2\u00ba aniversario\" width=\"1181\" height=\"413\" srcset=\"https:\/\/www.huelvaysusfotografos.com\/wp-content\/uploads\/2014\/11\/2\u00ba-aniversario.jpg 1181w, https:\/\/www.huelvaysusfotografos.com\/wp-content\/uploads\/2014\/11\/2\u00ba-aniversario-300x105.jpg 300w, https:\/\/www.huelvaysusfotografos.com\/wp-content\/uploads\/2014\/11\/2\u00ba-aniversario-1024x358.jpg 1024w, https:\/\/www.huelvaysusfotografos.com\/wp-content\/uploads\/2014\/11\/2\u00ba-aniversario-768x269.jpg 768w\" sizes=\"auto, (max-width: 1181px) 100vw, 1181px\" \/><\/a><\/p>\n<p>&nbsp;<\/p>\n<p>Te dejamos un peque\u00f1o resumen de las actividades que hemos realizado durante 2014 desde \u00abHuelva y sus Fot\u00f3grafos\u00bb<\/p>\n<p><a title=\"Recordando 2014 HYSF\" href=\"http:\/\/issuu.com\/juanamariamartininfantes\/docs\/recordando_2014_hysf\" target=\"_blank\">http:\/\/issuu.com\/juanamariamartininfantes\/docs\/recordando_2014_hysf<\/a><\/p>\n<p>&nbsp;<\/p>\n<p>&nbsp;<\/p>\n","protected":false},"excerpt":{"rendered":"<p>Este mes, concretamente el 7 de noviembre a las 19:30 horas, en el Centro de Visitantes \u00abHuelva, Puerta del Atl\u00e1ntico\u00bb, celebramos nuestro segundo a\u00f1o de vida como Asociaci\u00f3n (para quienes no nos conoc\u00e9is ya llev\u00e1bamos como grupo aficionado a la fotograf\u00eda m\u00e1s de 4 a\u00f1os funcionando en la red social FLICKR como \u00abHuelva y sus Fot\u00f3grafos\u00bb, y seguimos). En ese d\u00eda, haremos entrega de los premios de los concurso \u00abHuelva<\/p>\n<div class=\"belowpost\"><a class=\"btnmore\" href=\"https:\/\/www.huelvaysusfotografos.com\/?p=3886\">Seguir leyendo<\/a><\/div>\n","protected":false},"author":41,"featured_media":3891,"comment_status":"open","ping_status":"open","sticky":false,"template":"","format":"standard","meta":{"footnotes":"","_links_to":"","_links_to_target":""},"categories":[4],"tags":[],"class_list":["post-3886","post","type-post","status-publish","format-standard","has-post-thumbnail","hentry","category-actividades"],"_links":{"self":[{"href":"https:\/\/www.huelvaysusfotografos.com\/index.php?rest_route=\/wp\/v2\/posts\/3886","targetHints":{"allow":["GET"]}}],"collection":[{"href":"https:\/\/www.huelvaysusfotografos.com\/index.php?rest_route=\/wp\/v2\/posts"}],"about":[{"href":"https:\/\/www.huelvaysusfotografos.com\/index.php?rest_route=\/wp\/v2\/types\/post"}],"author":[{"embeddable":true,"href":"https:\/\/www.huelvaysusfotografos.com\/index.php?rest_route=\/wp\/v2\/users\/41"}],"replies":[{"embeddable":true,"href":"https:\/\/www.huelvaysusfotografos.com\/index.php?rest_route=%2Fwp%2Fv2%2Fcomments&post=3886"}],"version-history":[{"count":5,"href":"https:\/\/www.huelvaysusfotografos.com\/index.php?rest_route=\/wp\/v2\/posts\/3886\/revisions"}],"predecessor-version":[{"id":3894,"href":"https:\/\/www.huelvaysusfotografos.com\/index.php?rest_route=\/wp\/v2\/posts\/3886\/revisions\/3894"}],"wp:featuredmedia":[{"embeddable":true,"href":"https:\/\/www.huelvaysusfotografos.com\/index.php?rest_route=\/wp\/v2\/media\/3891"}],"wp:attachment":[{"href":"https:\/\/www.huelvaysusfotografos.com\/index.php?rest_route=%2Fwp%2Fv2%2Fmedia&parent=3886"}],"wp:term":[{"taxonomy":"category","embeddable":true,"href":"https:\/\/www.huelvaysusfotografos.com\/index.php?rest_route=%2Fwp%2Fv2%2Fcategories&post=3886"},{"taxonomy":"post_tag","embeddable":true,"href":"https:\/\/www.huelvaysusfotografos.com\/index.php?rest_route=%2Fwp%2Fv2%2Ftags&post=3886"}],"curies":[{"name":"wp","href":"https:\/\/api.w.org\/{rel}","templated":true}]}}