{"id":3880,"date":"2014-11-03T21:42:25","date_gmt":"2014-11-03T20:42:25","guid":{"rendered":"http:\/\/www.huelvaysusfotografos.com\/?p=3880"},"modified":"2014-11-03T21:43:21","modified_gmt":"2014-11-03T20:43:21","slug":"taller-de-flujo-y-revelado-con-lightroom-por-alejandro-jimenez","status":"publish","type":"post","link":"https:\/\/www.huelvaysusfotografos.com\/?p=3880","title":{"rendered":"Taller de Flujo y Revelado con Lightroom por Alejandro Jim\u00e9nez"},"content":{"rendered":"<p>Buenas!<\/p>\n<p>Queremos haceros llegar la informaci\u00f3n de un Taller que Alejandro Jim\u00e9nez, compa\u00f1ero y socio de HYSF, pondr\u00e1 en marcha en su Estudio PLATOO en Moguer. Se trata de un Taller para sacar el m\u00e1ximo partido a Adobe Lightroom 5, para de una vez por todas aprender a manejar el flujo y revelado de nuestra im\u00e1genes.<\/p>\n<p>Lo impartir\u00e1 durante dos fechas diferentes: 10, 12 y 14 de noviembre y 24, 26 y 28 del mismo mes, en horario de 18:00 a 20:00 horas. Si quieres tener alg\u00fan dato m\u00e1s puedes preguntar directamente a Alejandro en su mail alejiga@alejiga.com.<br \/>\n<a href=\"https:\/\/www.huelvaysusfotografos.com\/wp-content\/uploads\/2014\/11\/10754232_10204183814389466_718931304_o.jpg\"><img loading=\"lazy\" decoding=\"async\" class=\"aligncenter wp-image-3881 size-full\" src=\"https:\/\/www.huelvaysusfotografos.com\/wp-content\/uploads\/2014\/11\/10754232_10204183814389466_718931304_o.jpg\" alt=\"10754232_10204183814389466_718931304_o\" width=\"1920\" height=\"1280\" srcset=\"https:\/\/www.huelvaysusfotografos.com\/wp-content\/uploads\/2014\/11\/10754232_10204183814389466_718931304_o.jpg 1920w, https:\/\/www.huelvaysusfotografos.com\/wp-content\/uploads\/2014\/11\/10754232_10204183814389466_718931304_o-300x200.jpg 300w, https:\/\/www.huelvaysusfotografos.com\/wp-content\/uploads\/2014\/11\/10754232_10204183814389466_718931304_o-1024x683.jpg 1024w, https:\/\/www.huelvaysusfotografos.com\/wp-content\/uploads\/2014\/11\/10754232_10204183814389466_718931304_o-768x512.jpg 768w, https:\/\/www.huelvaysusfotografos.com\/wp-content\/uploads\/2014\/11\/10754232_10204183814389466_718931304_o-1536x1024.jpg 1536w, https:\/\/www.huelvaysusfotografos.com\/wp-content\/uploads\/2014\/11\/10754232_10204183814389466_718931304_o-120x80.jpg 120w\" sizes=\"auto, (max-width: 1920px) 100vw, 1920px\" \/><\/a><\/p>\n","protected":false},"excerpt":{"rendered":"<p>Buenas! Queremos haceros llegar la informaci\u00f3n de un Taller que Alejandro Jim\u00e9nez, compa\u00f1ero y socio de HYSF, pondr\u00e1 en marcha en su Estudio PLATOO en Moguer. Se trata de un Taller para sacar el m\u00e1ximo partido a Adobe Lightroom 5, para de una vez por todas aprender a manejar el flujo y revelado de nuestra im\u00e1genes. Lo impartir\u00e1 durante dos fechas diferentes: 10, 12 y 14 de noviembre y 24,<\/p>\n<div class=\"belowpost\"><a class=\"btnmore\" href=\"https:\/\/www.huelvaysusfotografos.com\/?p=3880\">Seguir leyendo<\/a><\/div>\n","protected":false},"author":41,"featured_media":3885,"comment_status":"open","ping_status":"open","sticky":false,"template":"","format":"standard","meta":{"footnotes":"","_links_to":"","_links_to_target":""},"categories":[7],"tags":[],"class_list":["post-3880","post","type-post","status-publish","format-standard","has-post-thumbnail","hentry","category-talleres"],"_links":{"self":[{"href":"https:\/\/www.huelvaysusfotografos.com\/index.php?rest_route=\/wp\/v2\/posts\/3880","targetHints":{"allow":["GET"]}}],"collection":[{"href":"https:\/\/www.huelvaysusfotografos.com\/index.php?rest_route=\/wp\/v2\/posts"}],"about":[{"href":"https:\/\/www.huelvaysusfotografos.com\/index.php?rest_route=\/wp\/v2\/types\/post"}],"author":[{"embeddable":true,"href":"https:\/\/www.huelvaysusfotografos.com\/index.php?rest_route=\/wp\/v2\/users\/41"}],"replies":[{"embeddable":true,"href":"https:\/\/www.huelvaysusfotografos.com\/index.php?rest_route=%2Fwp%2Fv2%2Fcomments&post=3880"}],"version-history":[{"count":2,"href":"https:\/\/www.huelvaysusfotografos.com\/index.php?rest_route=\/wp\/v2\/posts\/3880\/revisions"}],"predecessor-version":[{"id":3883,"href":"https:\/\/www.huelvaysusfotografos.com\/index.php?rest_route=\/wp\/v2\/posts\/3880\/revisions\/3883"}],"wp:featuredmedia":[{"embeddable":true,"href":"https:\/\/www.huelvaysusfotografos.com\/index.php?rest_route=\/wp\/v2\/media\/3885"}],"wp:attachment":[{"href":"https:\/\/www.huelvaysusfotografos.com\/index.php?rest_route=%2Fwp%2Fv2%2Fmedia&parent=3880"}],"wp:term":[{"taxonomy":"category","embeddable":true,"href":"https:\/\/www.huelvaysusfotografos.com\/index.php?rest_route=%2Fwp%2Fv2%2Fcategories&post=3880"},{"taxonomy":"post_tag","embeddable":true,"href":"https:\/\/www.huelvaysusfotografos.com\/index.php?rest_route=%2Fwp%2Fv2%2Ftags&post=3880"}],"curies":[{"name":"wp","href":"https:\/\/api.w.org\/{rel}","templated":true}]}}