{"id":3836,"date":"2014-09-04T10:22:23","date_gmt":"2014-09-04T09:22:23","guid":{"rendered":"http:\/\/www.huelvaysusfotografos.com\/?p=3836"},"modified":"2014-09-04T10:22:23","modified_gmt":"2014-09-04T09:22:23","slug":"marcos-m-gomez-un-hacha-en-los-concursos","status":"publish","type":"post","link":"https:\/\/www.huelvaysusfotografos.com\/?p=3836","title":{"rendered":"Marcos M. G\u00f3mez un hacha en los concursos"},"content":{"rendered":"<p style=\"text-align: justify;\">Hoy queremos resaltar los \u00e9xitos fotogr\u00e1ficos de uno de nuestros socios, nos referimos a Marcos M. G\u00f3mez, gran aficionado a la fotograf\u00eda que a pesar de su\u00a0corta trayectoria en el mundo de la fotograf\u00eda he tenido la gran suerte, palabras suyas, \u00a0de ser premiados\u00a0algunos de sus trabajos, todos ellos en el marco de la provincia de Huelva.<\/p>\n<p style=\"text-align: justify;\">Os dejamos la larga lista de premios que ha ido cosechando entre 2011 y 2014:<\/p>\n<h2 style=\"text-align: justify;\">2011<\/h2>\n<p style=\"text-align: justify;\"><span style=\"color: #000000;\">&#8211; 3er Premio \u00abModalidad Votaci\u00f3n Popular\u00bb, otorgado por la Hermandad Nuestra Se\u00f1or<\/span><span style=\"color: #000000;\">\u00a0del\u00a0Roc\u00edo\u00a0de Huelva<\/span><\/p>\n<p style=\"color: #989eae; text-align: justify;\"><span style=\"color: #000000;\">&#8211; 3er Premio al mejor conjunto fotografico \u201d Luces de Abiud\u201d, Zalamea la Real<\/span><\/p>\n<p style=\"color: #989eae; text-align: justify;\"><span style=\"color: #000000;\">&#8211; 1er Premio concurso \u00a0\u00abVive el verano \u201d organizado por \u00a0\u00abEl Peri\u00f3dico\u201d<\/span><\/p>\n<p style=\"color: #989eae; text-align: justify;\"><span style=\"color: #000000;\">&#8211; 2\u00ba Premio concurso \u00a0\u00abEl Roc\u00edo\u201d organizado por \u00abEl Peri\u00f3dico\u201d\u00a0<\/span><\/p>\n<h2 style=\"color: #989eae; text-align: justify;\"><span style=\"color: #000000;\">2012<\/span><\/h2>\n<p style=\"color: #989eae; text-align: justify;\"><span style=\"color: #000000;\">&#8211; 2\u00ba Premio modalidad votacion popular, otorgado por\u00a0<span style=\"color: #000000;\">Hermandad Nuestra Se\u00f1or<\/span><span style=\"color: #000000;\">\u00a0del\u00a0Roc\u00edo\u00a0de Huelva\u00a0<\/span><\/span><\/p>\n<p style=\"color: #989eae; text-align: justify;\"><span style=\"color: #000000;\">-5\u00ba Premio concurso \u201cEl Peri\u00f3dico\u201d tema el Roc\u00edo<\/span><\/p>\n<p style=\"color: #989eae; text-align: justify;\"><span style=\"color: #000000;\">&#8211; Premio especial a la cuenca del Guadiana en el 1er concurso fotografico Guadiodiel \u00abPaseando por nuestra Comarca\u201d<\/span><\/p>\n<h2 style=\"color: #989eae; text-align: justify;\"><span style=\"color: #000000;\">2013<\/span><\/h2>\n<p style=\"color: #989eae; text-align: justify;\"><span style=\"color: #000000;\">&#8211;\u00a0 Premio en la tematica \u00abDesfile\u00bb,\u00a0del VI Concurso Fotogr\u00e1fico \u00abXIII Feria Medieval del Descubrimiento\u00bb, Palos de la Frontera<\/span><\/p>\n<p style=\"color: #989eae; text-align: justify;\"><span style=\"color: #000000;\">&#8211; 3er Premio\u00a0\u00abIV Concurso Fotogr\u00e1fico Sierra Morena\u00bb, Sierra de Aracena y Picos de Aroche<\/span><\/p>\n<p style=\"color: #989eae; text-align: justify;\"><span style=\"color: #000000;\">&#8211; 1er Premio \u00abHuelva a trav\u00e9s de la fotograf\u00eda: Semana Santa en Huelva\u00bb<\/span><\/p>\n<p style=\"color: #989eae; text-align: justify;\"><span style=\"color: #000000;\">&#8211; 2\u00ba Premio del I Concurso Fotogr\u00e1fico \u00abBellos rincones de Palos\u00bb, \u00a0Palos de la Frontera<\/span><\/p>\n<p style=\"color: #989eae; text-align: justify;\"><span style=\"color: #000000;\">&#8211; 1er Premio \u00abModalidad Votaci\u00f3n Popular\u00bb, otorgado por la<\/span> <span style=\"color: #000000;\">Hermandad Nuestra Se\u00f1or<\/span><span style=\"color: #000000;\">\u00a0del\u00a0Roc\u00edo\u00a0de Huelva<\/span><\/p>\n<h2 style=\"color: #989eae; text-align: justify;\"><span style=\"color: #000000;\">2014<\/span><\/h2>\n<p style=\"text-align: justify;\">&#8211; 1er Premio del Concurso \u00abHuelva a\u00a0trav\u00e9s\u00a0de la fotograf\u00eda: La Punta de Sebo y su monumento\u00bb<\/p>\n<p style=\"color: #989eae; text-align: left;\"><span style=\"color: #000000;\">&#8211;\u00a0 Premio en la tematica \u00abDesfile\u201d,\u00a0del\u00a0VII Concurso Fotografico \u00a0\u00abXIV Feria Medieval del Descubrimiento\u00bb, Palos de la Frontera<\/span><\/p>\n<p style=\"color: #989eae; text-align: justify;\"><span style=\"color: #000000;\">Os dejamos algunas de esas im\u00e1genes premiadas:<\/span><\/p>\n<p style=\"text-align: justify;\">[two_third_last][\/two_third_last]<\/p>\n<p><a href=\"https:\/\/www.huelvaysusfotografos.com\/wp-content\/uploads\/2014\/09\/971841_10151583398245914_1344543876_n.jpg\"><img loading=\"lazy\" decoding=\"async\" width=\"300\" height=\"200\" class=\"aligncenter size-medium wp-image-3854\" src=\"https:\/\/www.huelvaysusfotografos.com\/wp-content\/uploads\/2014\/09\/971841_10151583398245914_1344543876_n-300x200.jpg\" alt=\"971841_10151583398245914_1344543876_n\" srcset=\"https:\/\/www.huelvaysusfotografos.com\/wp-content\/uploads\/2014\/09\/971841_10151583398245914_1344543876_n-300x200.jpg 300w, https:\/\/www.huelvaysusfotografos.com\/wp-content\/uploads\/2014\/09\/971841_10151583398245914_1344543876_n-768x512.jpg 768w, https:\/\/www.huelvaysusfotografos.com\/wp-content\/uploads\/2014\/09\/971841_10151583398245914_1344543876_n-120x80.jpg 120w, https:\/\/www.huelvaysusfotografos.com\/wp-content\/uploads\/2014\/09\/971841_10151583398245914_1344543876_n.jpg 894w\" sizes=\"auto, (max-width: 300px) 100vw, 300px\" \/><\/a> <a href=\"https:\/\/www.huelvaysusfotografos.com\/wp-content\/uploads\/2014\/09\/1669739_596975020379960_228166086_o.jpg\"><img decoding=\"async\" class=\"aligncenter size-medium wp-image-3856\" src=\"https:\/\/www.huelvaysusfotografos.com\/wp-content\/uploads\/2014\/09\/1669739_596975020379960_228166086_o-300x199.jpg\" alt=\"1669739_596975020379960_228166086_o\" \/><\/a> <a href=\"https:\/\/www.huelvaysusfotografos.com\/wp-content\/uploads\/2014\/09\/10527712_751021231620694_5261375184333347387_n.jpg\"><img loading=\"lazy\" decoding=\"async\" width=\"300\" height=\"225\" class=\"aligncenter size-medium wp-image-3860\" src=\"https:\/\/www.huelvaysusfotografos.com\/wp-content\/uploads\/2014\/09\/10527712_751021231620694_5261375184333347387_n-300x225.jpg\" alt=\"10527712_751021231620694_5261375184333347387_n\" srcset=\"https:\/\/www.huelvaysusfotografos.com\/wp-content\/uploads\/2014\/09\/10527712_751021231620694_5261375184333347387_n-300x225.jpg 300w, https:\/\/www.huelvaysusfotografos.com\/wp-content\/uploads\/2014\/09\/10527712_751021231620694_5261375184333347387_n-768x576.jpg 768w, https:\/\/www.huelvaysusfotografos.com\/wp-content\/uploads\/2014\/09\/10527712_751021231620694_5261375184333347387_n-160x120.jpg 160w, https:\/\/www.huelvaysusfotografos.com\/wp-content\/uploads\/2014\/09\/10527712_751021231620694_5261375184333347387_n.jpg 960w\" sizes=\"auto, (max-width: 300px) 100vw, 300px\" \/><\/a> <a href=\"https:\/\/www.huelvaysusfotografos.com\/wp-content\/uploads\/2014\/09\/1175481_572176826171803_1669576783_n.jpg\"><img loading=\"lazy\" decoding=\"async\" width=\"300\" height=\"200\" class=\"aligncenter size-medium wp-image-3864\" src=\"https:\/\/www.huelvaysusfotografos.com\/wp-content\/uploads\/2014\/09\/1175481_572176826171803_1669576783_n-300x200.jpg\" alt=\"1175481_572176826171803_1669576783_n\" srcset=\"https:\/\/www.huelvaysusfotografos.com\/wp-content\/uploads\/2014\/09\/1175481_572176826171803_1669576783_n-300x200.jpg 300w, https:\/\/www.huelvaysusfotografos.com\/wp-content\/uploads\/2014\/09\/1175481_572176826171803_1669576783_n-768x512.jpg 768w, https:\/\/www.huelvaysusfotografos.com\/wp-content\/uploads\/2014\/09\/1175481_572176826171803_1669576783_n-120x80.jpg 120w, https:\/\/www.huelvaysusfotografos.com\/wp-content\/uploads\/2014\/09\/1175481_572176826171803_1669576783_n.jpg 787w\" sizes=\"auto, (max-width: 300px) 100vw, 300px\" \/><\/a><\/p>\n<p style=\"color: #989eae;\"><span style=\"color: #000000;\">Enhorabuena por estos \u00e9xitos y contin\u00faa con el trabajo!!<\/span><\/p>\n<p style=\"color: #989eae;\">\n","protected":false},"excerpt":{"rendered":"<p>Hoy queremos resaltar los \u00e9xitos fotogr\u00e1ficos de uno de nuestros socios, nos referimos a Marcos M. G\u00f3mez, gran aficionado a la fotograf\u00eda que a pesar de su\u00a0corta trayectoria en el mundo de la fotograf\u00eda he tenido la gran suerte, palabras suyas, \u00a0de ser premiados\u00a0algunos de sus trabajos, todos ellos en el marco de la provincia de Huelva. Os dejamos la larga lista de premios que ha ido cosechando entre 2011<\/p>\n<div class=\"belowpost\"><a class=\"btnmore\" href=\"https:\/\/www.huelvaysusfotografos.com\/?p=3836\">Seguir leyendo<\/a><\/div>\n","protected":false},"author":41,"featured_media":3863,"comment_status":"open","ping_status":"open","sticky":false,"template":"","format":"standard","meta":{"footnotes":"","_links_to":"","_links_to_target":""},"categories":[3],"tags":[],"class_list":["post-3836","post","type-post","status-publish","format-standard","has-post-thumbnail","hentry","category-noticias"],"_links":{"self":[{"href":"https:\/\/www.huelvaysusfotografos.com\/index.php?rest_route=\/wp\/v2\/posts\/3836","targetHints":{"allow":["GET"]}}],"collection":[{"href":"https:\/\/www.huelvaysusfotografos.com\/index.php?rest_route=\/wp\/v2\/posts"}],"about":[{"href":"https:\/\/www.huelvaysusfotografos.com\/index.php?rest_route=\/wp\/v2\/types\/post"}],"author":[{"embeddable":true,"href":"https:\/\/www.huelvaysusfotografos.com\/index.php?rest_route=\/wp\/v2\/users\/41"}],"replies":[{"embeddable":true,"href":"https:\/\/www.huelvaysusfotografos.com\/index.php?rest_route=%2Fwp%2Fv2%2Fcomments&post=3836"}],"version-history":[{"count":16,"href":"https:\/\/www.huelvaysusfotografos.com\/index.php?rest_route=\/wp\/v2\/posts\/3836\/revisions"}],"predecessor-version":[{"id":3878,"href":"https:\/\/www.huelvaysusfotografos.com\/index.php?rest_route=\/wp\/v2\/posts\/3836\/revisions\/3878"}],"wp:featuredmedia":[{"embeddable":true,"href":"https:\/\/www.huelvaysusfotografos.com\/index.php?rest_route=\/wp\/v2\/media\/3863"}],"wp:attachment":[{"href":"https:\/\/www.huelvaysusfotografos.com\/index.php?rest_route=%2Fwp%2Fv2%2Fmedia&parent=3836"}],"wp:term":[{"taxonomy":"category","embeddable":true,"href":"https:\/\/www.huelvaysusfotografos.com\/index.php?rest_route=%2Fwp%2Fv2%2Fcategories&post=3836"},{"taxonomy":"post_tag","embeddable":true,"href":"https:\/\/www.huelvaysusfotografos.com\/index.php?rest_route=%2Fwp%2Fv2%2Ftags&post=3836"}],"curies":[{"name":"wp","href":"https:\/\/api.w.org\/{rel}","templated":true}]}}