{"id":3802,"date":"2014-08-21T20:55:43","date_gmt":"2014-08-21T19:55:43","guid":{"rendered":"http:\/\/www.huelvaysusfotografos.com\/?p=3802"},"modified":"2015-07-26T19:18:23","modified_gmt":"2015-07-26T18:18:23","slug":"exposiciones-en-verano-de-algunos-de-nuestros-socios","status":"publish","type":"post","link":"https:\/\/www.huelvaysusfotografos.com\/?p=3802","title":{"rendered":"Exposiciones en Verano de algunos de nuestros socios"},"content":{"rendered":"<h2><span style=\"color: #ff0000;\">MAR REVILLA, estuvo en Punta Umbr\u00eda con su \u00abDesde mis ojos\u00bb<\/span><\/h2>\n<p style=\"text-align: justify;\"><span style=\"color: #444444;\"><a href=\"https:\/\/www.huelvaysusfotografos.com\/wp-content\/uploads\/2014\/08\/IMG-20140820-WA0008.jpg\"><img loading=\"lazy\" decoding=\"async\" class=\"alignleft wp-image-3803 size-medium\" src=\"https:\/\/www.huelvaysusfotografos.com\/wp-content\/uploads\/2014\/08\/IMG-20140820-WA0008-244x300.jpg\" alt=\"Cartel &quot;Desde mis ojos&quot;, de Mar Revilla\" width=\"244\" height=\"300\" srcset=\"https:\/\/www.huelvaysusfotografos.com\/wp-content\/uploads\/2014\/08\/IMG-20140820-WA0008-244x300.jpg 244w, https:\/\/www.huelvaysusfotografos.com\/wp-content\/uploads\/2014\/08\/IMG-20140820-WA0008.jpg 480w\" sizes=\"auto, (max-width: 244px) 100vw, 244px\" \/><\/a>Tan s\u00f3lo hace unos d\u00edas que se clausur\u00f3 en la Sala Teatro de Punta Umbr\u00eda, la exposici\u00f3n de esta joven fot\u00f3grafa y socia de nuestra Asociaci\u00f3n. La muestra, bajo el t\u00edtulo \u00abDesde mis ojos\u00bb, ha recorrido ya diferentes salas expositivas de la provincia de Huelva, no dejando indiferente al visitante que recorre cada una de las fotograf\u00edas.\u00a0<\/span><\/p>\n<p style=\"text-align: justify;\"><span style=\"color: #444444;\">Seg\u00fan Mar Revilla, <em>\u00abDesde mis ojos es la expresi\u00f3n que mejor resume mis obras.\u00a0<\/em><\/span><em><span style=\"color: #444444;\">Esta exposici\u00f3n es un c\u00famulo de emociones, sensaciones y enfoques del mundo conocido y so\u00f1ado a traves del objetivo de mi c\u00e1mara.\u00a0<\/span><span style=\"color: #444444;\">Cada una de estas fotograf\u00edas evoca diferentes miradas y formas de entender la vida desde mis ojos, regalando as\u00ed, un trocito de vida deteniendola en el tiempo\u00bb.<\/span><\/em><\/p>\n<p style=\"text-align: justify;\">La trayectoria profesional de Mar, nos la resume de esta manera <em>\u00ab<span style=\"color: #444444;\">Desde hace largos a\u00f1os he sido una apasionada de la fotograf\u00eda y tr\u00e1s especializarme y graduarme en T\u00e9cnico de Imagen, no he parado de ir intentando avanzar y absorver conocomientos de esta profesi\u00f3n que me enamora cada vez m\u00e1s\u00bb.\u00a0<\/span><\/em><\/p>\n<p style=\"text-align: justify;\"><span style=\"color: #444444;\">Mar nos comenta\u00a0que all\u00e1 donde ha expuesto sus obras, los visitantes le han regalado sensaciones que nunca olvidar\u00e1, momentos muy entra\u00f1ables;<\/span><span style=\"color: #444444;\">\u00a0de su paso por Punta Umbr\u00eda, se queda con la mirada de una ni\u00f1a que visit\u00f3\u00a0sola la sala, c\u00e1mara en mano, fue mirando\u00a0entusiasmada cada una de sus 20 fotograf\u00edas.<\/span><\/p>\n<p style=\"text-align: justify;\"><span style=\"color: #444444;\">Mar, se despide con estas l\u00edneas de agradecimiento <em>\u00abgracias y mil gracias a todos por el gran apoyo recibido. Desde mis ojos seguir\u00e1 con nuevas emociones&#8230; espero encontraros por el camino y que os haga emocionar\u00bb<\/em><\/span><span style=\"color: #444444;\"><em>.<\/em>\u00a0Y nos adelanta que p<\/span><span style=\"color: #444444;\">r\u00f3ximamente estar\u00e1 en Ayamonte.\u00a0<\/span><\/p>\n<p style=\"text-align: center;\"><img loading=\"lazy\" decoding=\"async\" class=\"aligncenter wp-image-3808 size-medium\" src=\"https:\/\/www.huelvaysusfotografos.com\/wp-content\/uploads\/2014\/08\/Expo-Mar-Revilla-300x210.jpg\" alt=\"Im\u00e1genes de la Exposici\u00f3n e inauguraci\u00f3n\" width=\"300\" height=\"210\" srcset=\"https:\/\/www.huelvaysusfotografos.com\/wp-content\/uploads\/2014\/08\/Expo-Mar-Revilla-300x210.jpg 300w, https:\/\/www.huelvaysusfotografos.com\/wp-content\/uploads\/2014\/08\/Expo-Mar-Revilla-1024x717.jpg 1024w, https:\/\/www.huelvaysusfotografos.com\/wp-content\/uploads\/2014\/08\/Expo-Mar-Revilla-768x538.jpg 768w, https:\/\/www.huelvaysusfotografos.com\/wp-content\/uploads\/2014\/08\/Expo-Mar-Revilla.jpg 1215w\" sizes=\"auto, (max-width: 300px) 100vw, 300px\" \/>Canal Costa recogi\u00f3 el momento de la inauguraci\u00f3n y entrevist\u00f3 a Mar Revilla<\/p>\n<h2 style=\"text-align: justify;\"><\/h2>\n<h2 style=\"text-align: justify;\"><\/h2>\n<h2 style=\"text-align: justify;\"><span style=\"color: #ff0000;\">CECILIA GILABERT, sigue en Nerva con \u00abEscrito en el agua, El Tintillo como nunca lo has visto\u00bb<\/span><\/h2>\n<p style=\"text-align: justify;\"><a href=\"https:\/\/www.huelvaysusfotografos.com\/wp-content\/uploads\/2014\/08\/Cecilia-Gilabert.jpg\"><img loading=\"lazy\" decoding=\"async\" class=\"alignleft wp-image-3807 size-medium\" src=\"https:\/\/www.huelvaysusfotografos.com\/wp-content\/uploads\/2014\/08\/Cecilia-Gilabert-225x300.jpg\" alt=\"Cartel &quot;Escrito en el Agua. El Tintillo como nunca lo has visto&quot;\" width=\"225\" height=\"300\" srcset=\"https:\/\/www.huelvaysusfotografos.com\/wp-content\/uploads\/2014\/08\/Cecilia-Gilabert-225x300.jpg 225w, https:\/\/www.huelvaysusfotografos.com\/wp-content\/uploads\/2014\/08\/Cecilia-Gilabert.jpg 720w\" sizes=\"auto, (max-width: 225px) 100vw, 225px\" \/><\/a><\/p>\n<p style=\"text-align: justify;\">Cecilia, una gran maestra de la iluminaci\u00f3n y la composici\u00f3n fotogr\u00e1fica, nos sorprende&#8230; como siempre gratamente, pero en esta ocasi\u00f3n con un nuevo estilo y forma de abordar la imagen.<\/p>\n<p style=\"color: #000000; text-align: justify;\">Con el t\u00edtulo \u00abEscrito en el agua, El Tintillo como nunca lo has visto\u00bb, la artista nos presenta una colecci\u00f3n de fotograf\u00edas del natural , un total de\u00a016 obras en gran formato con visiones sugerentes del r\u00edo Tintillo. La inauguraci\u00f3n\u00a0fue el pasado\u00a06 de agosto, acto que se acompa\u00f1\u00f3 con una lectura po\u00e9tica de Daniel Salguero.<\/p>\n<p style=\"color: #000000; text-align: justify;\">Estar\u00e1 expuesta hasta el 31 de agosto, en la Sociedad Cultural Casino de Nerva c\/Antonio Machado 19. Nerva (Huelva), siendo la entrada totalmente gratuita.<\/p>\n<p style=\"color: #000000;\"><a href=\"https:\/\/www.huelvaysusfotografos.com\/wp-content\/uploads\/2014\/08\/2-fotos-de-Cecilia.jpg\"><img loading=\"lazy\" decoding=\"async\" class=\"aligncenter wp-image-3811\" src=\"https:\/\/www.huelvaysusfotografos.com\/wp-content\/uploads\/2014\/08\/2-fotos-de-Cecilia-1024x338.jpg\" alt=\"El Tintillo como nunca lo has visto, de Cecilia Gilabert\" width=\"700\" height=\"231\" \/><\/a><\/p>\n<p style=\"color: #000000; text-align: center;\">Dos de las im\u00e1genes mostradas, de Cecilia Gilabert<\/p>\n<h2 style=\"color: #000000; text-align: justify;\"><\/h2>\n<h2 style=\"color: #000000; text-align: justify;\"><\/h2>\n<h2 style=\"color: #000000; text-align: justify;\"><span style=\"color: #ff0000;\">Carmen Torres, Antonio Mu\u00f1oz, Domingo Jer\u00e9z y Juana Mart\u00edn, con \u00abAlma y Cuerpo\u00bb en el Estadio Iberoamericano de Atletismo de Huelva<\/span><\/h2>\n<p style=\"color: #000000; text-align: justify;\"><a href=\"https:\/\/www.huelvaysusfotografos.com\/wp-content\/uploads\/2014\/08\/10574414_700732876649336_1847300744593863278_n.jpg\"><img loading=\"lazy\" decoding=\"async\" class=\"alignleft wp-image-3817\" src=\"https:\/\/www.huelvaysusfotografos.com\/wp-content\/uploads\/2014\/08\/10574414_700732876649336_1847300744593863278_n-300x199.jpg\" alt=\"Alma y cuerpo, Atletas\" width=\"400\" height=\"266\" \/><\/a>Estos cuatro\u00a0apasionados de\u00a0la fotograf\u00edas (socios de HYSF), algunos naturales de Gibrale\u00f3n y otros\u00a0afincados en estas tierras, unidos por la iniciativa de\u00a0Juan Antonio Pichardo- entrenador de Atletismo en Huelva y\u00a0aficionado a la fotograf\u00eda- presentaron en junio,\u00a0en el Estadio Iberoamericano de Atletismo de Huelva, una colecci\u00f3n de fotograf\u00edas de atletas.<\/p>\n<p style=\"color: #000000; text-align: justify;\">El ALAMA fue de Pichardo, m\u00e1s de una veintena de fotograf\u00edas en blanco y negro que intentan recoger aquella parte del atleta menos apreciable, menos visible pero que es el motor de su actividad, su alma. \u00a0El CUERPO, la parte m\u00e1s evidente, las actitudes, el ejercicio, la fuerza&#8230; fueron aportados por Carmen, Antonio, Domingo y Juana.<\/p>\n<p style=\"color: #000000; text-align: justify;\">Los responsables de la organizaci\u00f3n, \u00c1rea de Deportes de la Diputaci\u00f3n de Huelva, han tenido a bien ampliar el plazo de visitas durante el periodo estival, siendo visitabl<span style=\"color: #000000;\">e \u00a0en agosto, de 8:00 a 21:30 horas.<\/span><\/p>\n<p style=\"color: #000000; text-align: justify;\"><a href=\"https:\/\/www.huelvaysusfotografos.com\/wp-content\/uploads\/2014\/08\/Atletas-todos.jpg\"><img loading=\"lazy\" decoding=\"async\" class=\"aligncenter wp-image-3823 size-large\" src=\"https:\/\/www.huelvaysusfotografos.com\/wp-content\/uploads\/2014\/08\/Atletas-todos-1024x361.jpg\" alt=\"Para uso consulte con la fot\u00f3grafa (juana.martin@hotmail.com)\" width=\"900\" height=\"317\" srcset=\"https:\/\/www.huelvaysusfotografos.com\/wp-content\/uploads\/2014\/08\/Atletas-todos-1024x361.jpg 1024w, https:\/\/www.huelvaysusfotografos.com\/wp-content\/uploads\/2014\/08\/Atletas-todos-300x106.jpg 300w, https:\/\/www.huelvaysusfotografos.com\/wp-content\/uploads\/2014\/08\/Atletas-todos-768x271.jpg 768w, https:\/\/www.huelvaysusfotografos.com\/wp-content\/uploads\/2014\/08\/Atletas-todos-1536x542.jpg 1536w, https:\/\/www.huelvaysusfotografos.com\/wp-content\/uploads\/2014\/08\/Atletas-todos-2048x723.jpg 2048w\" sizes=\"auto, (max-width: 900px) 100vw, 900px\" \/><\/a>Juana Mart\u00edn \u00a0 \u00a0 \u00a0 \u00a0 \u00a0 \u00a0 \u00a0 \u00a0 \u00a0 \u00a0Domingo Jerez \u00a0 \u00a0 \u00a0 \u00a0 \u00a0 \u00a0 \u00a0 \u00a0 \u00a0 \u00a0 \u00a0 \u00a0Carmen Torres \u00a0 \u00a0 \u00a0 \u00a0 \u00a0 \u00a0 \u00a0 \u00a0 \u00a0 \u00a0 \u00a0 \u00a0 \u00a0Antonio Mu\u00f1oz<\/p>\n<h2 style=\"color: #000000; text-align: justify;\"><\/h2>\n<h2 style=\"color: #000000; text-align: justify;\"><\/h2>\n<h2 style=\"color: #000000; text-align: justify;\"><span style=\"color: #ff0000;\">Elena S\u00e1nchez Balonga, expone en Kal\u00f3 Espacio Cultural\u00a0<\/span><\/h2>\n<p style=\"color: #000000; text-align: justify;\"><a href=\"https:\/\/www.huelvaysusfotografos.com\/wp-content\/uploads\/2014\/08\/10463792_10202473731700189_3016410545591827931_o.jpg\"><img loading=\"lazy\" decoding=\"async\" class=\"alignleft wp-image-3830\" src=\"https:\/\/www.huelvaysusfotografos.com\/wp-content\/uploads\/2014\/08\/10463792_10202473731700189_3016410545591827931_o-199x300.jpg\" alt=\"Cartel Elena s\u00c1NCHEZ Balonga\" width=\"250\" height=\"375\" \/><\/a>Profesional, trabajadora\u00a0y atrevida, as\u00ed la definir\u00eda yo. Elena inaugur\u00f3 el pasado 12 de julio una magn\u00edfica exposici\u00f3n fotogr\u00e1fica de paisajes y desnudos de gran formato en el Bar Kal\u00f3 de El Portil- Cartaya. Seguir\u00e1 expuesta hasta el 15 de septiembre, y se podr\u00e1 visitar de 17:00 a 4:00 horas.<\/p>\n<p style=\"color: #000000; text-align: justify;\">Sus obras presentan una gran armon\u00eda y sensualidad. Los t\u00edtulos de las im\u00e1genes que podemos encontrar en esta muestra son tan sugerentes como su autora, \u00abLa llegada de Venus\u00bb, \u00abSilueta Sinuante\u00bb, \u00abEsperando tu llegada\u00bb, \u00abSoslayo\u00bb&#8230; Sin duda una cita a la que no puedes faltar.<\/p>\n<p style=\"color: #000000; text-align: justify;\">Elena combina su trabajo profesional de\u00a0fotograf\u00eda, en su establecimiento que lleva su nombre \u00abElena S\u00e1nchez Balonga\u00bb situado en la Calle Niebla de Huelva (Isla Chica), con su trabajo fotogr\u00e1fico personal, atrevi\u00e9ndose con t\u00e9cnicas y \u00a0procedimientos antiguos, recordemos sus cianotipias en Moguer; colaborando con diferentes proyectos de fot\u00f3grafos consagrados, como Cristina Garc\u00eda Rodero; llevando sus conocimientos a diferentes espacios formativos (El Taller Art\u00edstico, IES Pablo Neruda&#8230;) Adem\u00e1s en su tienda cuenta con un espacio expositivo en el que ya se han atrevido a mostrar su trabajo artistas como Luis Camacho, \u00a0Francisco Fern\u00e1ndez, Cecilia Gilabert, nuestra propia Asociaci\u00f3n Huelva y sus Fot\u00f3grafos&#8230;<\/p>\n<h2 style=\"color: #000000; text-align: justify;\"><span style=\"color: #ff0000;\">Otra de Elena S\u00e1nchez Balonga, \u00abPlatero y yo\u00bb Cianotipias en Moguer<\/span><\/h2>\n<p style=\"color: #000000; text-align: justify;\"><a href=\"https:\/\/www.huelvaysusfotografos.com\/wp-content\/uploads\/2014\/07\/Cianotipia-de-Elena.jpg\"><img loading=\"lazy\" decoding=\"async\" class=\"alignleft wp-image-3632 size-medium\" src=\"https:\/\/www.huelvaysusfotografos.com\/wp-content\/uploads\/2014\/07\/Cianotipia-de-Elena-210x300.jpg\" alt=\"Cianotipia para cartel \" width=\"210\" height=\"300\" srcset=\"https:\/\/www.huelvaysusfotografos.com\/wp-content\/uploads\/2014\/07\/Cianotipia-de-Elena-210x300.jpg 210w, https:\/\/www.huelvaysusfotografos.com\/wp-content\/uploads\/2014\/07\/Cianotipia-de-Elena.jpg 607w\" sizes=\"auto, (max-width: 210px) 100vw, 210px\" \/><\/a>Ya hab\u00edamos hablado de esta exposici\u00f3n en otro art\u00edculo, pero nos confirman que a\u00fan seguir\u00e1 expuesta hasta mediados de septiembre, en\u00a0la Casa Museo Zenobia- Juan Ram\u00f3n Jim\u00e9nez de Moguer.<\/p>\n<p style=\"color: #000000; text-align: justify;\"><span style=\"font-weight: bold;\">La Cianotipia<\/span>\u00a0es uno de los procesos fotogr\u00e1ficos m\u00e1s antiguos que data de mediados del siglo XIX, fue inventada por el astr\u00f3nomo y qu\u00edmico John Herschel. Para su elaboraci\u00f3n, se realizar\u00e1 un negativo del tama\u00f1o de la copia final, que una vez preparado\u00a0 el soporte, que en esta exposici\u00f3n se realizar\u00e1 sobre papel de acuarela, se impregnar\u00e1 una emulsi\u00f3n fotosensible de sales de hierro (ferricianuro\u00a0 pot\u00e1sico) para posteriormente se utilizado en impresi\u00f3n por contacto. El papel de acuarela una vez emulsionado y lavado en agua,\u00a0 surge el blanco sobre un fondo Azul Prusia .\u00a0<span style=\"font-weight: bold;\">Este tono y color de la imagen es lo que caracteriza este proceso fotogr\u00e1fico.\u00a0<\/span>Por su gran trabajo artesanal y su elaboraci\u00f3n, posee un gran poder de durabilidad en el tiempo y es utilizado como obra de arte, para galer\u00eda y coleccionistas.<\/p>\n<p style=\"color: #000000; text-align: justify;\">Enhorabuena por el trabajo y la ilusi\u00f3n en vuestros proyectos fotogr\u00e1ficos.<\/p>\n","protected":false},"excerpt":{"rendered":"<p>MAR REVILLA, estuvo en Punta Umbr\u00eda con su \u00abDesde mis ojos\u00bb Tan s\u00f3lo hace unos d\u00edas que se clausur\u00f3 en la Sala Teatro de Punta Umbr\u00eda, la exposici\u00f3n de esta joven fot\u00f3grafa y socia de nuestra Asociaci\u00f3n. La muestra, bajo el t\u00edtulo \u00abDesde mis ojos\u00bb, ha recorrido ya diferentes salas expositivas de la provincia de Huelva, no dejando indiferente al visitante que recorre cada una de las fotograf\u00edas.\u00a0 Seg\u00fan Mar<\/p>\n<div class=\"belowpost\"><a class=\"btnmore\" href=\"https:\/\/www.huelvaysusfotografos.com\/?p=3802\">Seguir leyendo<\/a><\/div>\n","protected":false},"author":41,"featured_media":3835,"comment_status":"open","ping_status":"open","sticky":false,"template":"","format":"standard","meta":{"footnotes":"","_links_to":"","_links_to_target":""},"categories":[23,3],"tags":[],"class_list":["post-3802","post","type-post","status-publish","format-standard","has-post-thumbnail","hentry","category-exposiciones","category-noticias"],"_links":{"self":[{"href":"https:\/\/www.huelvaysusfotografos.com\/index.php?rest_route=\/wp\/v2\/posts\/3802","targetHints":{"allow":["GET"]}}],"collection":[{"href":"https:\/\/www.huelvaysusfotografos.com\/index.php?rest_route=\/wp\/v2\/posts"}],"about":[{"href":"https:\/\/www.huelvaysusfotografos.com\/index.php?rest_route=\/wp\/v2\/types\/post"}],"author":[{"embeddable":true,"href":"https:\/\/www.huelvaysusfotografos.com\/index.php?rest_route=\/wp\/v2\/users\/41"}],"replies":[{"embeddable":true,"href":"https:\/\/www.huelvaysusfotografos.com\/index.php?rest_route=%2Fwp%2Fv2%2Fcomments&post=3802"}],"version-history":[{"count":24,"href":"https:\/\/www.huelvaysusfotografos.com\/index.php?rest_route=\/wp\/v2\/posts\/3802\/revisions"}],"predecessor-version":[{"id":4369,"href":"https:\/\/www.huelvaysusfotografos.com\/index.php?rest_route=\/wp\/v2\/posts\/3802\/revisions\/4369"}],"wp:featuredmedia":[{"embeddable":true,"href":"https:\/\/www.huelvaysusfotografos.com\/index.php?rest_route=\/wp\/v2\/media\/3835"}],"wp:attachment":[{"href":"https:\/\/www.huelvaysusfotografos.com\/index.php?rest_route=%2Fwp%2Fv2%2Fmedia&parent=3802"}],"wp:term":[{"taxonomy":"category","embeddable":true,"href":"https:\/\/www.huelvaysusfotografos.com\/index.php?rest_route=%2Fwp%2Fv2%2Fcategories&post=3802"},{"taxonomy":"post_tag","embeddable":true,"href":"https:\/\/www.huelvaysusfotografos.com\/index.php?rest_route=%2Fwp%2Fv2%2Ftags&post=3802"}],"curies":[{"name":"wp","href":"https:\/\/api.w.org\/{rel}","templated":true}]}}