{"id":3755,"date":"2014-07-10T21:01:05","date_gmt":"2014-07-10T20:01:05","guid":{"rendered":"http:\/\/www.huelvaysusfotografos.com\/?p=3755"},"modified":"2014-07-10T21:03:43","modified_gmt":"2014-07-10T20:03:43","slug":"12-de-72","status":"publish","type":"post","link":"https:\/\/www.huelvaysusfotografos.com\/?p=3755","title":{"rendered":"12 de 72"},"content":{"rendered":"<p style=\"text-align: justify;\">Hola de nuevo!! Estrenando cara en nuestra web y muy contentos por el trabajo que se est\u00e1 realizando por parte de la Directiva y socios que van participando de nuestra Asociaci\u00f3n, volvemos a retomar los art\u00edculos \u00abx de 72\u00bb, donde \u00a0cada asociado se ir\u00e1 presentado de la manera que vea m\u00e1s conveniente en este espacio virtual. Gracias, en esta ocasi\u00f3n a Mar Revilla y a Pedro J. Ruiz- Constantino por haberse echado para delante con esta iniciativa donde todos aprendemos algo nuevo. Sin m\u00e1s, os dejamos sus presentaciones e im\u00e1genes.<\/p>\n<h1>MAR REVILLA<\/h1>\n<p style=\"text-align: justify;\">Desde muy peque\u00f1a he estado conectada a la fotograf\u00eda sin saberlo, viendo a mi padre con c\u00e1mara en a mano, fotografiando momentos y detalles para el recuerdo. Siempre he tenido ese gusanillo&#8230;Obtuve hace aproximadamente tres a\u00f1os el t\u00edtulo de T\u00e9cnico Superior en Imagen, pero desde mucho antes he intentado formarme de forma autodidacta en el mundo de la fotograf\u00eda, de la mano de la c\u00e1mara anal\u00f3gica de mi padre, una Pentax, y con las t\u00edpicas compactas, enamorando as\u00ed de la fotograf\u00eda anal\u00f3gica y digital simult\u00e1neamente. Siento un profundo respeto por esta profesi\u00f3n y espero seguir en ella muchos a\u00f1os, pues quiero que sea mi medio de vida, ya que es desde muy ni\u00f1a mi pasi\u00f3n.<\/p>\n<p style=\"text-align: justify;\">Son muchos fot\u00f3grafos que sorprendido y en definitiva que han sido referente para que me enganche a este mundo, entre ellos est\u00e1n: Cristina Garcia Rodero, Henri Cartier-Bresson y Annie Leibovitz.<\/p>\n<p style=\"text-align: justify;\">Como he dicho anteriormente, espero que sea mi medio de vida, ya que es mi pasi\u00f3n la fotograf\u00eda . Deseo avanzar en este mundillo tan complejo y lograr emocionar a la gente con mi trabajo. Actualmente estoy realizando exposiciones individuales de mi paso por los diferentes estilos fotogr\u00e1ficos a los que me sumerjo. Mas adelante deseo realizar m\u00e1s exposiciones tanto individuales como colectivas y as\u00ed expresar lo que es para mi la fotograf\u00eda en sus diferentes facetas.<\/p>\n<p style=\"text-align: justify;\">Mar nos ha dejado estas im\u00e1genes:<\/p>\n<p><a href=\"https:\/\/www.huelvaysusfotografos.com\/wp-content\/uploads\/2014\/07\/10414228_866479206700194_1196310599_o.jpg\"><img loading=\"lazy\" decoding=\"async\" class=\"aligncenter wp-image-3759\" src=\"https:\/\/www.huelvaysusfotografos.com\/wp-content\/uploads\/2014\/07\/10414228_866479206700194_1196310599_o-197x300.jpg\" alt=\"10414228_866479206700194_1196310599_o\" width=\"132\" height=\"200\" \/><\/a><\/p>\n<p>&nbsp;<\/p>\n<p><a href=\"https:\/\/www.huelvaysusfotografos.com\/wp-content\/uploads\/2014\/07\/10412122_866479260033522_1312028291_o.jpg\"><img loading=\"lazy\" decoding=\"async\" class=\"aligncenter wp-image-3758\" src=\"https:\/\/www.huelvaysusfotografos.com\/wp-content\/uploads\/2014\/07\/10412122_866479260033522_1312028291_o-200x300.jpg\" alt=\"10412122_866479260033522_1312028291_o\" width=\"133\" height=\"200\" srcset=\"https:\/\/www.huelvaysusfotografos.com\/wp-content\/uploads\/2014\/07\/10412122_866479260033522_1312028291_o-200x300.jpg 200w, https:\/\/www.huelvaysusfotografos.com\/wp-content\/uploads\/2014\/07\/10412122_866479260033522_1312028291_o-683x1024.jpg 683w, https:\/\/www.huelvaysusfotografos.com\/wp-content\/uploads\/2014\/07\/10412122_866479260033522_1312028291_o-768x1152.jpg 768w, https:\/\/www.huelvaysusfotografos.com\/wp-content\/uploads\/2014\/07\/10412122_866479260033522_1312028291_o-1024x1536.jpg 1024w, https:\/\/www.huelvaysusfotografos.com\/wp-content\/uploads\/2014\/07\/10412122_866479260033522_1312028291_o.jpg 1134w\" sizes=\"auto, (max-width: 133px) 100vw, 133px\" \/><\/a><\/p>\n<p><a href=\"https:\/\/www.huelvaysusfotografos.com\/wp-content\/uploads\/2014\/07\/10439094_866479283366853_1790887946_o.jpg\"><img decoding=\"async\" class=\"aligncenter size-medium wp-image-3761\" src=\"https:\/\/www.huelvaysusfotografos.com\/wp-content\/uploads\/2014\/07\/10439094_866479283366853_1790887946_o-300x200.jpg\" alt=\"10439094_866479283366853_1790887946_o\" \/><\/a><\/p>\n<h1>PEDRO J. RUIZ- CONSTANTINO<\/h1>\n<p>&nbsp;<\/p>\n<p style=\"text-align: justify;\">Hola, mi nombre es Pedro Jos\u00e9 Ruiz-Constantino P\u00e9rez y mi nombre de guerra \u00abPedrali\u00bb, que proviene de las iniciales de los nombres \u00abPedro y Alicia\u00bb, soy el Socio n\u00ba 1 y tengo el placer de dirigir junto a un magnifico equipo de compa\u00f1eros a este gran Grupo que formamos como es la \u00abAsociaci\u00f3n Huelva y sus Fot\u00f3grafos\u00bb.<\/p>\n<p style=\"text-align: justify;\">Toda mi vida profesional desde los 16 a\u00f1os ha sido dedicada a la Banca, tuve la suerte de Prejubilarme con una edad joven en el a\u00f1o 2010 y a partir de ah\u00ed dedicarme a la fotograf\u00eda en plan Amateur.<\/p>\n<p style=\"text-align: justify;\">Hice mis primeros pinitos fotogr\u00e1ficos con las c\u00e1maras anal\u00f3gicas, empec\u00e9 con una Yashica MG1, luego una Minolta y posteriormente pas\u00e9 a mi marca favorita que es la Olympus, la cual por cierto me robaron.<\/p>\n<p style=\"text-align: justify;\">Cuando empez\u00f3 el boom de la fotograf\u00eda digital me regal\u00f3 mi mujer una Kodak compacta de 3 megapixeles en su momento una pasada con la cual disfrut\u00e9 bastante y a partir de ah\u00ed me empez\u00f3 el gusanillo de la fotograf\u00eda meti\u00e9ndome m\u00e1s de lleno en este mundo que por cierto engancha bastante. Me compr\u00e9 ya una R\u00e9flex Olympus E-500 con dos objetivos el 14-42mm y un 40-150mm, despu\u00e9s pas\u00e9 a la E-520 y actualmente tengo la E-3, que me encanta.<br \/>\nA partir de ah\u00ed empec\u00e9 a entrar por Internet en Foros Fotogr\u00e1ficos hasta que en el a\u00f1o 2006 encontr\u00e9 la Red Social Flickr y ah\u00ed a un Grupito de gente de Huelva y Sevilla, muy competente que se llamaba \u00abMariKedadas\u00bb con los cuales empec\u00e9 a salir y hacer fotograf\u00edas y aprend\u00ed bastante con gente como Alonso Diaz, Glauka, Manolo Guerrero y varios m\u00e1s.<br \/>\nEn el a\u00f1o 2008, un d\u00eda un compa\u00f1ero de Flickr me coment\u00f3 que iba a hacer un Grupo que se llamar\u00eda \u00abAndaluc\u00eda y sus Fot\u00f3grafos\u00bb y que hab\u00eda pensado hacer uno en cada ciudad de Andaluc\u00eda, ofreci\u00e9ndome llevar el de Huelva, lo cual me hizo mucha ilusi\u00f3n y casi sin darme cuenta empezaron a apuntarse gente que me qued\u00e9 sorprendido de la aceptaci\u00f3n que tuvo.<br \/>\nHicimos la primera Kedada Nocturna por Huelva, y creo que fue donde a partir de ella nos unimos bastante y potenciamos el Grupo.<br \/>\nA ra\u00edz de eso creamos lo que es hoy en d\u00eda la Asociaci\u00f3n Huelva y sus Fot\u00f3grafos en el a\u00f1o 2012.<\/p>\n<p>Tengo que decir que soy un autodidacta total de la fotograf\u00eda y en cuanto a mi tema favorito aunque no me defino por ninguno en concreto, creo que el que mejor se me da es el \u00abPaisaje\u00bb.<\/p>\n<p>Aparte de compartir mis fotos en Redes Sociales me gusta participar en Concursos de Fotograf\u00edas y este es mi Curriculum.<\/p>\n<p>Primer Premio Concurso de la Hermandad del Rocio Huelva y Cartel de la Romer\u00eda 2014.<br \/>\nSegundo Premio Votaci\u00f3n Popular tambi\u00e9n de este Concurso a\u00f1o 2013.<br \/>\nEn el A\u00f1o 2010 consegu\u00ed en este mismo Concurso 2 y 3 Premio.<br \/>\nPrimer Premio II Concurso de Fotograf\u00eda Ambiental Aramba a\u00f1o 2013<br \/>\n2 Paseo Fotogr\u00e1fico de Ayamonte Premio Especial \u00abConcentraci\u00f3n de Motos\u00bb a\u00f1o 2011<br \/>\n3 Paseo Fotogr\u00e1fico de Ayamonte Premio Especial \u00abPlaza del Rosario\u00bb<br \/>\nPrimer Premio 4 Concurso Fotogr\u00e1fico Barriada de Canela a\u00f1o 2013.<br \/>\n3 Diplomas Concurso Concejal\u00eda de Turismo de Huelva sobre \u00abIm\u00e1genes del Odiel\u00bb a\u00f1o 2012 , \u00abBarrio Reina Victoria\u00bb y \u00abLa R\u00eda de Huelva\u00bb ambos en 2013.<br \/>\nHe participado en todas las Exposiciones Colectivas de Huelva y sus Fot\u00f3grafos e hice mi Primera Exposici\u00f3n en solitario con el Tema \u00abSENDEROS\u00bb de fotograf\u00edas tanto del Camino del Roc\u00edo como de la Saca de Yeguas.<br \/>\nCon todo esto espero que ya me conocer\u00e9is un poco m\u00e1s.<\/p>\n<p>Pedro nos invita a pasear por estos lares:<\/p>\n<p><a href=\"https:\/\/www.huelvaysusfotografos.com\/wp-content\/uploads\/2014\/07\/10422649_10203733630439504_1239170608_o.jpg\"><img loading=\"lazy\" decoding=\"async\" width=\"300\" height=\"225\" class=\"aligncenter size-medium wp-image-3760\" src=\"https:\/\/www.huelvaysusfotografos.com\/wp-content\/uploads\/2014\/07\/10422649_10203733630439504_1239170608_o-300x225.jpg\" alt=\"10422649_10203733630439504_1239170608_o\" srcset=\"https:\/\/www.huelvaysusfotografos.com\/wp-content\/uploads\/2014\/07\/10422649_10203733630439504_1239170608_o-300x225.jpg 300w, https:\/\/www.huelvaysusfotografos.com\/wp-content\/uploads\/2014\/07\/10422649_10203733630439504_1239170608_o-768x576.jpg 768w, https:\/\/www.huelvaysusfotografos.com\/wp-content\/uploads\/2014\/07\/10422649_10203733630439504_1239170608_o-160x120.jpg 160w, https:\/\/www.huelvaysusfotografos.com\/wp-content\/uploads\/2014\/07\/10422649_10203733630439504_1239170608_o.jpg 1024w\" sizes=\"auto, (max-width: 300px) 100vw, 300px\" \/><\/a><\/p>\n<p><a href=\"https:\/\/www.huelvaysusfotografos.com\/wp-content\/uploads\/2014\/07\/10410043_10203733619719236_1095431609_n.jpg\"><img decoding=\"async\" class=\"aligncenter size-medium wp-image-3757\" src=\"https:\/\/www.huelvaysusfotografos.com\/wp-content\/uploads\/2014\/07\/10410043_10203733619719236_1095431609_n-300x214.jpg\" alt=\"10410043_10203733619719236_1095431609_n\" \/><\/a><\/p>\n<p><a href=\"https:\/\/www.huelvaysusfotografos.com\/wp-content\/uploads\/2014\/07\/10396423_10203733615959142_1213052733_n.jpg\"><img loading=\"lazy\" decoding=\"async\" width=\"225\" height=\"300\" class=\"aligncenter size-medium wp-image-3756\" src=\"https:\/\/www.huelvaysusfotografos.com\/wp-content\/uploads\/2014\/07\/10396423_10203733615959142_1213052733_n-225x300.jpg\" alt=\"10396423_10203733615959142_1213052733_n\" srcset=\"https:\/\/www.huelvaysusfotografos.com\/wp-content\/uploads\/2014\/07\/10396423_10203733615959142_1213052733_n-225x300.jpg 225w, https:\/\/www.huelvaysusfotografos.com\/wp-content\/uploads\/2014\/07\/10396423_10203733615959142_1213052733_n.jpg 657w\" sizes=\"auto, (max-width: 225px) 100vw, 225px\" \/><\/a><\/p>\n<p>De nuevo gracias a los dos por vuestro tiempo y vuestro trabajo, y deseamos que continu\u00e9is en esta magn\u00edfica l\u00ednea de trabajo.<\/p>\n<p>&nbsp;<\/p>\n","protected":false},"excerpt":{"rendered":"<p>Hola de nuevo!! Estrenando cara en nuestra web y muy contentos por el trabajo que se est\u00e1 realizando por parte de la Directiva y socios que van participando de nuestra Asociaci\u00f3n, volvemos a retomar los art\u00edculos \u00abx de 72\u00bb, donde \u00a0cada asociado se ir\u00e1 presentado de la manera que vea m\u00e1s conveniente en este espacio virtual. Gracias, en esta ocasi\u00f3n a Mar Revilla y a Pedro J. Ruiz- Constantino por<\/p>\n<div class=\"belowpost\"><a class=\"btnmore\" href=\"https:\/\/www.huelvaysusfotografos.com\/?p=3755\">Seguir leyendo<\/a><\/div>\n","protected":false},"author":41,"featured_media":3761,"comment_status":"open","ping_status":"open","sticky":false,"template":"","format":"standard","meta":{"footnotes":"","_links_to":"","_links_to_target":""},"categories":[5],"tags":[],"class_list":["post-3755","post","type-post","status-publish","format-standard","has-post-thumbnail","hentry","category-socios"],"_links":{"self":[{"href":"https:\/\/www.huelvaysusfotografos.com\/index.php?rest_route=\/wp\/v2\/posts\/3755","targetHints":{"allow":["GET"]}}],"collection":[{"href":"https:\/\/www.huelvaysusfotografos.com\/index.php?rest_route=\/wp\/v2\/posts"}],"about":[{"href":"https:\/\/www.huelvaysusfotografos.com\/index.php?rest_route=\/wp\/v2\/types\/post"}],"author":[{"embeddable":true,"href":"https:\/\/www.huelvaysusfotografos.com\/index.php?rest_route=\/wp\/v2\/users\/41"}],"replies":[{"embeddable":true,"href":"https:\/\/www.huelvaysusfotografos.com\/index.php?rest_route=%2Fwp%2Fv2%2Fcomments&post=3755"}],"version-history":[{"count":5,"href":"https:\/\/www.huelvaysusfotografos.com\/index.php?rest_route=\/wp\/v2\/posts\/3755\/revisions"}],"predecessor-version":[{"id":3766,"href":"https:\/\/www.huelvaysusfotografos.com\/index.php?rest_route=\/wp\/v2\/posts\/3755\/revisions\/3766"}],"wp:featuredmedia":[{"embeddable":true,"href":"https:\/\/www.huelvaysusfotografos.com\/index.php?rest_route=\/wp\/v2\/media\/3761"}],"wp:attachment":[{"href":"https:\/\/www.huelvaysusfotografos.com\/index.php?rest_route=%2Fwp%2Fv2%2Fmedia&parent=3755"}],"wp:term":[{"taxonomy":"category","embeddable":true,"href":"https:\/\/www.huelvaysusfotografos.com\/index.php?rest_route=%2Fwp%2Fv2%2Fcategories&post=3755"},{"taxonomy":"post_tag","embeddable":true,"href":"https:\/\/www.huelvaysusfotografos.com\/index.php?rest_route=%2Fwp%2Fv2%2Ftags&post=3755"}],"curies":[{"name":"wp","href":"https:\/\/api.w.org\/{rel}","templated":true}]}}