{"id":3637,"date":"2014-07-01T21:42:49","date_gmt":"2014-07-01T20:42:49","guid":{"rendered":"http:\/\/www.huelvaysusfotografos.com\/?p=3637"},"modified":"2014-07-08T11:08:42","modified_gmt":"2014-07-08T10:08:42","slug":"entregados-los-premios-de-fotografia-urbana","status":"publish","type":"post","link":"https:\/\/www.huelvaysusfotografos.com\/?p=3637","title":{"rendered":"Entregados los premios de FOTOGRAF\u00cdA URBANA"},"content":{"rendered":"<p>&nbsp;<\/p>\n<p>El pasado mes de mayo ten\u00edamos entre manos en el concurso \u00abHUELVA A TRAV\u00c9S DE LA FOTOGRAF\u00cdA\u00bb la tem\u00e1tica \u00abFotograf\u00eda Urbana\u00bb, se\u00a0\u00a0se trataba de observar nuestro entorno, la ciudad de Huelva y captar su esencia, intentando unir arquitectura, gente, costumbre, cultura\u2026 en definitiva se deber\u00e1 retratar la personalidad de la ciudad).<\/p>\n<p>Esta fue la decisi\u00f3n del jurado:\u00a0<strong>ACTA DEL FALLO DEL JURADO<\/strong><\/p>\n<p><em>El\u00a0\u00a09 de junio de 2014, a las 12.00 h. en el Centro de Visitantes \u201cHuelva, Puerta del Atl\u00e1ntico\u201d, se re\u00fane el Jurado que fallar\u00e1 el Concurso de fotograf\u00edas \u201c<strong>HUELVA A TRAV\u00c9S DE LA FOTOGRAF\u00cdA: FOTOGRAF\u00cdA URBANA<\/strong>\u201d, organizado por la Concejal\u00eda de Turismo del Ayuntamiento de Huelva en colaboraci\u00f3n con la Asociaci\u00f3n Huelva y sus Fot\u00f3grafos, y el Patrocinio de Elena S. Balonga- Fotograf\u00eda. Dicho jurado ha estado compuesto por Reynus S\u00e1nchez, Fot\u00f3grafo Profesional\u00a0<\/em><em>y Juana M\u00aa Mart\u00edn Infantes, Dinamizadora de la Concejal\u00eda de Turismo del Ayuntamiento de Huelva.<\/em><\/p>\n<p><em>A dicho concurso se han presentado 24 participantes. Una vez valoradas las fotograf\u00edas presentadas seg\u00fan las bases, se ha decidido por unanimidad que:<\/em><\/p>\n<p>El Primer premio y por lo tanto fotograf\u00eda ganadora del Concurso Fotogr\u00e1fico bajo la tem\u00e1tica \u201cFotograf\u00eda Urbana\u201d corresponde a<strong>\u00a0Pedro Jos\u00e9 Ruiz- Constantino P\u00e9rez\u00a0<\/strong>con la imagen titulada \u201cVenta Ambulante\u201d.<\/p>\n<p><a href=\"https:\/\/www.huelvaysusfotografos.com\/wp-content\/uploads\/2014\/07\/10401911_773863535967013_5668692333413118455_n.jpg\"><img loading=\"lazy\" decoding=\"async\" class=\"aligncenter  wp-image-3639\" src=\"https:\/\/www.huelvaysusfotografos.com\/wp-content\/uploads\/2014\/07\/10401911_773863535967013_5668692333413118455_n-300x225.jpg\" alt=\"10401911_773863535967013_5668692333413118455_n\" width=\"456\" height=\"342\" srcset=\"https:\/\/www.huelvaysusfotografos.com\/wp-content\/uploads\/2014\/07\/10401911_773863535967013_5668692333413118455_n-300x225.jpg 300w, https:\/\/www.huelvaysusfotografos.com\/wp-content\/uploads\/2014\/07\/10401911_773863535967013_5668692333413118455_n-768x576.jpg 768w, https:\/\/www.huelvaysusfotografos.com\/wp-content\/uploads\/2014\/07\/10401911_773863535967013_5668692333413118455_n-160x120.jpg 160w, https:\/\/www.huelvaysusfotografos.com\/wp-content\/uploads\/2014\/07\/10401911_773863535967013_5668692333413118455_n.jpg 960w\" sizes=\"auto, (max-width: 456px) 100vw, 456px\" \/><\/a><\/p>\n<p>&nbsp;<\/p>\n<p>Igualmente se ha decidido otorgar un acc\u00e9sit a\u00a0<strong>Francisco J. Fern\u00e1ndez G\u00f3mez<\/strong>\u00a0por su imagen titulada \u201cInstante decisivo\u201d.<\/p>\n<p><a href=\"https:\/\/www.huelvaysusfotografos.com\/wp-content\/uploads\/2014\/07\/10358692_773863709300329_5136960665126959222_n.jpg\"><img loading=\"lazy\" decoding=\"async\" class=\"aligncenter  wp-image-3638\" src=\"https:\/\/www.huelvaysusfotografos.com\/wp-content\/uploads\/2014\/07\/10358692_773863709300329_5136960665126959222_n-300x224.jpg\" alt=\"acc\u00e9sit a Francisco J. Fern\u00e1ndez G\u00f3mez por su imagen titulada \u201cInstante decisivo\u201d.\" width=\"440\" height=\"328\" \/><\/a><\/p>\n<p>&nbsp;<\/p>\n<p>La entrega de premios se hizo\u00a0en junio.<a href=\"https:\/\/www.huelvaysusfotografos.com\/wp-content\/uploads\/2014\/07\/10499760_10204274530806166_809238166_o.jpg\"><img decoding=\"async\" class=\"aligncenter size-medium wp-image-3640\" src=\"https:\/\/www.huelvaysusfotografos.com\/wp-content\/uploads\/2014\/07\/10499760_10204274530806166_809238166_o-300x242.jpg\" alt=\"Entrega de Premios\" \/><\/a><\/p>\n<p><a href=\"https:\/\/www.huelvaysusfotografos.com\/wp-content\/uploads\/2014\/07\/Entrega-premios-Fotograf\u00eda-Urbana.jpg\"><img loading=\"lazy\" decoding=\"async\" width=\"300\" height=\"199\" class=\"aligncenter size-medium wp-image-3641\" src=\"https:\/\/www.huelvaysusfotografos.com\/wp-content\/uploads\/2014\/07\/Entrega-premios-Fotograf\u00eda-Urbana-300x199.jpg\" alt=\"Entrega de premios\" srcset=\"https:\/\/www.huelvaysusfotografos.com\/wp-content\/uploads\/2014\/07\/Entrega-premios-Fotograf\u00eda-Urbana-300x199.jpg 300w, https:\/\/www.huelvaysusfotografos.com\/wp-content\/uploads\/2014\/07\/Entrega-premios-Fotograf\u00eda-Urbana-768x510.jpg 768w, https:\/\/www.huelvaysusfotografos.com\/wp-content\/uploads\/2014\/07\/Entrega-premios-Fotograf\u00eda-Urbana-120x80.jpg 120w, https:\/\/www.huelvaysusfotografos.com\/wp-content\/uploads\/2014\/07\/Entrega-premios-Fotograf\u00eda-Urbana.jpg 850w\" sizes=\"auto, (max-width: 300px) 100vw, 300px\" \/><\/a><\/p>\n","protected":false},"excerpt":{"rendered":"<p>&nbsp; El pasado mes de mayo ten\u00edamos entre manos en el concurso \u00abHUELVA A TRAV\u00c9S DE LA FOTOGRAF\u00cdA\u00bb la tem\u00e1tica \u00abFotograf\u00eda Urbana\u00bb, se\u00a0\u00a0se trataba de observar nuestro entorno, la ciudad de Huelva y captar su esencia, intentando unir arquitectura, gente, costumbre, cultura\u2026 en definitiva se deber\u00e1 retratar la personalidad de la ciudad). Esta fue la decisi\u00f3n del jurado:\u00a0ACTA DEL FALLO DEL JURADO El\u00a0\u00a09 de junio de 2014, a las 12.00<\/p>\n<div class=\"belowpost\"><a class=\"btnmore\" href=\"https:\/\/www.huelvaysusfotografos.com\/?p=3637\">Seguir leyendo<\/a><\/div>\n","protected":false},"author":41,"featured_media":3642,"comment_status":"open","ping_status":"open","sticky":false,"template":"","format":"standard","meta":{"footnotes":"","_links_to":"","_links_to_target":""},"categories":[53],"tags":[],"class_list":["post-3637","post","type-post","status-publish","format-standard","has-post-thumbnail","hentry","category-premios"],"_links":{"self":[{"href":"https:\/\/www.huelvaysusfotografos.com\/index.php?rest_route=\/wp\/v2\/posts\/3637","targetHints":{"allow":["GET"]}}],"collection":[{"href":"https:\/\/www.huelvaysusfotografos.com\/index.php?rest_route=\/wp\/v2\/posts"}],"about":[{"href":"https:\/\/www.huelvaysusfotografos.com\/index.php?rest_route=\/wp\/v2\/types\/post"}],"author":[{"embeddable":true,"href":"https:\/\/www.huelvaysusfotografos.com\/index.php?rest_route=\/wp\/v2\/users\/41"}],"replies":[{"embeddable":true,"href":"https:\/\/www.huelvaysusfotografos.com\/index.php?rest_route=%2Fwp%2Fv2%2Fcomments&post=3637"}],"version-history":[{"count":2,"href":"https:\/\/www.huelvaysusfotografos.com\/index.php?rest_route=\/wp\/v2\/posts\/3637\/revisions"}],"predecessor-version":[{"id":3644,"href":"https:\/\/www.huelvaysusfotografos.com\/index.php?rest_route=\/wp\/v2\/posts\/3637\/revisions\/3644"}],"wp:featuredmedia":[{"embeddable":true,"href":"https:\/\/www.huelvaysusfotografos.com\/index.php?rest_route=\/wp\/v2\/media\/3642"}],"wp:attachment":[{"href":"https:\/\/www.huelvaysusfotografos.com\/index.php?rest_route=%2Fwp%2Fv2%2Fmedia&parent=3637"}],"wp:term":[{"taxonomy":"category","embeddable":true,"href":"https:\/\/www.huelvaysusfotografos.com\/index.php?rest_route=%2Fwp%2Fv2%2Fcategories&post=3637"},{"taxonomy":"post_tag","embeddable":true,"href":"https:\/\/www.huelvaysusfotografos.com\/index.php?rest_route=%2Fwp%2Fv2%2Ftags&post=3637"}],"curies":[{"name":"wp","href":"https:\/\/api.w.org\/{rel}","templated":true}]}}