{"id":3627,"date":"2014-07-01T21:54:13","date_gmt":"2014-07-01T20:54:13","guid":{"rendered":"http:\/\/www.huelvaysusfotografos.com\/?p=3627"},"modified":"2014-07-08T11:09:17","modified_gmt":"2014-07-08T10:09:17","slug":"elena-sanchez-balonga-en-moguer","status":"publish","type":"post","link":"https:\/\/www.huelvaysusfotografos.com\/?p=3627","title":{"rendered":"Elena S\u00e1nchez Balonga en Moguer"},"content":{"rendered":"<p>&nbsp;<\/p>\n<p style=\"text-align: justify;\">Nuestra amiga y socia Elena S\u00e1nchez Balonga aborda una tem\u00e1tica muy atractiva y apropiada para el a\u00f1o en que se celebra el centenario de la primera edici\u00f3n de \u00abPlatero y yo\u00bb, obra del premio novel Juan Ram\u00f3n Jim\u00e9nez. Y qu\u00e9 mejor marco que la Casa Museo Zenobia- Juan Ram\u00f3n Jim\u00e9nez de Moguer.<\/p>\n<p style=\"text-align: justify;\">La muestra se inaugur\u00f3 el pasado 18 de junio, Elena inaugur\u00f3 su exposici\u00f3n \u00ab<b>Platero y yo. Cianotipias\u00bb<\/b> y estar\u00e1 visitable hasta el 31 de julio.<\/p>\n<p><a href=\"https:\/\/www.huelvaysusfotografos.com\/wp-content\/uploads\/2014\/07\/1-10.jpg\"><img loading=\"lazy\" decoding=\"async\" class=\"aligncenter wp-image-3630 \" src=\"https:\/\/www.huelvaysusfotografos.com\/wp-content\/uploads\/2014\/07\/1-10.jpg\" alt=\"Momento acto de Inauguraci\u00f3n 18 junio 2014\" width=\"654\" height=\"367\" srcset=\"https:\/\/www.huelvaysusfotografos.com\/wp-content\/uploads\/2014\/07\/1-10.jpg 850w, https:\/\/www.huelvaysusfotografos.com\/wp-content\/uploads\/2014\/07\/1-10-300x168.jpg 300w, https:\/\/www.huelvaysusfotografos.com\/wp-content\/uploads\/2014\/07\/1-10-768x431.jpg 768w\" sizes=\"auto, (max-width: 654px) 100vw, 654px\" \/><\/a><\/p>\n<p style=\"text-align: justify;\"><b>La Cianotipia<\/b> es uno de los procesos fotogr\u00e1ficos m\u00e1s antiguos que data de mediados del siglo XIX, fue inventada por el astr\u00f3nomo y qu\u00edmico John Herschel. Para su elaboraci\u00f3n, se realizar\u00e1 un negativo del tama\u00f1o de la copia final, que una vez preparado\u00a0 el soporte, que en esta exposici\u00f3n se realizar\u00e1 sobre papel de acuarela, se impregnar\u00e1 una emulsi\u00f3n fotosensible de sales de hierro (ferricianuro\u00a0 pot\u00e1sico) para posteriormente se utilizado en impresi\u00f3n por contacto. El papel de acuarela una vez emulsionado y lavado en agua,\u00a0 surge el blanco sobre un fondo Azul Prusia . <b>Este tono y color de la imagen es lo que caracteriza este proceso fotogr\u00e1fico.\u00a0<\/b>Por su gran trabajo artesanal y su elaboraci\u00f3n, posee un gran poder de durabilidad en el tiempo y es utilizado como obra de arte, para galer\u00eda y coleccionistas.<\/p>\n<p><a href=\"https:\/\/www.huelvaysusfotografos.com\/wp-content\/uploads\/2014\/07\/1-2.jpg\"><img loading=\"lazy\" decoding=\"async\" class=\"aligncenter wp-image-3629 \" src=\"https:\/\/www.huelvaysusfotografos.com\/wp-content\/uploads\/2014\/07\/1-2.jpg\" alt=\"Elena posa ante su obra\" width=\"696\" height=\"421\" srcset=\"https:\/\/www.huelvaysusfotografos.com\/wp-content\/uploads\/2014\/07\/1-2.jpg 850w, https:\/\/www.huelvaysusfotografos.com\/wp-content\/uploads\/2014\/07\/1-2-300x181.jpg 300w, https:\/\/www.huelvaysusfotografos.com\/wp-content\/uploads\/2014\/07\/1-2-768x464.jpg 768w\" sizes=\"auto, (max-width: 696px) 100vw, 696px\" \/><\/a><\/p>\n<p>&nbsp;<\/p>\n<p style=\"text-align: justify;\">Deseamos que este proyecto tenga \u00e9xito y sea toda una experiencia visual para los visitantes. Como siempre la entrega y la elegancia de la obra de Elena sigue sorprendiendo a quienes la conocen y a los que la descubren. Deseosos de ver m\u00e1s trabajos tuyos, enhorabuena!!<\/p>\n","protected":false},"excerpt":{"rendered":"<p>&nbsp; Nuestra amiga y socia Elena S\u00e1nchez Balonga aborda una tem\u00e1tica muy atractiva y apropiada para el a\u00f1o en que se celebra el centenario de la primera edici\u00f3n de \u00abPlatero y yo\u00bb, obra del premio novel Juan Ram\u00f3n Jim\u00e9nez. Y qu\u00e9 mejor marco que la Casa Museo Zenobia- Juan Ram\u00f3n Jim\u00e9nez de Moguer. La muestra se inaugur\u00f3 el pasado 18 de junio, Elena inaugur\u00f3 su exposici\u00f3n \u00abPlatero y yo. Cianotipias\u00bb<\/p>\n<div class=\"belowpost\"><a class=\"btnmore\" href=\"https:\/\/www.huelvaysusfotografos.com\/?p=3627\">Seguir leyendo<\/a><\/div>\n","protected":false},"author":41,"featured_media":3632,"comment_status":"open","ping_status":"open","sticky":false,"template":"","format":"standard","meta":{"footnotes":"","_links_to":"","_links_to_target":""},"categories":[23],"tags":[],"class_list":["post-3627","post","type-post","status-publish","format-standard","has-post-thumbnail","hentry","category-exposiciones"],"_links":{"self":[{"href":"https:\/\/www.huelvaysusfotografos.com\/index.php?rest_route=\/wp\/v2\/posts\/3627","targetHints":{"allow":["GET"]}}],"collection":[{"href":"https:\/\/www.huelvaysusfotografos.com\/index.php?rest_route=\/wp\/v2\/posts"}],"about":[{"href":"https:\/\/www.huelvaysusfotografos.com\/index.php?rest_route=\/wp\/v2\/types\/post"}],"author":[{"embeddable":true,"href":"https:\/\/www.huelvaysusfotografos.com\/index.php?rest_route=\/wp\/v2\/users\/41"}],"replies":[{"embeddable":true,"href":"https:\/\/www.huelvaysusfotografos.com\/index.php?rest_route=%2Fwp%2Fv2%2Fcomments&post=3627"}],"version-history":[{"count":7,"href":"https:\/\/www.huelvaysusfotografos.com\/index.php?rest_route=\/wp\/v2\/posts\/3627\/revisions"}],"predecessor-version":[{"id":3648,"href":"https:\/\/www.huelvaysusfotografos.com\/index.php?rest_route=\/wp\/v2\/posts\/3627\/revisions\/3648"}],"wp:featuredmedia":[{"embeddable":true,"href":"https:\/\/www.huelvaysusfotografos.com\/index.php?rest_route=\/wp\/v2\/media\/3632"}],"wp:attachment":[{"href":"https:\/\/www.huelvaysusfotografos.com\/index.php?rest_route=%2Fwp%2Fv2%2Fmedia&parent=3627"}],"wp:term":[{"taxonomy":"category","embeddable":true,"href":"https:\/\/www.huelvaysusfotografos.com\/index.php?rest_route=%2Fwp%2Fv2%2Fcategories&post=3627"},{"taxonomy":"post_tag","embeddable":true,"href":"https:\/\/www.huelvaysusfotografos.com\/index.php?rest_route=%2Fwp%2Fv2%2Ftags&post=3627"}],"curies":[{"name":"wp","href":"https:\/\/api.w.org\/{rel}","templated":true}]}}