{"id":3591,"date":"2014-06-13T20:51:54","date_gmt":"2014-06-13T19:51:54","guid":{"rendered":"http:\/\/www.huelvaysusfotografos.com\/?p=3591"},"modified":"2014-06-16T16:45:44","modified_gmt":"2014-06-16T15:45:44","slug":"cianotipias-de-elena-sanchez-balonga","status":"publish","type":"post","link":"https:\/\/www.huelvaysusfotografos.com\/?p=3591","title":{"rendered":"CIANOTIPIAS de Elena S\u00e1nchez Balonga"},"content":{"rendered":"<p style=\"text-align: justify;\">Nuestra socia y amiga Elena S Balonga, inaugura el pr\u00f3ximo 18 de junio a las 20.00 h. en la Fundaci\u00f3n Zenobia Juan Ram\u00f3n Jim\u00e9nez, una curiosa exposici\u00f3n fotogr\u00e1fica, utilizando un proceso fotogr\u00e1fico antiguo llamado cianotipia, este proceso se realizaba de forma artesanal a principios del siglo XIX.<\/p>\n<p style=\"text-align: justify;\">El t\u00edtulo de la muestra \u00abUn viaje al pasado&#8230;Platero y yo\u00bb, con 16 fotograf\u00edas acompa\u00f1ados de textos del libro de Platero y yo de Juan Ram\u00f3n Jim\u00e9nez.<\/p>\n<figure id=\"attachment_3592\" aria-describedby=\"caption-attachment-3592\" style=\"width: 550px\" class=\"wp-caption alignleft\"><a href=\"https:\/\/www.huelvaysusfotografos.com\/wp-content\/uploads\/2014\/06\/10452490_10202315979996495_327152813_o.jpg\"><img loading=\"lazy\" decoding=\"async\" class=\"wp-image-3592\" src=\"https:\/\/www.huelvaysusfotografos.com\/wp-content\/uploads\/2014\/06\/10452490_10202315979996495_327152813_o-1024x436.jpg\" alt=\"Invitaci\u00f3n\" width=\"550\" height=\"234\" \/><\/a><figcaption id=\"caption-attachment-3592\" class=\"wp-caption-text\">Invitaci\u00f3n<\/figcaption><\/figure>\n","protected":false},"excerpt":{"rendered":"<p>Nuestra socia y amiga Elena S Balonga, inaugura el pr\u00f3ximo 18 de junio a las 20.00 h. en la Fundaci\u00f3n Zenobia Juan Ram\u00f3n Jim\u00e9nez, una curiosa exposici\u00f3n fotogr\u00e1fica, utilizando un proceso fotogr\u00e1fico antiguo llamado cianotipia, este proceso se realizaba de forma artesanal a principios del siglo XIX. El t\u00edtulo de la muestra \u00abUn viaje al pasado&#8230;Platero y yo\u00bb, con 16 fotograf\u00edas acompa\u00f1ados de textos del libro de Platero y yo<\/p>\n<div class=\"belowpost\"><a class=\"btnmore\" href=\"https:\/\/www.huelvaysusfotografos.com\/?p=3591\">Seguir leyendo<\/a><\/div>\n","protected":false},"author":41,"featured_media":3592,"comment_status":"open","ping_status":"open","sticky":false,"template":"","format":"standard","meta":{"footnotes":"","_links_to":"","_links_to_target":""},"categories":[3],"tags":[],"class_list":["post-3591","post","type-post","status-publish","format-standard","has-post-thumbnail","hentry","category-noticias"],"_links":{"self":[{"href":"https:\/\/www.huelvaysusfotografos.com\/index.php?rest_route=\/wp\/v2\/posts\/3591","targetHints":{"allow":["GET"]}}],"collection":[{"href":"https:\/\/www.huelvaysusfotografos.com\/index.php?rest_route=\/wp\/v2\/posts"}],"about":[{"href":"https:\/\/www.huelvaysusfotografos.com\/index.php?rest_route=\/wp\/v2\/types\/post"}],"author":[{"embeddable":true,"href":"https:\/\/www.huelvaysusfotografos.com\/index.php?rest_route=\/wp\/v2\/users\/41"}],"replies":[{"embeddable":true,"href":"https:\/\/www.huelvaysusfotografos.com\/index.php?rest_route=%2Fwp%2Fv2%2Fcomments&post=3591"}],"version-history":[{"count":4,"href":"https:\/\/www.huelvaysusfotografos.com\/index.php?rest_route=\/wp\/v2\/posts\/3591\/revisions"}],"predecessor-version":[{"id":3596,"href":"https:\/\/www.huelvaysusfotografos.com\/index.php?rest_route=\/wp\/v2\/posts\/3591\/revisions\/3596"}],"wp:featuredmedia":[{"embeddable":true,"href":"https:\/\/www.huelvaysusfotografos.com\/index.php?rest_route=\/wp\/v2\/media\/3592"}],"wp:attachment":[{"href":"https:\/\/www.huelvaysusfotografos.com\/index.php?rest_route=%2Fwp%2Fv2%2Fmedia&parent=3591"}],"wp:term":[{"taxonomy":"category","embeddable":true,"href":"https:\/\/www.huelvaysusfotografos.com\/index.php?rest_route=%2Fwp%2Fv2%2Fcategories&post=3591"},{"taxonomy":"post_tag","embeddable":true,"href":"https:\/\/www.huelvaysusfotografos.com\/index.php?rest_route=%2Fwp%2Fv2%2Ftags&post=3591"}],"curies":[{"name":"wp","href":"https:\/\/api.w.org\/{rel}","templated":true}]}}