{"id":3577,"date":"2014-06-07T09:15:20","date_gmt":"2014-06-07T08:15:20","guid":{"rendered":"http:\/\/www.huelvaysusfotografos.com\/?p=3577"},"modified":"2014-07-08T11:09:54","modified_gmt":"2014-07-08T10:09:54","slug":"concurso-huelva-blanca-y-azul","status":"publish","type":"post","link":"https:\/\/www.huelvaysusfotografos.com\/?p=3577","title":{"rendered":"Concurso: Huelva, blanca y azul"},"content":{"rendered":"<p style=\"text-align: justify;\">Un mes m\u00e1s se convoca el concurso \u00abHuelva a trav\u00e9s de la fotograf\u00eda\u00bb en el que colaboramos con la Concejal\u00eda de Turismo del Ayuntamiento de Huelva. En esta ocasi\u00f3n hemos querido que la tem\u00e1tica gire entorno a la idea \u00abHuelva, blanca y azul\u00bb, combinada con \u00a0la imagen de la ciudad de Huelva&#8230; que se identifique y reconozca la\u00a0ciudad de Huelva.<\/p>\n<p style=\"text-align: justify;\">Como en ediciones anteriores, animamos \u00a0a la participaci\u00f3n, a nuestros asociados y a fot\u00f3grafos aficionados o profesionales que deseen concursar. Sab\u00e9is que habr\u00e1 un ganador, y si el jurado lo ve oportuno, se podr\u00e1n dar algunos acc\u00e9sit. Os aconsejamos que le\u00e1is las bases atentamente y remit\u00e1is antes del 30 de junio las im\u00e1genes a turismo2@huelva.es.<\/p>\n<figure id=\"attachment_3578\" aria-describedby=\"caption-attachment-3578\" style=\"width: 550px\" class=\"wp-caption aligncenter\"><img loading=\"lazy\" decoding=\"async\" class=\"wp-image-3578\" src=\"https:\/\/www.huelvaysusfotografos.com\/wp-content\/uploads\/2014\/06\/1907334_713656515357166_1858421567879733493_n.jpg\" alt=\"Cartel\" width=\"550\" height=\"436\" srcset=\"https:\/\/www.huelvaysusfotografos.com\/wp-content\/uploads\/2014\/06\/1907334_713656515357166_1858421567879733493_n.jpg 960w, https:\/\/www.huelvaysusfotografos.com\/wp-content\/uploads\/2014\/06\/1907334_713656515357166_1858421567879733493_n-300x238.jpg 300w, https:\/\/www.huelvaysusfotografos.com\/wp-content\/uploads\/2014\/06\/1907334_713656515357166_1858421567879733493_n-768x609.jpg 768w\" sizes=\"auto, (max-width: 550px) 100vw, 550px\" \/><figcaption id=\"caption-attachment-3578\" class=\"wp-caption-text\"><span style=\"color: #000000;\">Cartel<\/span><\/figcaption><\/figure>\n<figure id=\"attachment_3589\" aria-describedby=\"caption-attachment-3589\" style=\"width: 579px\" class=\"wp-caption aligncenter\"><a href=\"https:\/\/www.huelvaysusfotografos.com\/wp-content\/uploads\/2014\/06\/10369010_715275628528588_58399959558339279_o.jpg\"><img loading=\"lazy\" decoding=\"async\" class=\"wp-image-3589\" src=\"https:\/\/www.huelvaysusfotografos.com\/wp-content\/uploads\/2014\/06\/10369010_715275628528588_58399959558339279_o-790x1024.jpg\" alt=\"Bases del Concurso\" width=\"579\" height=\"750\" \/><\/a><figcaption id=\"caption-attachment-3589\" class=\"wp-caption-text\">Bases del Concurso<\/figcaption><\/figure>\n","protected":false},"excerpt":{"rendered":"<p>Un mes m\u00e1s se convoca el concurso \u00abHuelva a trav\u00e9s de la fotograf\u00eda\u00bb en el que colaboramos con la Concejal\u00eda de Turismo del Ayuntamiento de Huelva. En esta ocasi\u00f3n hemos querido que la tem\u00e1tica gire entorno a la idea \u00abHuelva, blanca y azul\u00bb, combinada con \u00a0la imagen de la ciudad de Huelva&#8230; que se identifique y reconozca la\u00a0ciudad de Huelva. Como en ediciones anteriores, animamos \u00a0a la participaci\u00f3n, a nuestros<\/p>\n<div class=\"belowpost\"><a class=\"btnmore\" href=\"https:\/\/www.huelvaysusfotografos.com\/?p=3577\">Seguir leyendo<\/a><\/div>\n","protected":false},"author":41,"featured_media":3578,"comment_status":"open","ping_status":"open","sticky":false,"template":"","format":"standard","meta":{"footnotes":"","_links_to":"","_links_to_target":""},"categories":[12,3],"tags":[],"class_list":["post-3577","post","type-post","status-publish","format-standard","has-post-thumbnail","hentry","category-concursos","category-noticias"],"_links":{"self":[{"href":"https:\/\/www.huelvaysusfotografos.com\/index.php?rest_route=\/wp\/v2\/posts\/3577","targetHints":{"allow":["GET"]}}],"collection":[{"href":"https:\/\/www.huelvaysusfotografos.com\/index.php?rest_route=\/wp\/v2\/posts"}],"about":[{"href":"https:\/\/www.huelvaysusfotografos.com\/index.php?rest_route=\/wp\/v2\/types\/post"}],"author":[{"embeddable":true,"href":"https:\/\/www.huelvaysusfotografos.com\/index.php?rest_route=\/wp\/v2\/users\/41"}],"replies":[{"embeddable":true,"href":"https:\/\/www.huelvaysusfotografos.com\/index.php?rest_route=%2Fwp%2Fv2%2Fcomments&post=3577"}],"version-history":[{"count":5,"href":"https:\/\/www.huelvaysusfotografos.com\/index.php?rest_route=\/wp\/v2\/posts\/3577\/revisions"}],"predecessor-version":[{"id":3590,"href":"https:\/\/www.huelvaysusfotografos.com\/index.php?rest_route=\/wp\/v2\/posts\/3577\/revisions\/3590"}],"wp:featuredmedia":[{"embeddable":true,"href":"https:\/\/www.huelvaysusfotografos.com\/index.php?rest_route=\/wp\/v2\/media\/3578"}],"wp:attachment":[{"href":"https:\/\/www.huelvaysusfotografos.com\/index.php?rest_route=%2Fwp%2Fv2%2Fmedia&parent=3577"}],"wp:term":[{"taxonomy":"category","embeddable":true,"href":"https:\/\/www.huelvaysusfotografos.com\/index.php?rest_route=%2Fwp%2Fv2%2Fcategories&post=3577"},{"taxonomy":"post_tag","embeddable":true,"href":"https:\/\/www.huelvaysusfotografos.com\/index.php?rest_route=%2Fwp%2Fv2%2Ftags&post=3577"}],"curies":[{"name":"wp","href":"https:\/\/api.w.org\/{rel}","templated":true}]}}