{"id":3572,"date":"2014-06-07T08:59:52","date_gmt":"2014-06-07T07:59:52","guid":{"rendered":"http:\/\/www.huelvaysusfotografos.com\/?p=3572"},"modified":"2014-06-16T16:51:58","modified_gmt":"2014-06-16T15:51:58","slug":"tertulia-con-juan-carlos-cruz","status":"publish","type":"post","link":"https:\/\/www.huelvaysusfotografos.com\/?p=3572","title":{"rendered":"Tertulia con Juan Carlos Cruz, junio"},"content":{"rendered":"<figure id=\"attachment_3573\" aria-describedby=\"caption-attachment-3573\" style=\"width: 550px\" class=\"wp-caption aligncenter\"><img loading=\"lazy\" decoding=\"async\" class=\"wp-image-3573\" src=\"https:\/\/www.huelvaysusfotografos.com\/wp-content\/uploads\/2014\/06\/10401374_680283608712133_7455851476919063463_n.jpg\" alt=\"Cartel de la Tertulia del 12 de junio 2014\" width=\"550\" height=\"415\" srcset=\"https:\/\/www.huelvaysusfotografos.com\/wp-content\/uploads\/2014\/06\/10401374_680283608712133_7455851476919063463_n.jpg 451w, https:\/\/www.huelvaysusfotografos.com\/wp-content\/uploads\/2014\/06\/10401374_680283608712133_7455851476919063463_n-300x226.jpg 300w, https:\/\/www.huelvaysusfotografos.com\/wp-content\/uploads\/2014\/06\/10401374_680283608712133_7455851476919063463_n-160x120.jpg 160w\" sizes=\"auto, (max-width: 550px) 100vw, 550px\" \/><figcaption id=\"caption-attachment-3573\" class=\"wp-caption-text\">Cartel de la Tertulia del 12 de junio 2014<\/figcaption><\/figure>\n<p><span style=\"color: #ffffff;\">\u00a0<\/span><\/p>\n<p style=\"text-align: justify;\"><span style=\"color: #ffffff;\"><strong>Juan Carlos<\/strong> es de los fot\u00f3grafos que le corre por las venas la emoci\u00f3n de captar belleza. Ya desde peque\u00f1o ten\u00eda gusto por el mundo art\u00edstico. A los 17 a\u00f1os comenz\u00f3 a formarse\u00a0en fotograf\u00eda, incluso pas\u00f3 por la Escuela de Arte Le\u00f3n Ortega de Huelva; aunque Juan Carlos se define autodidacta.<\/span><\/p>\n<p style=\"text-align: justify;\"><span style=\"color: #ffffff;\">A lo largo de su trayectoria ha venido cosechando frutos con su trabajo fotogr\u00e1fico. En 2007 consigue el\u00a01\u00ba\u00a0Premio del Concurso Fotogr\u00e1fico \u00abHuelva la Luz\u00bb\u00a0 del\u00a0Patronato Provincial de Turismo, y el 3\u00ba\u00a0premio en<strong style=\"color: #555555;\">\u00a0<\/strong>\u2018\u00bbVisiones del Agua en la Cuenca Atl\u00e1ntica Andaluza\u00bb<strong style=\"color: #555555;\">,<\/strong>\u00a0de\u00a0la Consejer\u00eda de Medio Ambiente. Tambi\u00e9n\u00a0en 2009 fue finalista del XXVVI Concurso Fotogr\u00e1fico del D\u00eda Mundial del Medio Ambiente, de\u00a0la Consejer\u00eda de Medio Ambiente. En los a\u00f1os 2011, 2012 y 2013 es 1\u00ba premio nacional a la Fotograf\u00eda de naturales, que convoca la Sociedad Fotogr\u00e1fica Profesional de Espa\u00f1a de Fot\u00f3grafos Profesionales. En 2011 y 2012 es finalista nacional en Retratos y en 2013 es 1\u00ba premio en fotograf\u00eda a nivel andaluz y finalista a nivel nacional; adem\u00e1s de finalista nacional en fotograf\u00eda infantil. Es decir que estamos ante un gran apasionado y ante un gran profesional del mundo de la imagen fija.<\/span><\/p>\n<figure id=\"attachment_3598\" aria-describedby=\"caption-attachment-3598\" style=\"width: 550px\" class=\"wp-caption aligncenter\"><a href=\"https:\/\/www.huelvaysusfotografos.com\/wp-content\/uploads\/2014\/06\/Tetulia-Juan-Carlos-Cruz-1.jpg\"><img loading=\"lazy\" decoding=\"async\" class=\"wp-image-3598\" src=\"https:\/\/www.huelvaysusfotografos.com\/wp-content\/uploads\/2014\/06\/Tetulia-Juan-Carlos-Cruz-1-1024x679.jpg\" alt=\"Presentaci\u00f3n del Tertuliano\" width=\"550\" height=\"365\" \/><\/a><figcaption id=\"caption-attachment-3598\" class=\"wp-caption-text\">Presentaci\u00f3n del Tertuliano<\/figcaption><\/figure>\n<p>&nbsp;<\/p>\n<figure id=\"attachment_3603\" aria-describedby=\"caption-attachment-3603\" style=\"width: 550px\" class=\"wp-caption aligncenter\"><a href=\"https:\/\/www.huelvaysusfotografos.com\/wp-content\/uploads\/2014\/06\/Tetulia-Juan-Carlos-Cruz-6.jpg\"><img loading=\"lazy\" decoding=\"async\" class=\"wp-image-3603\" src=\"https:\/\/www.huelvaysusfotografos.com\/wp-content\/uploads\/2014\/06\/Tetulia-Juan-Carlos-Cruz-6-1024x679.jpg\" alt=\"Momento de la Tertulia\" width=\"550\" height=\"365\" \/><\/a><figcaption id=\"caption-attachment-3603\" class=\"wp-caption-text\"><span style=\"color: #000000;\">Momento de la Tertulia<\/span><\/figcaption><\/figure>\n<figure id=\"attachment_3602\" aria-describedby=\"caption-attachment-3602\" style=\"width: 550px\" class=\"wp-caption aligncenter\"><a href=\"https:\/\/www.huelvaysusfotografos.com\/wp-content\/uploads\/2014\/06\/Tetulia-Juan-Carlos-Cruz-5.jpg\"><img loading=\"lazy\" decoding=\"async\" class=\"wp-image-3602\" src=\"https:\/\/www.huelvaysusfotografos.com\/wp-content\/uploads\/2014\/06\/Tetulia-Juan-Carlos-Cruz-5-1024x679.jpg\" alt=\"Cabida para otras experiencias de otros compa\u00f1eros\" width=\"550\" height=\"365\" \/><\/a><figcaption id=\"caption-attachment-3602\" class=\"wp-caption-text\"><span style=\"color: #000000;\">Cabida para otras experiencias de otros compa\u00f1eros<\/span><\/figcaption><\/figure>\n<figure id=\"attachment_3601\" aria-describedby=\"caption-attachment-3601\" style=\"width: 550px\" class=\"wp-caption aligncenter\"><img loading=\"lazy\" decoding=\"async\" class=\"wp-image-3601\" src=\"https:\/\/www.huelvaysusfotografos.com\/wp-content\/uploads\/2014\/06\/Tetulia-Juan-Carlos-Cruz-4-1024x679.jpg\" alt=\"Utilizaci\u00f3n de sensores de movimiento\" width=\"550\" height=\"365\" \/><figcaption id=\"caption-attachment-3601\" class=\"wp-caption-text\"><span style=\"color: #000000;\">Utilizaci\u00f3n de sensores de movimiento<\/span><\/figcaption><\/figure>\n<figure id=\"attachment_3600\" aria-describedby=\"caption-attachment-3600\" style=\"width: 550px\" class=\"wp-caption aligncenter\"><img loading=\"lazy\" decoding=\"async\" class=\"wp-image-3600\" src=\"https:\/\/www.huelvaysusfotografos.com\/wp-content\/uploads\/2014\/06\/Tetulia-Juan-Carlos-Cruz-3-1024x679.jpg\" alt=\"Juan Carlos nos ense\u00f1a su equipo para fotograf\u00eda de aves\" width=\"550\" height=\"365\" \/><figcaption id=\"caption-attachment-3600\" class=\"wp-caption-text\"><span style=\"color: #000000;\">Juan Carlos nos ense\u00f1a su equipo para fotograf\u00eda de aves<\/span><\/figcaption><\/figure>\n<figure id=\"attachment_3604\" aria-describedby=\"caption-attachment-3604\" style=\"width: 550px\" class=\"wp-caption aligncenter\"><a href=\"https:\/\/www.huelvaysusfotografos.com\/wp-content\/uploads\/2014\/06\/Tetulia-Juan-Carlos-Cruz-7.jpg\"><img loading=\"lazy\" decoding=\"async\" class=\"wp-image-3604\" src=\"https:\/\/www.huelvaysusfotografos.com\/wp-content\/uploads\/2014\/06\/Tetulia-Juan-Carlos-Cruz-7-1024x679.jpg\" alt=\"Vemos una colecci\u00f3n magn\u00edfica de aves \" width=\"550\" height=\"365\" \/><\/a><figcaption id=\"caption-attachment-3604\" class=\"wp-caption-text\"><span style=\"color: #000000;\">Vemos una colecci\u00f3n magn\u00edfica de aves<\/span><\/figcaption><\/figure>\n<figure id=\"attachment_3605\" aria-describedby=\"caption-attachment-3605\" style=\"width: 550px\" class=\"wp-caption aligncenter\"><a href=\"https:\/\/www.huelvaysusfotografos.com\/wp-content\/uploads\/2014\/06\/Tetulia-Juan-Carlos-Cruz-8.jpg\"><img loading=\"lazy\" decoding=\"async\" class=\"wp-image-3605\" src=\"https:\/\/www.huelvaysusfotografos.com\/wp-content\/uploads\/2014\/06\/Tetulia-Juan-Carlos-Cruz-8-1024x679.jpg\" alt=\"&quot;Alguien&quot; se esconde tras la tablet\" width=\"550\" height=\"365\" \/><\/a><figcaption id=\"caption-attachment-3605\" class=\"wp-caption-text\"><span style=\"color: #000000;\">\u00abAlguien\u00bb se esconde tras la tablet<\/span><\/figcaption><\/figure>\n<p>La tertulia de junio ha sido dirigida por nuestro compa\u00f1ero Juan Carlos Cruz, un profesional de la fotograf\u00eda y una gran persona, aunque t\u00edmida para estos menesteres docentes. El\u00a0\u00a0jueves 12 de junio, a las 19:00 h,\u00a0nos\u00a0habl\u00f3\u00a0de\u00a0Fotograf\u00eda de Aves, como tem\u00e1tica principal, en la Cafeter\u00eda Pan Gil, de la Calle Ciudad de Aracena de Huelva.<\/p>\n<p>&nbsp;<\/p>\n","protected":false},"excerpt":{"rendered":"<p>\u00a0 Juan Carlos es de los fot\u00f3grafos que le corre por las venas la emoci\u00f3n de captar belleza. Ya desde peque\u00f1o ten\u00eda gusto por el mundo art\u00edstico. A los 17 a\u00f1os comenz\u00f3 a formarse\u00a0en fotograf\u00eda, incluso pas\u00f3 por la Escuela de Arte Le\u00f3n Ortega de Huelva; aunque Juan Carlos se define autodidacta. A lo largo de su trayectoria ha venido cosechando frutos con su trabajo fotogr\u00e1fico. En 2007 consigue el\u00a01\u00ba\u00a0Premio<\/p>\n<div class=\"belowpost\"><a class=\"btnmore\" href=\"https:\/\/www.huelvaysusfotografos.com\/?p=3572\">Seguir leyendo<\/a><\/div>\n","protected":false},"author":41,"featured_media":3573,"comment_status":"open","ping_status":"open","sticky":false,"template":"","format":"standard","meta":{"footnotes":"","_links_to":"","_links_to_target":""},"categories":[3,106],"tags":[],"class_list":["post-3572","post","type-post","status-publish","format-standard","has-post-thumbnail","hentry","category-noticias","category-tecnica"],"_links":{"self":[{"href":"https:\/\/www.huelvaysusfotografos.com\/index.php?rest_route=\/wp\/v2\/posts\/3572","targetHints":{"allow":["GET"]}}],"collection":[{"href":"https:\/\/www.huelvaysusfotografos.com\/index.php?rest_route=\/wp\/v2\/posts"}],"about":[{"href":"https:\/\/www.huelvaysusfotografos.com\/index.php?rest_route=\/wp\/v2\/types\/post"}],"author":[{"embeddable":true,"href":"https:\/\/www.huelvaysusfotografos.com\/index.php?rest_route=\/wp\/v2\/users\/41"}],"replies":[{"embeddable":true,"href":"https:\/\/www.huelvaysusfotografos.com\/index.php?rest_route=%2Fwp%2Fv2%2Fcomments&post=3572"}],"version-history":[{"count":6,"href":"https:\/\/www.huelvaysusfotografos.com\/index.php?rest_route=\/wp\/v2\/posts\/3572\/revisions"}],"predecessor-version":[{"id":3607,"href":"https:\/\/www.huelvaysusfotografos.com\/index.php?rest_route=\/wp\/v2\/posts\/3572\/revisions\/3607"}],"wp:featuredmedia":[{"embeddable":true,"href":"https:\/\/www.huelvaysusfotografos.com\/index.php?rest_route=\/wp\/v2\/media\/3573"}],"wp:attachment":[{"href":"https:\/\/www.huelvaysusfotografos.com\/index.php?rest_route=%2Fwp%2Fv2%2Fmedia&parent=3572"}],"wp:term":[{"taxonomy":"category","embeddable":true,"href":"https:\/\/www.huelvaysusfotografos.com\/index.php?rest_route=%2Fwp%2Fv2%2Fcategories&post=3572"},{"taxonomy":"post_tag","embeddable":true,"href":"https:\/\/www.huelvaysusfotografos.com\/index.php?rest_route=%2Fwp%2Fv2%2Ftags&post=3572"}],"curies":[{"name":"wp","href":"https:\/\/api.w.org\/{rel}","templated":true}]}}