{"id":3549,"date":"2014-06-03T19:40:03","date_gmt":"2014-06-03T18:40:03","guid":{"rendered":"http:\/\/www.huelvaysusfotografos.com\/?p=3549"},"modified":"2014-07-08T11:21:56","modified_gmt":"2014-07-08T10:21:56","slug":"10-de-72","status":"publish","type":"post","link":"https:\/\/www.huelvaysusfotografos.com\/?p=3549","title":{"rendered":"\u00ab10 de 72\u00bb"},"content":{"rendered":"<p>La familia crece. Desde las \u00faltimas entradas bajo la referencia \u00abx de 68\u00bb, a la asociaci\u00f3n se le han sumado cuatro\u00a0nuevos\u00a0socios y socias. Tras una pausa, justa y necesaria, retomamos la presentaci\u00f3n de dos de nuestros socios. En este caso de Reynus S\u00e1nchez y Pilar Rodr\u00edguez Barranco. Aqu\u00ed os dejamos sus relatos y sus im\u00e1genes. Dos grandes artistas de los que podemos disfrutar en esta entrada.<\/p>\n<p>&nbsp;<\/p>\n<h1 style=\"text-align: justify;\"><span style=\"color: #ffffff;\">PILAR RODR\u00cdGUEZ BARRANCO<\/span><\/h1>\n<p style=\"text-align: justify;\"><span style=\"color: #ffffff;\">\u00abDesde que recuerdo. Las c\u00e1maras de mi padre siempre en casa, de todos los modelos y tama\u00f1os que se le pon\u00edan a tiro. Ese fue mi primer equipo, algunas de esas c\u00e1maras que mi padre me ense\u00f1\u00f3 a utilizar. Recuerdo la Oud Fototoestel Fun Shooter 2 que entre todas, era mi preferida, supongo que por su forma que me llamaba la atenci\u00f3n. Aunque \u00e9l se empe\u00f1aba en que aprendiera con la r\u00e9flex y en manual, \u201cnada de autom\u00e1tico\u201d.<\/span><\/p>\n<p style=\"text-align: justify;\"><span style=\"color: #ffffff;\">Mis primeras fotos fueron reportajes a mis primas, (con una c\u00e1mara zenit, no recuerdo la lente pero creo que era un 50mm), a mi hermana y a Luisito que, sin duda, es la persona a la que m\u00e1s fotos he hecho, y que con m\u00e1s paciencia y entusiasmo me ha ayudado (junto a mi hermana Mar\u00eda) sin saberlo en innumerables trabajos cuando estudiaba, o a mi amiga Mar\u00eda que se prest\u00f3 a ser protagonista de mi primer desnudo cuando nadie se echaba pa\u00b4lante. Pero Luis y mi hermana Mar\u00eda de manera incondicional en horarios intempestivos y en toda clase de situaciones. GRACIAS A LOS DOS.<\/span><\/p>\n<p style=\"text-align: justify;\"><span style=\"color: #ffffff;\">Cuando entr\u00e9 en la Escuela de Artes Le\u00f3n Ortega mis padres me regalaron una Nikon F70 anal\u00f3gica, con la que llegu\u00e9 a tener tal compenetraci\u00f3n que me cost\u00f3 la vida pasar a lo digital, aunque acab\u00e9 pasando\u2026 con una D70 que era un autentico tanque y que muri\u00f3 con las botas puestas.<\/span><\/p>\n<p style=\"text-align: justify;\"><span style=\"color: #ffffff;\">Nunca he tenido preferencias a la hora de hacer fotos. Suelo llevar la c\u00e1mara encima y todo es fotografiable, en especial los detalles, me encanta captarlos, y si puede ser a escondidas mejor que mejor. Tambi\u00e9n meterme en el estudio con una idea, unos bocetos, un modelo\u2026 siempre sale lo que ten\u00eda previsto y otro tanto de improvisaciones e ideas que surgen de momento y que no tienen nada que envidiar a lo estaba m\u00e1s que previsto.<\/span><\/p>\n<p style=\"text-align: justify;\"><span style=\"color: #ffffff;\">Muchos han sido los fot\u00f3grafos que me han servido de referentes, porque ser\u00eda injusto nombrar solo a tres. Creo que hay muchos y muy buenos que aportan cada uno lo suyo, pero si tengo que elegir tres dir\u00eda a Steve McCurry, Mario Testino y Cristina Garc\u00eda Rodero.<\/span><\/p>\n<p style=\"text-align: justify;\"><span style=\"color: #ffffff;\">En cuanto a mi camino en esta disciplina, simplemente disfruto haciendo fotos. Creo que es una suerte poder dedicarte a lo que har\u00edas en tus ratos libres. Me gustar\u00eda seguir haciendo fotos y seguir aprendiendo, claro est\u00e1. Me ilusiona much\u00edsimo que alguien sea capaz de comprar una de mis fotos para colgarla en su casa, eso me parece incre\u00edble. Poder inmortalizar un instante, y que eso transmita mis mismas sensaciones a quien lo contempla, es muy gratificante.<\/span><\/p>\n<p style=\"text-align: justify;\"><span style=\"color: #ffffff;\">Tengo varios proyectos entre manos. Los temas en los que ahora estoy trabajando son la mujer, la m\u00fasica, algo social\u2026 todo adaptado y a trav\u00e9s de la fotograf\u00eda. Los ir\u00e9is viendo\u2026!<\/span><\/p>\n<p style=\"text-align: justify;\"><span style=\"color: #ffffff;\">Si hoy puedo decir que soy fot\u00f3grafo es gracias a mis padres, a mi padre por transmitirme su amor a la fotograf\u00eda, ense\u00f1arme a mirar y descubrir cosas a trav\u00e9s del visor, y a mi madre por invertir no s\u00e9 la cantidad de horas acompa\u00f1\u00e1ndome ella sabe cu\u00e1ndo y d\u00f3nde\u00bb<\/span><\/p>\n<figure id=\"attachment_3550\" aria-describedby=\"caption-attachment-3550\" style=\"width: 400px\" class=\"wp-caption aligncenter\"><a href=\"https:\/\/www.huelvaysusfotografos.com\/wp-content\/uploads\/2014\/05\/10350207_10204092573264228_1828111290_o.jpg\"><img loading=\"lazy\" decoding=\"async\" class=\"wp-image-3550\" src=\"https:\/\/www.huelvaysusfotografos.com\/wp-content\/uploads\/2014\/05\/10350207_10204092573264228_1828111290_o-682x1024.jpg\" alt=\"Fotograf\u00eda de Pilar Rodr\u00edguez Barranco. Serie  &quot; Y Dios me hizo mujer&quot;\" width=\"400\" height=\"600\" \/><\/a><figcaption id=\"caption-attachment-3550\" class=\"wp-caption-text\"><span style=\"color: #000000;\">Fotograf\u00eda de Pilar Rodr\u00edguez Barranco. Serie \u00bb Y Dios me hizo mujer\u00bb<\/span><\/figcaption><\/figure>\n<figure id=\"attachment_3552\" aria-describedby=\"caption-attachment-3552\" style=\"width: 600px\" class=\"wp-caption aligncenter\"><img loading=\"lazy\" decoding=\"async\" class=\"wp-image-3552\" src=\"https:\/\/www.huelvaysusfotografos.com\/wp-content\/uploads\/2014\/05\/10373217_10204092578784366_1090932412_o.jpg\" alt=\"Fotograf\u00eda Pilar Rodr\u00edguez Barranco. 3\u00ba Premio del  2\u00ba Certamen Fotogr\u00e1fico de Semana Santa COPE Huelva. Hermandad del Cristo del Calvario\" width=\"600\" height=\"400\" srcset=\"https:\/\/www.huelvaysusfotografos.com\/wp-content\/uploads\/2014\/05\/10373217_10204092578784366_1090932412_o.jpg 1024w, https:\/\/www.huelvaysusfotografos.com\/wp-content\/uploads\/2014\/05\/10373217_10204092578784366_1090932412_o-300x200.jpg 300w, https:\/\/www.huelvaysusfotografos.com\/wp-content\/uploads\/2014\/05\/10373217_10204092578784366_1090932412_o-768x512.jpg 768w, https:\/\/www.huelvaysusfotografos.com\/wp-content\/uploads\/2014\/05\/10373217_10204092578784366_1090932412_o-120x80.jpg 120w\" sizes=\"auto, (max-width: 600px) 100vw, 600px\" \/><figcaption id=\"caption-attachment-3552\" class=\"wp-caption-text\"><span style=\"color: #000000;\">Fotograf\u00eda Pilar Rodr\u00edguez Barranco. 3\u00ba Premio del 2\u00ba Certamen Fotogr\u00e1fico de Semana Santa COPE Huelva. Hermandad del Cristo del Calvario<\/span><\/figcaption><\/figure>\n<figure id=\"attachment_3551\" aria-describedby=\"caption-attachment-3551\" style=\"width: 393px\" class=\"wp-caption aligncenter\"><a href=\"https:\/\/www.huelvaysusfotografos.com\/wp-content\/uploads\/2014\/05\/10358684_10204092621825442_1228823609_o.jpg\"><img loading=\"lazy\" decoding=\"async\" class=\"wp-image-3551\" src=\"https:\/\/www.huelvaysusfotografos.com\/wp-content\/uploads\/2014\/05\/10358684_10204092621825442_1228823609_o-731x1024.jpg\" alt=\"De la Exposici\u00f3n &quot;Mi c\u00e1mara y yo somos tres&quot; Tambi\u00e9n forma parte de una serie de Huelva  y esta expuesta en El Museo Provincial de Santiago de Cuba \u00a8Emilio Bacard\u00ed Moreau\u00a8\" width=\"393\" height=\"550\" srcset=\"https:\/\/www.huelvaysusfotografos.com\/wp-content\/uploads\/2014\/05\/10358684_10204092621825442_1228823609_o-731x1024.jpg 731w, https:\/\/www.huelvaysusfotografos.com\/wp-content\/uploads\/2014\/05\/10358684_10204092621825442_1228823609_o-214x300.jpg 214w, https:\/\/www.huelvaysusfotografos.com\/wp-content\/uploads\/2014\/05\/10358684_10204092621825442_1228823609_o-768x1076.jpg 768w, https:\/\/www.huelvaysusfotografos.com\/wp-content\/uploads\/2014\/05\/10358684_10204092621825442_1228823609_o.jpg 1024w\" sizes=\"auto, (max-width: 393px) 100vw, 393px\" \/><\/a><figcaption id=\"caption-attachment-3551\" class=\"wp-caption-text\"><span style=\"color: #000000;\">De la Exposici\u00f3n \u00abMi c\u00e1mara y yo somos tres\u00bb Tambi\u00e9n forma parte de una serie de Huelva y esta expuesta en El Museo Provincial de Santiago de Cuba \u00a8Emilio Bacard\u00ed Moreau\u00a8<\/span><\/figcaption><\/figure>\n<h1 style=\"color: #3d454c; text-align: justify;\"><span style=\"color: #ffffff;\">REYNUS S\u00c1NCHEZ<\/span><\/h1>\n<p style=\"color: #3d454c; text-align: justify;\"><span style=\"color: #ffffff;\">\u00abAqu\u00ed yace Reynus S\u00e1nchez, el alter ego de Rafael Jimeno, El mismo que cre\u00f3 a Reynus y el mismo que le dio muerte.<\/span><\/p>\n<p style=\"color: #3d454c; text-align: justify;\"><span style=\"color: #ffffff;\">A petici\u00f3n de Reynus, Rafael redacta estas l\u00edneas mientras espera la llegada de la autoridad para prenderlo y que lo pongan frente a la justicia de los humanos.<\/span><\/p>\n<p style=\"color: #3d454c; text-align: justify;\"><span style=\"color: #ffffff;\">La justicia divina, seguramente, me dar\u00e1 la raz\u00f3n.<\/span><\/p>\n<p style=\"color: #3d454c; text-align: justify;\"><span style=\"color: #ffffff;\">Volviendo la vista atr\u00e1s, recuerdo la primera c\u00e1mara de fotos que tuve en mis manos\u2026 Una Rolleiflex de objetivos gemelos y formato mediano. Dur\u00f3 poco, porque mi primo que era due\u00f1o de la c\u00e1mara me alcanz\u00f3 y me la arrebat\u00f3 en mitad del pasillo diciendo no s\u00e9 qu\u00e9 de que le hab\u00eda costado una pasta.<\/span><\/p>\n<p style=\"color: #3d454c; text-align: justify;\"><span style=\"color: #ffffff;\">Bastante despu\u00e9s fui el orgulloso propietario de una Kodak Instamatic 25 con objetivo de policarbonato, esto es, de pl\u00e1stico. Pero hac\u00eda unas fotos en formato 1:1, principalmente en blanco y negro, que me satisfac\u00edan enormemente y me permitieron entrar en contacto con las luces y las sombras. Los dos selectores que ten\u00eda la c\u00e1mara, un sol blanco y un sol negro.<\/span><\/p>\n<p style=\"color: #3d454c; text-align: justify;\"><span style=\"color: #ffffff;\">Admiraba a los fot\u00f3grafos m\u00e1s cl\u00e1sicos, pero la pintura y el dibujo ocupaban la mayor parte de nuestro esfuerzo. La fotograf\u00eda era tan solo un veh\u00edculo que precisaba ser dignificado por el \u00f3leo. Y hab\u00eda tantos artistas no fot\u00f3grafos en la historia, que tard\u00e9 en llegar a ellos. Es la verdad.<\/span><\/p>\n<p style=\"color: #3d454c; text-align: justify;\"><span style=\"color: #ffffff;\">\u201cLo digital\u201d result\u00f3 como la conjunci\u00f3n de varios planetas y estrellas para Reynus y para m\u00ed mismo. Los grandes momentos qu\u00edmicos que hab\u00edamos pasado a oscuras en blanco y negro, pod\u00edan desarrollarse a todo color y a plena luz. El dibujo y la pintura nos permit\u00edan intervenir directamente en la imagen, no solo desde el punto de vista compositivo. La impresi\u00f3n digital nos dej\u00f3 disfrutar de nuestra obra con inmediatez. \u00a1Vamos, parec\u00eda hecho para nosotros! Y pudimos embarcarnos en proyectos m\u00e1s concretos. Exposiciones, encargos de particulares, concursos\u2026 y el momento inolvidable de participar en PHotoEspa\u00f1a 2013 en la expo de FNAC Castellana, en Madrid.<\/span><\/p>\n<p style=\"color: #3d454c; text-align: justify;\"><span style=\"color: #ffffff;\">\u00bfEl futuro? Dios mediante ya vendr\u00e1.<\/span><\/p>\n<p style=\"color: #3d454c; text-align: justify;\"><span style=\"color: #ffffff;\">Mientras creo que voy a darle sepultura a Reynus, que me parece que se est\u00e1 despertando.\u00bb<\/span><\/p>\n<figure id=\"attachment_3558\" aria-describedby=\"caption-attachment-3558\" style=\"width: 550px\" class=\"wp-caption aligncenter\"><img loading=\"lazy\" decoding=\"async\" class=\"wp-image-3558\" src=\"https:\/\/www.huelvaysusfotografos.com\/wp-content\/uploads\/2014\/06\/4708562_orig.jpg\" alt=\"&quot;Del Pen\u00faltimo d\u00eda del Mercado&quot;. Fotograf\u00eda Reynus\" width=\"550\" height=\"365\" srcset=\"https:\/\/www.huelvaysusfotografos.com\/wp-content\/uploads\/2014\/06\/4708562_orig.jpg 1000w, https:\/\/www.huelvaysusfotografos.com\/wp-content\/uploads\/2014\/06\/4708562_orig-300x199.jpg 300w, https:\/\/www.huelvaysusfotografos.com\/wp-content\/uploads\/2014\/06\/4708562_orig-768x510.jpg 768w, https:\/\/www.huelvaysusfotografos.com\/wp-content\/uploads\/2014\/06\/4708562_orig-120x80.jpg 120w\" sizes=\"auto, (max-width: 550px) 100vw, 550px\" \/><figcaption id=\"caption-attachment-3558\" class=\"wp-caption-text\"><\/span><\/a><\/span> <span style=\"color: #000000;\">\u00abDel Pen\u00faltimo d\u00eda del Mercado\u00bb. Fotograf\u00eda Reynus<\/span><\/figcaption><\/figure>\n<figure id=\"attachment_3559\" aria-describedby=\"caption-attachment-3559\" style=\"width: 550px\" class=\"wp-caption aligncenter\"><a href=\"https:\/\/www.huelvaysusfotografos.com\/wp-content\/uploads\/2014\/06\/10446354_10202305256018095_161198382_n.jpg\"><img loading=\"lazy\" decoding=\"async\" class=\"wp-image-3559\" src=\"https:\/\/www.huelvaysusfotografos.com\/wp-content\/uploads\/2014\/06\/10446354_10202305256018095_161198382_n.jpg\" alt=\"&quot;La fiesta termin\u00f3 IV&quot;. Fotograf\u00eda de Reynus\" width=\"550\" height=\"365\" srcset=\"https:\/\/www.huelvaysusfotografos.com\/wp-content\/uploads\/2014\/06\/10446354_10202305256018095_161198382_n.jpg 851w, https:\/\/www.huelvaysusfotografos.com\/wp-content\/uploads\/2014\/06\/10446354_10202305256018095_161198382_n-300x199.jpg 300w, https:\/\/www.huelvaysusfotografos.com\/wp-content\/uploads\/2014\/06\/10446354_10202305256018095_161198382_n-768x510.jpg 768w, https:\/\/www.huelvaysusfotografos.com\/wp-content\/uploads\/2014\/06\/10446354_10202305256018095_161198382_n-120x80.jpg 120w\" sizes=\"auto, (max-width: 550px) 100vw, 550px\" \/><\/a><figcaption id=\"caption-attachment-3559\" class=\"wp-caption-text\"><span style=\"color: #000000;\">\u00abLa fiesta termin\u00f3 IV\u00bb. Fotograf\u00eda de Reynus<\/span><\/figcaption><\/figure>\n<figure id=\"attachment_3560\" aria-describedby=\"caption-attachment-3560\" style=\"width: 550px\" class=\"wp-caption aligncenter\"><a href=\"https:\/\/www.huelvaysusfotografos.com\/wp-content\/uploads\/2014\/06\/10364326_10202305251817990_532104401_n.jpg\"><img loading=\"lazy\" decoding=\"async\" class=\"wp-image-3560\" src=\"https:\/\/www.huelvaysusfotografos.com\/wp-content\/uploads\/2014\/06\/10364326_10202305251817990_532104401_n.jpg\" alt=\"&quot;Demonios de Tormentas&quot;. Fotograf\u00eda Reynus\" width=\"550\" height=\"365\" srcset=\"https:\/\/www.huelvaysusfotografos.com\/wp-content\/uploads\/2014\/06\/10364326_10202305251817990_532104401_n.jpg 851w, https:\/\/www.huelvaysusfotografos.com\/wp-content\/uploads\/2014\/06\/10364326_10202305251817990_532104401_n-300x199.jpg 300w, https:\/\/www.huelvaysusfotografos.com\/wp-content\/uploads\/2014\/06\/10364326_10202305251817990_532104401_n-768x510.jpg 768w, https:\/\/www.huelvaysusfotografos.com\/wp-content\/uploads\/2014\/06\/10364326_10202305251817990_532104401_n-120x80.jpg 120w\" sizes=\"auto, (max-width: 550px) 100vw, 550px\" \/><\/a><figcaption id=\"caption-attachment-3560\" class=\"wp-caption-text\"><span style=\"color: #000000;\">\u00abDemonios de Tormentas\u00bb. Fotograf\u00eda Reynus<\/span><\/figcaption><\/figure>\n<p>Pues hasta aqu\u00ed \u00a0os podemos mostrar; ten\u00e9is todo un mundo que descubrir con ellos, son de f\u00e1cil acceso en las redes sociales, por lo que no dud\u00e9is en visitar sus muros y disfrutar de sus trabajos.<\/p>\n<p>Hasta la pr\u00f3xima!!<\/p>\n","protected":false},"excerpt":{"rendered":"<p>La familia crece. Desde las \u00faltimas entradas bajo la referencia \u00abx de 68\u00bb, a la asociaci\u00f3n se le han sumado cuatro\u00a0nuevos\u00a0socios y socias. Tras una pausa, justa y necesaria, retomamos la presentaci\u00f3n de dos de nuestros socios. En este caso de Reynus S\u00e1nchez y Pilar Rodr\u00edguez Barranco. Aqu\u00ed os dejamos sus relatos y sus im\u00e1genes. Dos grandes artistas de los que podemos disfrutar en esta entrada. &nbsp; PILAR RODR\u00cdGUEZ BARRANCO<\/p>\n<div class=\"belowpost\"><a class=\"btnmore\" href=\"https:\/\/www.huelvaysusfotografos.com\/?p=3549\">Seguir leyendo<\/a><\/div>\n","protected":false},"author":41,"featured_media":3558,"comment_status":"open","ping_status":"open","sticky":false,"template":"","format":"standard","meta":{"footnotes":"","_links_to":"","_links_to_target":""},"categories":[5],"tags":[],"class_list":["post-3549","post","type-post","status-publish","format-standard","has-post-thumbnail","hentry","category-socios"],"_links":{"self":[{"href":"https:\/\/www.huelvaysusfotografos.com\/index.php?rest_route=\/wp\/v2\/posts\/3549","targetHints":{"allow":["GET"]}}],"collection":[{"href":"https:\/\/www.huelvaysusfotografos.com\/index.php?rest_route=\/wp\/v2\/posts"}],"about":[{"href":"https:\/\/www.huelvaysusfotografos.com\/index.php?rest_route=\/wp\/v2\/types\/post"}],"author":[{"embeddable":true,"href":"https:\/\/www.huelvaysusfotografos.com\/index.php?rest_route=\/wp\/v2\/users\/41"}],"replies":[{"embeddable":true,"href":"https:\/\/www.huelvaysusfotografos.com\/index.php?rest_route=%2Fwp%2Fv2%2Fcomments&post=3549"}],"version-history":[{"count":10,"href":"https:\/\/www.huelvaysusfotografos.com\/index.php?rest_route=\/wp\/v2\/posts\/3549\/revisions"}],"predecessor-version":[{"id":3567,"href":"https:\/\/www.huelvaysusfotografos.com\/index.php?rest_route=\/wp\/v2\/posts\/3549\/revisions\/3567"}],"wp:featuredmedia":[{"embeddable":true,"href":"https:\/\/www.huelvaysusfotografos.com\/index.php?rest_route=\/wp\/v2\/media\/3558"}],"wp:attachment":[{"href":"https:\/\/www.huelvaysusfotografos.com\/index.php?rest_route=%2Fwp%2Fv2%2Fmedia&parent=3549"}],"wp:term":[{"taxonomy":"category","embeddable":true,"href":"https:\/\/www.huelvaysusfotografos.com\/index.php?rest_route=%2Fwp%2Fv2%2Fcategories&post=3549"},{"taxonomy":"post_tag","embeddable":true,"href":"https:\/\/www.huelvaysusfotografos.com\/index.php?rest_route=%2Fwp%2Fv2%2Ftags&post=3549"}],"curies":[{"name":"wp","href":"https:\/\/api.w.org\/{rel}","templated":true}]}}