{"id":3496,"date":"2014-05-26T19:45:29","date_gmt":"2014-05-26T18:45:29","guid":{"rendered":"http:\/\/www.huelvaysusfotografos.com\/?p=3496"},"modified":"2014-06-16T17:04:10","modified_gmt":"2014-06-16T16:04:10","slug":"nuestro-paso-por-minas-de-tharsis","status":"publish","type":"post","link":"https:\/\/www.huelvaysusfotografos.com\/?p=3496","title":{"rendered":"Nuestro paso por Minas de Tharsis"},"content":{"rendered":"<p style=\"text-align: justify;\">El pasado domingo 11 de mayo, ofrecimos a\u00a0socios y socias de nuestra HYSF, este encuentro con la privilegiada compa\u00f1\u00eda de Emilio Romero. Nuestro amigo tiene un curr\u00edculum extenso, es Ingeniero T\u00e9cnico de Minas, Licenciado en Ciencias Geol\u00f3gicas y Doctor en Geolog\u00eda, adem\u00e1s de Profesor titular de la Universidad de Huelva en la Escuela Polit\u00e9cnica Superior, del Dpto. de Ingenier\u00eda Minera, Mec\u00e1nica y Energ\u00eda&#8230; en definitiva, toda una instituci\u00f3n en materia minera, gran conocedor del entorno minero onubense y aficionado a la fotograf\u00eda.<\/p>\n<p style=\"text-align: justify;\">Ser\u00eda largo contar todas las an\u00e9cdotas y contenido del encuentro, as\u00ed que os dejamos estas estampas que realizamos unos y otros en ese estupendo d\u00eda.<\/p>\n<p style=\"text-align: center;\">Galer\u00eda La Sabina<\/p>\n<figure id=\"attachment_3503\" aria-describedby=\"caption-attachment-3503\" style=\"width: 400px\" class=\"wp-caption aligncenter\"><a href=\"https:\/\/www.huelvaysusfotografos.com\/wp-content\/uploads\/2014\/05\/10344121_639333659477429_1365763446_o.jpg\"><img loading=\"lazy\" decoding=\"async\" class=\"wp-image-3503\" src=\"https:\/\/www.huelvaysusfotografos.com\/wp-content\/uploads\/2014\/05\/10344121_639333659477429_1365763446_o-682x1024.jpg\" alt=\"Fotograf\u00eda Marcos MGC\" width=\"400\" height=\"600\" \/><\/a><figcaption id=\"caption-attachment-3503\" class=\"wp-caption-text\"><span style=\"color: #000000;\">Fotograf\u00eda Marcos MGC<\/span><\/figcaption><\/figure>\n<figure id=\"attachment_3510\" aria-describedby=\"caption-attachment-3510\" style=\"width: 600px\" class=\"wp-caption aligncenter\"><a href=\"https:\/\/www.huelvaysusfotografos.com\/wp-content\/uploads\/2014\/05\/10376344_10200989870068028_84660722_o.jpg\"><img loading=\"lazy\" decoding=\"async\" class=\"wp-image-3510\" src=\"https:\/\/www.huelvaysusfotografos.com\/wp-content\/uploads\/2014\/05\/10376344_10200989870068028_84660722_o-1024x685.jpg\" alt=\"Fotograf\u00eda Emilio Romero\" width=\"600\" height=\"401\" srcset=\"https:\/\/www.huelvaysusfotografos.com\/wp-content\/uploads\/2014\/05\/10376344_10200989870068028_84660722_o-1024x685.jpg 1024w, https:\/\/www.huelvaysusfotografos.com\/wp-content\/uploads\/2014\/05\/10376344_10200989870068028_84660722_o-300x201.jpg 300w, https:\/\/www.huelvaysusfotografos.com\/wp-content\/uploads\/2014\/05\/10376344_10200989870068028_84660722_o-768x514.jpg 768w, https:\/\/www.huelvaysusfotografos.com\/wp-content\/uploads\/2014\/05\/10376344_10200989870068028_84660722_o-1536x1028.jpg 1536w, https:\/\/www.huelvaysusfotografos.com\/wp-content\/uploads\/2014\/05\/10376344_10200989870068028_84660722_o-120x80.jpg 120w, https:\/\/www.huelvaysusfotografos.com\/wp-content\/uploads\/2014\/05\/10376344_10200989870068028_84660722_o.jpg 2048w\" sizes=\"auto, (max-width: 600px) 100vw, 600px\" \/><\/a><figcaption id=\"caption-attachment-3510\" class=\"wp-caption-text\"><span style=\"color: #000000;\">Fotograf\u00eda Emilio Romero<\/span><\/figcaption><\/figure>\n<figure id=\"attachment_3500\" aria-describedby=\"caption-attachment-3500\" style=\"width: 411px\" class=\"wp-caption aligncenter\"><img loading=\"lazy\" decoding=\"async\" class=\"wp-image-3500\" src=\"https:\/\/www.huelvaysusfotografos.com\/wp-content\/uploads\/2014\/05\/10321635_1495916990620452_9198143103779450551_o-764x1024.jpg\" alt=\"Fotograf\u00eda Alicia Garrido Jarillo\" width=\"411\" height=\"550\" \/><figcaption id=\"caption-attachment-3500\" class=\"wp-caption-text\"><span style=\"color: #000000;\">Fotograf\u00eda Alicia Garrido Jarillo<\/span><\/figcaption><\/figure>\n<figure id=\"attachment_3506\" aria-describedby=\"caption-attachment-3506\" style=\"width: 399px\" class=\"wp-caption aligncenter\"><a href=\"https:\/\/www.huelvaysusfotografos.com\/wp-content\/uploads\/2014\/05\/10364375_668801693187355_80571215_o.jpg\"><img loading=\"lazy\" decoding=\"async\" class=\"wp-image-3506\" src=\"https:\/\/www.huelvaysusfotografos.com\/wp-content\/uploads\/2014\/05\/10364375_668801693187355_80571215_o-680x1024.jpg\" alt=\"Fotograf\u00eda Cayetana Cumbreras\" width=\"399\" height=\"600\" \/><\/a><figcaption id=\"caption-attachment-3506\" class=\"wp-caption-text\"><span style=\"color: #000000;\">Fotograf\u00eda Cayetana Cumbreras<\/span><\/figcaption><\/figure>\n<figure id=\"attachment_3508\" aria-describedby=\"caption-attachment-3508\" style=\"width: 550px\" class=\"wp-caption aligncenter\"><a href=\"https:\/\/www.huelvaysusfotografos.com\/wp-content\/uploads\/2014\/05\/10365146_639383796139082_544599016_o.jpg\"><img loading=\"lazy\" decoding=\"async\" class=\"wp-image-3508\" src=\"https:\/\/www.huelvaysusfotografos.com\/wp-content\/uploads\/2014\/05\/10365146_639383796139082_544599016_o-1024x682.jpg\" alt=\"Fotograf\u00eda Marcos MGC\" width=\"550\" height=\"367\" \/><\/a><figcaption id=\"caption-attachment-3508\" class=\"wp-caption-text\"><span style=\"color: #000000;\">Fotograf\u00eda Marcos MGC<\/span><\/figcaption><\/figure>\n<p style=\"text-align: justify;\">Pueblo Nuevo. Ah\u00ed conocimos a Patricia Chapela, Historiadora y una enamorada del entorno, de su entorno. Ha creado la joven empresa \u00abA cielo abierto\u00bb y nos estuvo contando sus inquietudes de futuro. Todo un acierto.<\/p>\n<figure id=\"attachment_3507\" aria-describedby=\"caption-attachment-3507\" style=\"width: 550px\" class=\"wp-caption aligncenter\"><a href=\"https:\/\/www.huelvaysusfotografos.com\/wp-content\/uploads\/2014\/05\/10364416_10203947943001675_127544155_o.jpg\"><img loading=\"lazy\" decoding=\"async\" class=\"wp-image-3507\" src=\"https:\/\/www.huelvaysusfotografos.com\/wp-content\/uploads\/2014\/05\/10364416_10203947943001675_127544155_o-1024x668.jpg\" alt=\"Fotograf\u00eda Aurora Mart\u00edn Mar\u00edn\" width=\"550\" height=\"359\" \/><\/a><figcaption id=\"caption-attachment-3507\" class=\"wp-caption-text\"><span style=\"color: #000000;\">Fotograf\u00eda Aurora Mart\u00edn Mar\u00edn<\/span><\/figcaption><\/figure>\n<figure id=\"attachment_3509\" aria-describedby=\"caption-attachment-3509\" style=\"width: 362px\" class=\"wp-caption aligncenter\"><a href=\"https:\/\/www.huelvaysusfotografos.com\/wp-content\/uploads\/2014\/05\/10368552_10203947941521638_2057474431_o.jpg\"><img loading=\"lazy\" decoding=\"async\" class=\"wp-image-3509\" src=\"https:\/\/www.huelvaysusfotografos.com\/wp-content\/uploads\/2014\/05\/10368552_10203947941521638_2057474431_o-674x1024.jpg\" alt=\"Fotograf\u00eda Aurora Mart\u00edn Mar\u00edn\" width=\"362\" height=\"550\" \/><\/a><figcaption id=\"caption-attachment-3509\" class=\"wp-caption-text\"><span style=\"color: #000000;\">Fotograf\u00eda Aurora Mart\u00edn Mar\u00edn<\/span><\/figcaption><\/figure>\n<figure id=\"attachment_3511\" aria-describedby=\"caption-attachment-3511\" style=\"width: 550px\" class=\"wp-caption aligncenter\"><a href=\"https:\/\/www.huelvaysusfotografos.com\/wp-content\/uploads\/2014\/05\/Tharsis-1-Juana-Mart\u00edn.jpg\"><img loading=\"lazy\" decoding=\"async\" class=\"wp-image-3511\" src=\"https:\/\/www.huelvaysusfotografos.com\/wp-content\/uploads\/2014\/05\/Tharsis-1-Juana-Mart\u00edn-1024x682.jpg\" alt=\"Fotograf\u00eda Juana Mart\u00edn\" width=\"550\" height=\"366\" srcset=\"https:\/\/www.huelvaysusfotografos.com\/wp-content\/uploads\/2014\/05\/Tharsis-1-Juana-Mart\u00edn-1024x682.jpg 1024w, https:\/\/www.huelvaysusfotografos.com\/wp-content\/uploads\/2014\/05\/Tharsis-1-Juana-Mart\u00edn-300x200.jpg 300w, https:\/\/www.huelvaysusfotografos.com\/wp-content\/uploads\/2014\/05\/Tharsis-1-Juana-Mart\u00edn-768x512.jpg 768w, https:\/\/www.huelvaysusfotografos.com\/wp-content\/uploads\/2014\/05\/Tharsis-1-Juana-Mart\u00edn-120x80.jpg 120w, https:\/\/www.huelvaysusfotografos.com\/wp-content\/uploads\/2014\/05\/Tharsis-1-Juana-Mart\u00edn.jpg 1276w\" sizes=\"auto, (max-width: 550px) 100vw, 550px\" \/><\/a><figcaption id=\"caption-attachment-3511\" class=\"wp-caption-text\"><span style=\"color: #000000;\">Fotograf\u00eda Juana Mart\u00edn<\/span><\/figcaption><\/figure>\n<p>&nbsp;<\/p>\n<p>Tambi\u00e9n visitamos algunos edificios administrativos de la compa\u00f1\u00eda minera y el Fil\u00f3n Norte.<\/p>\n<figure id=\"attachment_3504\" aria-describedby=\"caption-attachment-3504\" style=\"width: 550px\" class=\"wp-caption aligncenter\"><a href=\"https:\/\/www.huelvaysusfotografos.com\/wp-content\/uploads\/2014\/05\/10361210_668800509854140_101735817_o.jpg\"><img loading=\"lazy\" decoding=\"async\" class=\"wp-image-3504\" src=\"https:\/\/www.huelvaysusfotografos.com\/wp-content\/uploads\/2014\/05\/10361210_668800509854140_101735817_o-1024x680.jpg\" alt=\"Fotograf\u00eda Cayetana Cumbreras\" width=\"550\" height=\"366\" \/><\/a><figcaption id=\"caption-attachment-3504\" class=\"wp-caption-text\"><span style=\"color: #000000;\">Fotograf\u00eda Cayetana Cumbreras<\/span><\/figcaption><\/figure>\n<p>&nbsp;<\/p>\n<figure id=\"attachment_3539\" aria-describedby=\"caption-attachment-3539\" style=\"width: 367px\" class=\"wp-caption aligncenter\"><a href=\"https:\/\/www.huelvaysusfotografos.com\/wp-content\/uploads\/2014\/05\/10368623_10203963895843154_1994530699_o.jpg\"><img loading=\"lazy\" decoding=\"async\" class=\"wp-image-3539\" src=\"https:\/\/www.huelvaysusfotografos.com\/wp-content\/uploads\/2014\/05\/10368623_10203963895843154_1994530699_o.jpg\" alt=\"Fotograf\u00eda de Antonio Mu\u00f1oz\" width=\"367\" height=\"550\" srcset=\"https:\/\/www.huelvaysusfotografos.com\/wp-content\/uploads\/2014\/05\/10368623_10203963895843154_1994530699_o.jpg 667w, https:\/\/www.huelvaysusfotografos.com\/wp-content\/uploads\/2014\/05\/10368623_10203963895843154_1994530699_o-200x300.jpg 200w\" sizes=\"auto, (max-width: 367px) 100vw, 367px\" \/><\/a><figcaption id=\"caption-attachment-3539\" class=\"wp-caption-text\"><span style=\"color: #000000;\">Fotograf\u00eda de Antonio Mu\u00f1oz<\/span><\/figcaption><\/figure>\n<p>Y la estaci\u00f3n de las Minas de Tharsis.<\/p>\n<figure id=\"attachment_3499\" aria-describedby=\"caption-attachment-3499\" style=\"width: 550px\" class=\"wp-caption aligncenter\"><a href=\"https:\/\/www.huelvaysusfotografos.com\/wp-content\/uploads\/2014\/05\/1658180_1495918830620268_2475480414908258244_o.jpg\"><img loading=\"lazy\" decoding=\"async\" class=\"wp-image-3499\" src=\"https:\/\/www.huelvaysusfotografos.com\/wp-content\/uploads\/2014\/05\/1658180_1495918830620268_2475480414908258244_o-1024x764.jpg\" alt=\"Fotograf\u00eda de Alicia Garrido Jarillo\" width=\"550\" height=\"411\" \/><\/a><figcaption id=\"caption-attachment-3499\" class=\"wp-caption-text\"><span style=\"color: #000000;\">Fotograf\u00eda de Alicia Garrido Jarillo<\/span><\/figcaption><\/figure>\n<figure id=\"attachment_3502\" aria-describedby=\"caption-attachment-3502\" style=\"width: 550px\" class=\"wp-caption aligncenter\"><a href=\"https:\/\/www.huelvaysusfotografos.com\/wp-content\/uploads\/2014\/05\/10342045_639333732810755_1199110293_o.jpg\"><img loading=\"lazy\" decoding=\"async\" class=\"wp-image-3502\" src=\"https:\/\/www.huelvaysusfotografos.com\/wp-content\/uploads\/2014\/05\/10342045_639333732810755_1199110293_o-1024x682.jpg\" alt=\"Fotograf\u00eda Marcos MGC\" width=\"550\" height=\"367\" \/><\/a><figcaption id=\"caption-attachment-3502\" class=\"wp-caption-text\"><span style=\"color: #000000;\">Fotograf\u00eda Marcos MGC<\/span><\/figcaption><\/figure>\n<figure id=\"attachment_3530\" aria-describedby=\"caption-attachment-3530\" style=\"width: 550px\" class=\"wp-caption aligncenter\"><a href=\"https:\/\/www.huelvaysusfotografos.com\/wp-content\/uploads\/2014\/05\/Tharsis-2-Juana-Mart\u00edn.jpg\"><img loading=\"lazy\" decoding=\"async\" class=\"wp-image-3530\" src=\"https:\/\/www.huelvaysusfotografos.com\/wp-content\/uploads\/2014\/05\/Tharsis-2-Juana-Mart\u00edn-1024x682.jpg\" alt=\"Fotograf\u00eda Juana Mart\u00edn\" width=\"550\" height=\"366\" srcset=\"https:\/\/www.huelvaysusfotografos.com\/wp-content\/uploads\/2014\/05\/Tharsis-2-Juana-Mart\u00edn-1024x682.jpg 1024w, https:\/\/www.huelvaysusfotografos.com\/wp-content\/uploads\/2014\/05\/Tharsis-2-Juana-Mart\u00edn-300x200.jpg 300w, https:\/\/www.huelvaysusfotografos.com\/wp-content\/uploads\/2014\/05\/Tharsis-2-Juana-Mart\u00edn-768x512.jpg 768w, https:\/\/www.huelvaysusfotografos.com\/wp-content\/uploads\/2014\/05\/Tharsis-2-Juana-Mart\u00edn-120x80.jpg 120w, https:\/\/www.huelvaysusfotografos.com\/wp-content\/uploads\/2014\/05\/Tharsis-2-Juana-Mart\u00edn.jpg 1276w\" sizes=\"auto, (max-width: 550px) 100vw, 550px\" \/><\/a><figcaption id=\"caption-attachment-3530\" class=\"wp-caption-text\"><span style=\"color: #000000;\">Fotograf\u00eda Juana Mart\u00edn<\/span><\/figcaption><\/figure>\n<figure id=\"attachment_3544\" aria-describedby=\"caption-attachment-3544\" style=\"width: 550px\" class=\"wp-caption aligncenter\"><a href=\"https:\/\/www.huelvaysusfotografos.com\/wp-content\/uploads\/2014\/05\/10368525_295612597265126_375472716_o.jpg\"><img loading=\"lazy\" decoding=\"async\" class=\"wp-image-3544\" src=\"https:\/\/www.huelvaysusfotografos.com\/wp-content\/uploads\/2014\/05\/10368525_295612597265126_375472716_o-1024x682.jpg\" alt=\"Fotograf\u00eda de Carmen Torres\" width=\"550\" height=\"367\" \/><\/a><figcaption id=\"caption-attachment-3544\" class=\"wp-caption-text\"><span style=\"color: #000000;\">Fotograf\u00eda de Carmen Torres<\/span><\/figcaption><\/figure>\n<figure id=\"attachment_3501\" aria-describedby=\"caption-attachment-3501\" style=\"width: 550px\" class=\"wp-caption aligncenter\"><a href=\"https:\/\/www.huelvaysusfotografos.com\/wp-content\/uploads\/2014\/05\/10337271_10203947939401585_1322112201_o.jpg\"><img loading=\"lazy\" decoding=\"async\" class=\"wp-image-3501\" src=\"https:\/\/www.huelvaysusfotografos.com\/wp-content\/uploads\/2014\/05\/10337271_10203947939401585_1322112201_o-1024x667.jpg\" alt=\"Fotograf\u00eda Aurora Mart\u00edn Mar\u00edn\" width=\"550\" height=\"359\" \/><\/a><figcaption id=\"caption-attachment-3501\" class=\"wp-caption-text\"><span style=\"color: #000000;\">Fotograf\u00eda Aurora Mart\u00edn Mar\u00edn<\/span><\/figcaption><\/figure>\n<figure id=\"attachment_3543\" aria-describedby=\"caption-attachment-3543\" style=\"width: 550px\" class=\"wp-caption aligncenter\"><a href=\"https:\/\/www.huelvaysusfotografos.com\/wp-content\/uploads\/2014\/05\/10359299_295610823931970_174070939_o.jpg\"><img loading=\"lazy\" decoding=\"async\" class=\"wp-image-3543\" src=\"https:\/\/www.huelvaysusfotografos.com\/wp-content\/uploads\/2014\/05\/10359299_295610823931970_174070939_o-1024x682.jpg\" alt=\"Fotograf\u00eda de Carmen Torres\" width=\"550\" height=\"367\" \/><\/a><figcaption id=\"caption-attachment-3543\" class=\"wp-caption-text\"><span style=\"color: #000000;\">Fotograf\u00eda de Carmen Torres<\/span><\/figcaption><\/figure>\n<figure id=\"attachment_3505\" aria-describedby=\"caption-attachment-3505\" style=\"width: 550px\" class=\"wp-caption aligncenter\"><img loading=\"lazy\" decoding=\"async\" class=\"wp-image-3505\" src=\"https:\/\/www.huelvaysusfotografos.com\/wp-content\/uploads\/2014\/05\/10361692_10200989871668068_549044693_o-1024x678.jpg\" alt=\"Fotograf\u00eda Emilio Romero\" width=\"550\" height=\"364\" srcset=\"https:\/\/www.huelvaysusfotografos.com\/wp-content\/uploads\/2014\/05\/10361692_10200989871668068_549044693_o-1024x678.jpg 1024w, https:\/\/www.huelvaysusfotografos.com\/wp-content\/uploads\/2014\/05\/10361692_10200989871668068_549044693_o-300x199.jpg 300w, https:\/\/www.huelvaysusfotografos.com\/wp-content\/uploads\/2014\/05\/10361692_10200989871668068_549044693_o-768x509.jpg 768w, https:\/\/www.huelvaysusfotografos.com\/wp-content\/uploads\/2014\/05\/10361692_10200989871668068_549044693_o-1536x1017.jpg 1536w, https:\/\/www.huelvaysusfotografos.com\/wp-content\/uploads\/2014\/05\/10361692_10200989871668068_549044693_o-120x80.jpg 120w, https:\/\/www.huelvaysusfotografos.com\/wp-content\/uploads\/2014\/05\/10361692_10200989871668068_549044693_o.jpg 2048w\" sizes=\"auto, (max-width: 550px) 100vw, 550px\" \/><figcaption id=\"caption-attachment-3505\" class=\"wp-caption-text\"><span style=\"color: #000000;\">Fotograf\u00eda Emilio Romero<\/span><\/figcaption><\/figure>\n","protected":false},"excerpt":{"rendered":"<p>El pasado domingo 11 de mayo, ofrecimos a\u00a0socios y socias de nuestra HYSF, este encuentro con la privilegiada compa\u00f1\u00eda de Emilio Romero. Nuestro amigo tiene un curr\u00edculum extenso, es Ingeniero T\u00e9cnico de Minas, Licenciado en Ciencias Geol\u00f3gicas y Doctor en Geolog\u00eda, adem\u00e1s de Profesor titular de la Universidad de Huelva en la Escuela Polit\u00e9cnica Superior, del Dpto. de Ingenier\u00eda Minera, Mec\u00e1nica y Energ\u00eda&#8230; en definitiva, toda una instituci\u00f3n en materia<\/p>\n<div class=\"belowpost\"><a class=\"btnmore\" href=\"https:\/\/www.huelvaysusfotografos.com\/?p=3496\">Seguir leyendo<\/a><\/div>\n","protected":false},"author":41,"featured_media":3510,"comment_status":"open","ping_status":"open","sticky":false,"template":"","format":"standard","meta":{"footnotes":"","_links_to":"","_links_to_target":""},"categories":[3,6],"tags":[],"class_list":["post-3496","post","type-post","status-publish","format-standard","has-post-thumbnail","hentry","category-noticias","category-quedadas"],"_links":{"self":[{"href":"https:\/\/www.huelvaysusfotografos.com\/index.php?rest_route=\/wp\/v2\/posts\/3496","targetHints":{"allow":["GET"]}}],"collection":[{"href":"https:\/\/www.huelvaysusfotografos.com\/index.php?rest_route=\/wp\/v2\/posts"}],"about":[{"href":"https:\/\/www.huelvaysusfotografos.com\/index.php?rest_route=\/wp\/v2\/types\/post"}],"author":[{"embeddable":true,"href":"https:\/\/www.huelvaysusfotografos.com\/index.php?rest_route=\/wp\/v2\/users\/41"}],"replies":[{"embeddable":true,"href":"https:\/\/www.huelvaysusfotografos.com\/index.php?rest_route=%2Fwp%2Fv2%2Fcomments&post=3496"}],"version-history":[{"count":17,"href":"https:\/\/www.huelvaysusfotografos.com\/index.php?rest_route=\/wp\/v2\/posts\/3496\/revisions"}],"predecessor-version":[{"id":3545,"href":"https:\/\/www.huelvaysusfotografos.com\/index.php?rest_route=\/wp\/v2\/posts\/3496\/revisions\/3545"}],"wp:featuredmedia":[{"embeddable":true,"href":"https:\/\/www.huelvaysusfotografos.com\/index.php?rest_route=\/wp\/v2\/media\/3510"}],"wp:attachment":[{"href":"https:\/\/www.huelvaysusfotografos.com\/index.php?rest_route=%2Fwp%2Fv2%2Fmedia&parent=3496"}],"wp:term":[{"taxonomy":"category","embeddable":true,"href":"https:\/\/www.huelvaysusfotografos.com\/index.php?rest_route=%2Fwp%2Fv2%2Fcategories&post=3496"},{"taxonomy":"post_tag","embeddable":true,"href":"https:\/\/www.huelvaysusfotografos.com\/index.php?rest_route=%2Fwp%2Fv2%2Ftags&post=3496"}],"curies":[{"name":"wp","href":"https:\/\/api.w.org\/{rel}","templated":true}]}}