{"id":3473,"date":"2014-05-21T16:21:59","date_gmt":"2014-05-21T15:21:59","guid":{"rendered":"http:\/\/www.huelvaysusfotografos.com\/?p=3473"},"modified":"2014-06-16T16:54:09","modified_gmt":"2014-06-16T15:54:09","slug":"nuestra-tertulia-de-mayo-con-francisco-jose-hoyos","status":"publish","type":"post","link":"https:\/\/www.huelvaysusfotografos.com\/?p=3473","title":{"rendered":"Nuestra Tertulia de mayo con Francisco Jos\u00e9 Hoyos"},"content":{"rendered":"<p>Este mes lo hemos querido dedicar a la fotograf\u00eda de cuevas, de la mano de un gran experto, de Francisco Jos\u00e9 Hoyos M\u00e9ndez.<\/p>\n<p>&nbsp;<\/p>\n<figure id=\"attachment_3474\" aria-describedby=\"caption-attachment-3474\" style=\"width: 550px\" class=\"wp-caption aligncenter\"><a href=\"https:\/\/www.huelvaysusfotografos.com\/wp-content\/uploads\/2014\/05\/Cartel-Francisco-Hoyos-Tertuliano.jpg\"><img loading=\"lazy\" decoding=\"async\" class=\"wp-image-3474\" src=\"https:\/\/www.huelvaysusfotografos.com\/wp-content\/uploads\/2014\/05\/Cartel-Francisco-Hoyos-Tertuliano.jpg\" alt=\"Cartel de la Tertulia del 8 de mayo\" width=\"550\" height=\"366\" srcset=\"https:\/\/www.huelvaysusfotografos.com\/wp-content\/uploads\/2014\/05\/Cartel-Francisco-Hoyos-Tertuliano.jpg 800w, https:\/\/www.huelvaysusfotografos.com\/wp-content\/uploads\/2014\/05\/Cartel-Francisco-Hoyos-Tertuliano-300x200.jpg 300w, https:\/\/www.huelvaysusfotografos.com\/wp-content\/uploads\/2014\/05\/Cartel-Francisco-Hoyos-Tertuliano-768x512.jpg 768w, https:\/\/www.huelvaysusfotografos.com\/wp-content\/uploads\/2014\/05\/Cartel-Francisco-Hoyos-Tertuliano-120x80.jpg 120w\" sizes=\"auto, (max-width: 550px) 100vw, 550px\" \/><\/a><figcaption id=\"caption-attachment-3474\" class=\"wp-caption-text\">Cartel de la Tertulia del 8 de mayo<\/figcaption><\/figure>\n<p style=\"text-align: justify;\"><span style=\"color: #ffffff;\">Hoyos es c\u00e1ntabro, concretamente de Castro- Urdiales. Es aficionado a la espeleolog\u00eda desde hace 30 a\u00f1os, lo que le otorga experiencia en numerosas expediciones y proyectos. Tambi\u00e9n coincide que le gusta la fotograf\u00eda y quiso combinar estos dos campos, cosa que en principio era complicada sobre todo porque el medio no es el id\u00f3neo (falta de luz en cuevas).<\/span><\/p>\n<p style=\"text-align: justify;\"><span style=\"color: #ffffff;\">En su curr\u00edculum como espele\u00f3logo se puede destacar el proyecto editorial del libro de \u00abLa Gruta de las Maravillas\u00bb (Aracena- Huelva), \u00a0obra realizada junto con Rafael Manzano que es la\u00a0\u00fanica que se comercializa y la \u00fanica con los itinerarios a todo color, contando a sus espaldas con la publicaci\u00f3n de varias ediciones. Tambi\u00e9n ha participado en la enciclopedia de la Junta de Andaluc\u00eda \u00abProyecto Andaluc\u00eda\u00bb, obra magna de espeleolog\u00eda y cuevas de diversas cuevas de la comunidad. Otras publicaciones como \u00abEl Karst de Andaluc\u00eda\u00bb y \u00abLa Espeleolog\u00eda un Mundo por Descubrir\u00bb. Ha participado en el cat\u00e1logo de grandes cuevas de Almer\u00eda. Y adem\u00e1s tiene otras publicaciones sobre aves, mariposas&#8230; Siente la necesidad de estar federado en espeleolog\u00eda (desde 1982), en Andaluc\u00eda de 1986 a 2013. Ha sido vicepresidente de la FAE (http:\/\/espeleo.com) 1996-2000.m Miembro del \u00abEspeleo Club Montejaque\u00bb, y un largo etc\u00e9tera que ser\u00eda interminable.<\/span><\/p>\n<figure id=\"attachment_3478\" aria-describedby=\"caption-attachment-3478\" style=\"width: 550px\" class=\"wp-caption aligncenter\"><a href=\"https:\/\/www.huelvaysusfotografos.com\/wp-content\/uploads\/2014\/05\/Tertulia-Paco-Hoyos-1.jpg\"><img loading=\"lazy\" decoding=\"async\" class=\"wp-image-3478\" src=\"https:\/\/www.huelvaysusfotografos.com\/wp-content\/uploads\/2014\/05\/Tertulia-Paco-Hoyos-1-1024x682.jpg\" alt=\"Van llegando los oyentes y tertulianos\" width=\"550\" height=\"366\" srcset=\"https:\/\/www.huelvaysusfotografos.com\/wp-content\/uploads\/2014\/05\/Tertulia-Paco-Hoyos-1-1024x682.jpg 1024w, https:\/\/www.huelvaysusfotografos.com\/wp-content\/uploads\/2014\/05\/Tertulia-Paco-Hoyos-1-300x200.jpg 300w, https:\/\/www.huelvaysusfotografos.com\/wp-content\/uploads\/2014\/05\/Tertulia-Paco-Hoyos-1-768x512.jpg 768w, https:\/\/www.huelvaysusfotografos.com\/wp-content\/uploads\/2014\/05\/Tertulia-Paco-Hoyos-1-120x80.jpg 120w, https:\/\/www.huelvaysusfotografos.com\/wp-content\/uploads\/2014\/05\/Tertulia-Paco-Hoyos-1.jpg 1276w\" sizes=\"auto, (max-width: 550px) 100vw, 550px\" \/><\/a><figcaption id=\"caption-attachment-3478\" class=\"wp-caption-text\"><span style=\"color: #000000;\">Tertulianos<\/span><\/figcaption><\/figure>\n<figure id=\"attachment_3479\" aria-describedby=\"caption-attachment-3479\" style=\"width: 550px\" class=\"wp-caption aligncenter\"><a href=\"https:\/\/www.huelvaysusfotografos.com\/wp-content\/uploads\/2014\/05\/Tertulia-Paco-Hoyos-2.jpg\"><img loading=\"lazy\" decoding=\"async\" class=\"wp-image-3479\" src=\"https:\/\/www.huelvaysusfotografos.com\/wp-content\/uploads\/2014\/05\/Tertulia-Paco-Hoyos-2-1024x682.jpg\" alt=\"Disfrutando de alguna im\u00e1genes de Paco Hoyos\" width=\"550\" height=\"366\" srcset=\"https:\/\/www.huelvaysusfotografos.com\/wp-content\/uploads\/2014\/05\/Tertulia-Paco-Hoyos-2-1024x682.jpg 1024w, https:\/\/www.huelvaysusfotografos.com\/wp-content\/uploads\/2014\/05\/Tertulia-Paco-Hoyos-2-300x200.jpg 300w, https:\/\/www.huelvaysusfotografos.com\/wp-content\/uploads\/2014\/05\/Tertulia-Paco-Hoyos-2-768x512.jpg 768w, https:\/\/www.huelvaysusfotografos.com\/wp-content\/uploads\/2014\/05\/Tertulia-Paco-Hoyos-2-120x80.jpg 120w, https:\/\/www.huelvaysusfotografos.com\/wp-content\/uploads\/2014\/05\/Tertulia-Paco-Hoyos-2.jpg 1276w\" sizes=\"auto, (max-width: 550px) 100vw, 550px\" \/><\/a><figcaption id=\"caption-attachment-3479\" class=\"wp-caption-text\"><span style=\"color: #000000;\">Disfrutando de alguna im\u00e1genes de Paco Hoyos<\/span><\/figcaption><\/figure>\n<p>&nbsp;<\/p>\n<figure id=\"attachment_3481\" aria-describedby=\"caption-attachment-3481\" style=\"width: 550px\" class=\"wp-caption aligncenter\"><a href=\"https:\/\/www.huelvaysusfotografos.com\/wp-content\/uploads\/2014\/05\/Tertulia-Paco-Hoyos-4.jpg\"><img loading=\"lazy\" decoding=\"async\" class=\"wp-image-3481\" src=\"https:\/\/www.huelvaysusfotografos.com\/wp-content\/uploads\/2014\/05\/Tertulia-Paco-Hoyos-4-1024x682.jpg\" alt=\"Nuestra amiga y socia Aurora alucina con la imagen de Paco Hoyos\" width=\"550\" height=\"366\" srcset=\"https:\/\/www.huelvaysusfotografos.com\/wp-content\/uploads\/2014\/05\/Tertulia-Paco-Hoyos-4-1024x682.jpg 1024w, https:\/\/www.huelvaysusfotografos.com\/wp-content\/uploads\/2014\/05\/Tertulia-Paco-Hoyos-4-300x200.jpg 300w, https:\/\/www.huelvaysusfotografos.com\/wp-content\/uploads\/2014\/05\/Tertulia-Paco-Hoyos-4-768x512.jpg 768w, https:\/\/www.huelvaysusfotografos.com\/wp-content\/uploads\/2014\/05\/Tertulia-Paco-Hoyos-4-120x80.jpg 120w, https:\/\/www.huelvaysusfotografos.com\/wp-content\/uploads\/2014\/05\/Tertulia-Paco-Hoyos-4.jpg 1276w\" sizes=\"auto, (max-width: 550px) 100vw, 550px\" \/><\/a><figcaption id=\"caption-attachment-3481\" class=\"wp-caption-text\"><span style=\"color: #000000;\">Nuestra amiga y socia Aurora alucina con la imagen de Paco Hoyos<\/span><\/figcaption><\/figure>\n<figure id=\"attachment_3482\" aria-describedby=\"caption-attachment-3482\" style=\"width: 550px\" class=\"wp-caption aligncenter\"><a href=\"https:\/\/www.huelvaysusfotografos.com\/wp-content\/uploads\/2014\/05\/Tertulia-Paco-Hoyos-5.jpg\"><img loading=\"lazy\" decoding=\"async\" class=\"wp-image-3482\" src=\"https:\/\/www.huelvaysusfotografos.com\/wp-content\/uploads\/2014\/05\/Tertulia-Paco-Hoyos-5-1024x682.jpg\" alt=\"Hoyos nos muestra una de sus im\u00e1genes con ayuda de Juan Carlos Cruz\" width=\"550\" height=\"366\" srcset=\"https:\/\/www.huelvaysusfotografos.com\/wp-content\/uploads\/2014\/05\/Tertulia-Paco-Hoyos-5-1024x682.jpg 1024w, https:\/\/www.huelvaysusfotografos.com\/wp-content\/uploads\/2014\/05\/Tertulia-Paco-Hoyos-5-300x200.jpg 300w, https:\/\/www.huelvaysusfotografos.com\/wp-content\/uploads\/2014\/05\/Tertulia-Paco-Hoyos-5-768x512.jpg 768w, https:\/\/www.huelvaysusfotografos.com\/wp-content\/uploads\/2014\/05\/Tertulia-Paco-Hoyos-5-120x80.jpg 120w, https:\/\/www.huelvaysusfotografos.com\/wp-content\/uploads\/2014\/05\/Tertulia-Paco-Hoyos-5.jpg 1276w\" sizes=\"auto, (max-width: 550px) 100vw, 550px\" \/><\/a><figcaption id=\"caption-attachment-3482\" class=\"wp-caption-text\"><span style=\"color: #000000;\">Hoyos nos muestra una de sus im\u00e1genes con ayuda de Juan Carlos Cruz<\/span><\/figcaption><\/figure>\n<p>&nbsp;<\/p>\n<p><span style=\"color: #ffffff;\">Gracias a Pacos por su tiempo y por compartir su experiencia y conocimiento.<\/span><\/p>\n<p><span style=\"color: #ffffff;\">Seguimos en contacto y pronto volvernos a encontrarnos&#8230; quiz\u00e1s en alguna cueva!!<\/span><\/p>\n<p>&nbsp;<\/p>\n","protected":false},"excerpt":{"rendered":"<p>Este mes lo hemos querido dedicar a la fotograf\u00eda de cuevas, de la mano de un gran experto, de Francisco Jos\u00e9 Hoyos M\u00e9ndez. &nbsp; Hoyos es c\u00e1ntabro, concretamente de Castro- Urdiales. Es aficionado a la espeleolog\u00eda desde hace 30 a\u00f1os, lo que le otorga experiencia en numerosas expediciones y proyectos. Tambi\u00e9n coincide que le gusta la fotograf\u00eda y quiso combinar estos dos campos, cosa que en principio era complicada sobre<\/p>\n<div class=\"belowpost\"><a class=\"btnmore\" href=\"https:\/\/www.huelvaysusfotografos.com\/?p=3473\">Seguir leyendo<\/a><\/div>\n","protected":false},"author":41,"featured_media":3474,"comment_status":"open","ping_status":"open","sticky":false,"template":"","format":"standard","meta":{"footnotes":"","_links_to":"","_links_to_target":""},"categories":[3],"tags":[],"class_list":["post-3473","post","type-post","status-publish","format-standard","has-post-thumbnail","hentry","category-noticias"],"_links":{"self":[{"href":"https:\/\/www.huelvaysusfotografos.com\/index.php?rest_route=\/wp\/v2\/posts\/3473","targetHints":{"allow":["GET"]}}],"collection":[{"href":"https:\/\/www.huelvaysusfotografos.com\/index.php?rest_route=\/wp\/v2\/posts"}],"about":[{"href":"https:\/\/www.huelvaysusfotografos.com\/index.php?rest_route=\/wp\/v2\/types\/post"}],"author":[{"embeddable":true,"href":"https:\/\/www.huelvaysusfotografos.com\/index.php?rest_route=\/wp\/v2\/users\/41"}],"replies":[{"embeddable":true,"href":"https:\/\/www.huelvaysusfotografos.com\/index.php?rest_route=%2Fwp%2Fv2%2Fcomments&post=3473"}],"version-history":[{"count":11,"href":"https:\/\/www.huelvaysusfotografos.com\/index.php?rest_route=\/wp\/v2\/posts\/3473\/revisions"}],"predecessor-version":[{"id":3526,"href":"https:\/\/www.huelvaysusfotografos.com\/index.php?rest_route=\/wp\/v2\/posts\/3473\/revisions\/3526"}],"wp:featuredmedia":[{"embeddable":true,"href":"https:\/\/www.huelvaysusfotografos.com\/index.php?rest_route=\/wp\/v2\/media\/3474"}],"wp:attachment":[{"href":"https:\/\/www.huelvaysusfotografos.com\/index.php?rest_route=%2Fwp%2Fv2%2Fmedia&parent=3473"}],"wp:term":[{"taxonomy":"category","embeddable":true,"href":"https:\/\/www.huelvaysusfotografos.com\/index.php?rest_route=%2Fwp%2Fv2%2Fcategories&post=3473"},{"taxonomy":"post_tag","embeddable":true,"href":"https:\/\/www.huelvaysusfotografos.com\/index.php?rest_route=%2Fwp%2Fv2%2Ftags&post=3473"}],"curies":[{"name":"wp","href":"https:\/\/api.w.org\/{rel}","templated":true}]}}