{"id":3464,"date":"2014-05-10T11:44:32","date_gmt":"2014-05-10T10:44:32","guid":{"rendered":"http:\/\/www.huelvaysusfotografos.com\/?p=3464"},"modified":"2014-06-16T16:55:29","modified_gmt":"2014-06-16T15:55:29","slug":"fallo-del-jurado-otra-cara-de-la-semana-santa","status":"publish","type":"post","link":"https:\/\/www.huelvaysusfotografos.com\/?p=3464","title":{"rendered":"Fallo del Jurado: OTRA CARA DE LA SEMANA SANTA"},"content":{"rendered":"<p style=\"text-align: justify;\"><span style=\"color: #ccffff;\">Como otro mes m\u00e1s, os presentamos el ACTA DEL FALLO DEL JURADO del concurso fotogr\u00e1fico \u00abOtra cara de la Semana Santa\u00bb\u00a0dentro de la edici\u00f3n \u00abHuelva a trav\u00e9s de la fotograf\u00eda\u00bb, en la que colaboramos de manera continuada desde hace m\u00e1s de un a\u00f1o con la Concejal\u00eda de Turismo del Ayuntamiento de Huelva.<\/span><\/p>\n<p style=\"text-align: justify;\"><span style=\"color: #ccffff;\">Desde hace no mucho, tambi\u00e9n contamos con el apoyo de empresas del sector tur\u00edstico que se han echado hacia delante para colaborar en los premios, en esta ocasi\u00f3n contamos con Aires Africanos (paseo en camello para dos personas) y Casas Rurales Los Pinos (con un fin de semana para dos personas en una de sus casa); adem\u00e1s del incondicional patrocinio de Elena S\u00e1nchez Balonga que ser\u00e1 la encargada de hacer realidad la Exposici\u00f3n final de a\u00f1o donde participar\u00e1n todas las fotograf\u00edas premiadas.<\/span><\/p>\n<p style=\"text-align: justify;\"><span style=\"color: #ccffff;\">El jurado <i>ha estado compuesto por Elena S\u00e1nchez Balonga, Fot\u00f3grafa Profesional\u00a0<\/i><i>y Juana M\u00aa Mart\u00edn Infantes, Dinamizadora de la Concejal\u00eda de Turismo del Ayuntamiento de Huelva, tomando la siguiente\u00a0decisi\u00f3n:<\/i><\/span><\/p>\n<ul>\n<li style=\"text-align: justify;\"><span style=\"color: #ccffff;\">El Primer premio y por lo tanto fotograf\u00eda ganadora del Concurso Fotogr\u00e1fico bajo la tem\u00e1tica \u201cOtra cara de la Semana Santa\u201d corresponde a Pilar Rodr\u00edguez Barranco con la imagen titulada \u201cT\u00fanica despu\u00e9s de la procesi\u00f3n\u201d de la Hdad. Oraci\u00f3n del Huerto.<\/span>\n<p><figure id=\"attachment_3467\" aria-describedby=\"caption-attachment-3467\" style=\"width: 500px\" class=\"wp-caption aligncenter\"><a href=\"https:\/\/www.huelvaysusfotografos.com\/wp-content\/uploads\/2014\/05\/Ganadora.jpg\"><img loading=\"lazy\" decoding=\"async\" class=\"wp-image-3467\" src=\"https:\/\/www.huelvaysusfotografos.com\/wp-content\/uploads\/2014\/05\/Ganadora.jpg\" alt=\"El Primer premio y por lo tanto fotograf\u00eda ganadora del Concurso Fotogr\u00e1fico bajo la tem\u00e1tica \u201cOtra cara de la Semana Santa\u201d corresponde a Pilar Rodr\u00edguez Barranco con la imagen titulada \u201cT\u00fanica despu\u00e9s de la procesi\u00f3n\u201d de la Hdad. Oraci\u00f3n del Huerto\" width=\"500\" height=\"667\" srcset=\"https:\/\/www.huelvaysusfotografos.com\/wp-content\/uploads\/2014\/05\/Ganadora.jpg 1181w, https:\/\/www.huelvaysusfotografos.com\/wp-content\/uploads\/2014\/05\/Ganadora-225x300.jpg 225w, https:\/\/www.huelvaysusfotografos.com\/wp-content\/uploads\/2014\/05\/Ganadora-768x1024.jpg 768w, https:\/\/www.huelvaysusfotografos.com\/wp-content\/uploads\/2014\/05\/Ganadora-1152x1536.jpg 1152w\" sizes=\"auto, (max-width: 500px) 100vw, 500px\" \/><\/a><figcaption id=\"caption-attachment-3467\" class=\"wp-caption-text\"><span style=\"color: #000000;\">El Primer premio y por lo tanto fotograf\u00eda ganadora del Concurso Fotogr\u00e1fico bajo la tem\u00e1tica \u201cOtra cara de la Semana Santa\u201d corresponde a Pilar Rodr\u00edguez Barranco con la imagen titulada \u201cT\u00fanica despu\u00e9s de la procesi\u00f3n\u201d de la Hdad. Oraci\u00f3n del Huerto<\/span><\/figcaption><\/figure><\/li>\n<\/ul>\n<p><span style=\"color: #ccffff;\">Igualmente otorga dos acc\u00e9sit:<\/span><\/p>\n<ul>\n<li><span style=\"color: #ccffff;\">Uno a Mar Revilla Vel\u00e1zquez, por su imagen titulada \u201cEmociones Nazarenas\u201d de la Hermandad de Estudiantes<\/span><\/li>\n<\/ul>\n<figure id=\"attachment_3465\" aria-describedby=\"caption-attachment-3465\" style=\"width: 500px\" class=\"wp-caption aligncenter\"><a href=\"https:\/\/www.huelvaysusfotografos.com\/wp-content\/uploads\/2014\/05\/Acc\u00e9sit-1.jpg\"><img loading=\"lazy\" decoding=\"async\" class=\"wp-image-3465\" src=\"https:\/\/www.huelvaysusfotografos.com\/wp-content\/uploads\/2014\/05\/Acc\u00e9sit-1-1024x682.jpg\" alt=\"Acc\u00e9sit a Mar Revilla Vel\u00e1zquez, por su imagen titulada \u201cEmociones Nazarenas\u201d de la Hermandad de Estudiantes \" width=\"500\" height=\"333\" srcset=\"https:\/\/www.huelvaysusfotografos.com\/wp-content\/uploads\/2014\/05\/Acc\u00e9sit-1-1024x682.jpg 1024w, https:\/\/www.huelvaysusfotografos.com\/wp-content\/uploads\/2014\/05\/Acc\u00e9sit-1-300x200.jpg 300w, https:\/\/www.huelvaysusfotografos.com\/wp-content\/uploads\/2014\/05\/Acc\u00e9sit-1-768x512.jpg 768w, https:\/\/www.huelvaysusfotografos.com\/wp-content\/uploads\/2014\/05\/Acc\u00e9sit-1-1536x1024.jpg 1536w, https:\/\/www.huelvaysusfotografos.com\/wp-content\/uploads\/2014\/05\/Acc\u00e9sit-1-120x80.jpg 120w, https:\/\/www.huelvaysusfotografos.com\/wp-content\/uploads\/2014\/05\/Acc\u00e9sit-1.jpg 1772w\" sizes=\"auto, (max-width: 500px) 100vw, 500px\" \/><\/a><figcaption id=\"caption-attachment-3465\" class=\"wp-caption-text\"><span style=\"color: #000000;\">Acc\u00e9sit a Mar Revilla Vel\u00e1zquez, por su imagen titulada \u201cEmociones Nazarenas\u201d de la Hermandad de Estudiantes<\/span><\/figcaption><\/figure>\n<ul>\n<li><span style=\"color: #ccffff;\">Y otro a Estanislao H. Garc\u00eda Rey, por su imagen titulada \u201cContrastes\u201d de la Hermandad de la Borriquita<\/span><\/li>\n<\/ul>\n<figure id=\"attachment_3466\" aria-describedby=\"caption-attachment-3466\" style=\"width: 500px\" class=\"wp-caption aligncenter\"><img loading=\"lazy\" decoding=\"async\" class=\"wp-image-3466\" src=\"https:\/\/www.huelvaysusfotografos.com\/wp-content\/uploads\/2014\/05\/Acc\u00e9sit-2-1024x702.jpg\" alt=\" Acc\u00e9sit a Estanislao H. Garc\u00eda Rey, por su imagen titulada \u201cContrastes\u201d de la Hermandad de la Borriquita\" width=\"500\" height=\"343\" srcset=\"https:\/\/www.huelvaysusfotografos.com\/wp-content\/uploads\/2014\/05\/Acc\u00e9sit-2-1024x702.jpg 1024w, https:\/\/www.huelvaysusfotografos.com\/wp-content\/uploads\/2014\/05\/Acc\u00e9sit-2-300x206.jpg 300w, https:\/\/www.huelvaysusfotografos.com\/wp-content\/uploads\/2014\/05\/Acc\u00e9sit-2-768x527.jpg 768w, https:\/\/www.huelvaysusfotografos.com\/wp-content\/uploads\/2014\/05\/Acc\u00e9sit-2.jpg 1181w\" sizes=\"auto, (max-width: 500px) 100vw, 500px\" \/><figcaption id=\"caption-attachment-3466\" class=\"wp-caption-text\"><span style=\"color: #000000;\">Acc\u00e9sit a Estanislao H. Garc\u00eda Rey, por su imagen titulada \u201cContrastes\u201d de la Hermandad de la Borriquita<\/span><\/figcaption><\/figure>\n<p><span style=\"color: #ccffff;\">Enhorabuena a todos los participantes y en particular a la ganadora y los acc\u00e9sit.<\/span><\/p>\n<p><span style=\"color: #ccffff;\">Ahora a ir trabajando la FOTOGRAF\u00cdA URBANA, que es la tem\u00e1tica del mes de mayo.<\/span><\/p>\n<p>&nbsp;<\/p>\n","protected":false},"excerpt":{"rendered":"<p>Como otro mes m\u00e1s, os presentamos el ACTA DEL FALLO DEL JURADO del concurso fotogr\u00e1fico \u00abOtra cara de la Semana Santa\u00bb\u00a0dentro de la edici\u00f3n \u00abHuelva a trav\u00e9s de la fotograf\u00eda\u00bb, en la que colaboramos de manera continuada desde hace m\u00e1s de un a\u00f1o con la Concejal\u00eda de Turismo del Ayuntamiento de Huelva. Desde hace no mucho, tambi\u00e9n contamos con el apoyo de empresas del sector tur\u00edstico que se han echado<\/p>\n<div class=\"belowpost\"><a class=\"btnmore\" href=\"https:\/\/www.huelvaysusfotografos.com\/?p=3464\">Seguir leyendo<\/a><\/div>\n","protected":false},"author":41,"featured_media":3466,"comment_status":"open","ping_status":"open","sticky":false,"template":"","format":"standard","meta":{"footnotes":"","_links_to":"","_links_to_target":""},"categories":[3],"tags":[],"class_list":["post-3464","post","type-post","status-publish","format-standard","has-post-thumbnail","hentry","category-noticias"],"_links":{"self":[{"href":"https:\/\/www.huelvaysusfotografos.com\/index.php?rest_route=\/wp\/v2\/posts\/3464","targetHints":{"allow":["GET"]}}],"collection":[{"href":"https:\/\/www.huelvaysusfotografos.com\/index.php?rest_route=\/wp\/v2\/posts"}],"about":[{"href":"https:\/\/www.huelvaysusfotografos.com\/index.php?rest_route=\/wp\/v2\/types\/post"}],"author":[{"embeddable":true,"href":"https:\/\/www.huelvaysusfotografos.com\/index.php?rest_route=\/wp\/v2\/users\/41"}],"replies":[{"embeddable":true,"href":"https:\/\/www.huelvaysusfotografos.com\/index.php?rest_route=%2Fwp%2Fv2%2Fcomments&post=3464"}],"version-history":[{"count":6,"href":"https:\/\/www.huelvaysusfotografos.com\/index.php?rest_route=\/wp\/v2\/posts\/3464\/revisions"}],"predecessor-version":[{"id":3614,"href":"https:\/\/www.huelvaysusfotografos.com\/index.php?rest_route=\/wp\/v2\/posts\/3464\/revisions\/3614"}],"wp:featuredmedia":[{"embeddable":true,"href":"https:\/\/www.huelvaysusfotografos.com\/index.php?rest_route=\/wp\/v2\/media\/3466"}],"wp:attachment":[{"href":"https:\/\/www.huelvaysusfotografos.com\/index.php?rest_route=%2Fwp%2Fv2%2Fmedia&parent=3464"}],"wp:term":[{"taxonomy":"category","embeddable":true,"href":"https:\/\/www.huelvaysusfotografos.com\/index.php?rest_route=%2Fwp%2Fv2%2Fcategories&post=3464"},{"taxonomy":"post_tag","embeddable":true,"href":"https:\/\/www.huelvaysusfotografos.com\/index.php?rest_route=%2Fwp%2Fv2%2Ftags&post=3464"}],"curies":[{"name":"wp","href":"https:\/\/api.w.org\/{rel}","templated":true}]}}