{"id":3444,"date":"2014-04-24T20:28:21","date_gmt":"2014-04-24T19:28:21","guid":{"rendered":"http:\/\/www.huelvaysusfotografos.com\/?p=3444"},"modified":"2014-06-16T16:56:08","modified_gmt":"2014-06-16T15:56:08","slug":"entrega-de-premios-abril","status":"publish","type":"post","link":"https:\/\/www.huelvaysusfotografos.com\/?p=3444","title":{"rendered":"Entrega de premios abril"},"content":{"rendered":"<p>Ten\u00edamos pendiente anunciar la entrega de premios de estas semanas atr\u00e1s, as\u00ed que ah\u00ed vamos:<\/p>\n<p>Entrega de diplomas y premios del <span style=\"color: #ffffff;\"><strong>Concurso \u00abHuelva a trav\u00e9s de la fotograf\u00eda: La primavera en un entorno urbano\u00bb.<\/strong><\/span> Recordamos que es un concurso en el que colaboramos con la Concejal\u00eda de Turismo del Ayuntamiento de Huelva, y cuyo patrocinio corre a cargo de Elena S. Balonga, y en esta \u00faltima etapa se han sumado otros colaboradores como en este mes el \u00abHotel Mart\u00edn Alonso Pinz\u00f3n de Mazag\u00f3n\u00bb.<\/p>\n<p><span style=\"color: #ffffff;\"><strong>GANADOR de la edici\u00f3n David \u00c9vora<\/strong><\/span><\/p>\n<p>Premio: Diploma, libro de Huelva y Gu\u00eda de Semana Santa 2014, merchandising del Ayuntamiento,\u00a0un bono-regalo para una habitaci\u00f3n doble en Hotel Mart\u00edn Alonso Pinz\u00f3n de Mazag\u00f3n\u00bb por gentileza de este establecimineto hoteler, a disfrutar antes del 30 de mayo de 2014. Adem\u00e1s participar\u00e1 en la exposici\u00f3n fotogr\u00e1fica de diciembre de 2014 con todas las obras premiadas en este a\u00f1o, que se realizar\u00e1 en el Centro Huelva Puerta del Atl\u00e1ntico.<\/p>\n<figure id=\"attachment_3445\" aria-describedby=\"caption-attachment-3445\" style=\"width: 540px\" class=\"wp-caption aligncenter\"><a href=\"https:\/\/www.huelvaysusfotografos.com\/wp-content\/uploads\/2014\/04\/Entrega-David-\u00c9vora.jpg\"><img loading=\"lazy\" decoding=\"async\" class=\" wp-image-3445   \" src=\"https:\/\/www.huelvaysusfotografos.com\/wp-content\/uploads\/2014\/04\/Entrega-David-\u00c9vora-1024x682.jpg\" alt=\"Entrega diploma y premios al ganador David \u00c9vora\" width=\"540\" height=\"360\" srcset=\"https:\/\/www.huelvaysusfotografos.com\/wp-content\/uploads\/2014\/04\/Entrega-David-\u00c9vora-1024x682.jpg 1024w, https:\/\/www.huelvaysusfotografos.com\/wp-content\/uploads\/2014\/04\/Entrega-David-\u00c9vora-300x200.jpg 300w, https:\/\/www.huelvaysusfotografos.com\/wp-content\/uploads\/2014\/04\/Entrega-David-\u00c9vora-768x512.jpg 768w, https:\/\/www.huelvaysusfotografos.com\/wp-content\/uploads\/2014\/04\/Entrega-David-\u00c9vora-120x80.jpg 120w, https:\/\/www.huelvaysusfotografos.com\/wp-content\/uploads\/2014\/04\/Entrega-David-\u00c9vora.jpg 1276w\" sizes=\"auto, (max-width: 540px) 100vw, 540px\" \/><\/a><figcaption id=\"caption-attachment-3445\" class=\"wp-caption-text\"><span style=\"color: #000000;\">Entrega diploma y premios al ganador David \u00c9vora<\/span><\/figcaption><\/figure>\n<figure id=\"attachment_3450\" aria-describedby=\"caption-attachment-3450\" style=\"width: 556px\" class=\"wp-caption aligncenter\"><a href=\"https:\/\/www.huelvaysusfotografos.com\/wp-content\/uploads\/2014\/04\/1509786_682321705157314_13630106_n-2.jpg\"><img loading=\"lazy\" decoding=\"async\" class=\"size-full wp-image-3450 \" src=\"https:\/\/www.huelvaysusfotografos.com\/wp-content\/uploads\/2014\/04\/1509786_682321705157314_13630106_n-2.jpg\" alt=\"De David \u00c9vora M\u00e1rquez, titulada \u201cHuerta de Color\u201d.\" width=\"556\" height=\"417\" srcset=\"https:\/\/www.huelvaysusfotografos.com\/wp-content\/uploads\/2014\/04\/1509786_682321705157314_13630106_n-2.jpg 556w, https:\/\/www.huelvaysusfotografos.com\/wp-content\/uploads\/2014\/04\/1509786_682321705157314_13630106_n-2-300x225.jpg 300w, https:\/\/www.huelvaysusfotografos.com\/wp-content\/uploads\/2014\/04\/1509786_682321705157314_13630106_n-2-160x120.jpg 160w\" sizes=\"auto, (max-width: 556px) 100vw, 556px\" \/><\/a><figcaption id=\"caption-attachment-3450\" class=\"wp-caption-text\"><span style=\"color: #000000;\">De David \u00c9vora M\u00e1rquez, titulada \u201cHuerta de Color\u201d.<\/span><\/figcaption><\/figure>\n<p>&nbsp;<\/p>\n<p><span style=\"color: #ffffff;\"><strong>ACC\u00c9SIT a Manolo Silva y a Manuricio Hidalgo<\/strong><\/span><\/p>\n<p>Premio:\u00a0Diploma, adem\u00e1s participar\u00e1n en la exposici\u00f3n fotogr\u00e1fica de diciembre de 2014 con todas las obras premiadas en este a\u00f1o, que se realizar\u00e1 en el Centro Huelva Puerta del Atl\u00e1ntico.<\/p>\n<figure id=\"attachment_3459\" aria-describedby=\"caption-attachment-3459\" style=\"width: 553px\" class=\"wp-caption aligncenter\"><a href=\"https:\/\/www.huelvaysusfotografos.com\/wp-content\/uploads\/2014\/04\/Entrega-diploma-Manolo-Silva.jpg\"><img loading=\"lazy\" decoding=\"async\" class=\" wp-image-3459  \" src=\"https:\/\/www.huelvaysusfotografos.com\/wp-content\/uploads\/2014\/04\/Entrega-diploma-Manolo-Silva-1024x682.jpg\" alt=\"Entrega Diploma Acc\u00e9sit a Manolo Silva\" width=\"553\" height=\"368\" \/><\/a><figcaption id=\"caption-attachment-3459\" class=\"wp-caption-text\">Entrega Diploma Acc\u00e9sit a Manolo Silva<\/figcaption><\/figure>\n<figure id=\"attachment_3449\" aria-describedby=\"caption-attachment-3449\" style=\"width: 556px\" class=\"wp-caption aligncenter\"><a href=\"https:\/\/www.huelvaysusfotografos.com\/wp-content\/uploads\/2014\/04\/984026_682321935157291_1424239269_n.jpg\"><img loading=\"lazy\" decoding=\"async\" class=\"size-full wp-image-3449 \" src=\"https:\/\/www.huelvaysusfotografos.com\/wp-content\/uploads\/2014\/04\/984026_682321935157291_1424239269_n.jpg\" alt=\"Imagen de Manolo Silva,  \u201cLa Joya en flor\u201d.\" width=\"556\" height=\"417\" srcset=\"https:\/\/www.huelvaysusfotografos.com\/wp-content\/uploads\/2014\/04\/984026_682321935157291_1424239269_n.jpg 556w, https:\/\/www.huelvaysusfotografos.com\/wp-content\/uploads\/2014\/04\/984026_682321935157291_1424239269_n-300x225.jpg 300w, https:\/\/www.huelvaysusfotografos.com\/wp-content\/uploads\/2014\/04\/984026_682321935157291_1424239269_n-160x120.jpg 160w\" sizes=\"auto, (max-width: 556px) 100vw, 556px\" \/><\/a><figcaption id=\"caption-attachment-3449\" class=\"wp-caption-text\"><span style=\"color: #000000;\">Imagen de Manolo Silva, \u201cLa Joya en flor\u201d.<\/span><\/figcaption><\/figure>\n<p>&nbsp;<\/p>\n<figure id=\"attachment_3446\" aria-describedby=\"caption-attachment-3446\" style=\"width: 553px\" class=\"wp-caption aligncenter\"><a href=\"https:\/\/www.huelvaysusfotografos.com\/wp-content\/uploads\/2014\/04\/Entrega-Mauricio-Hidalgo.jpg\"><img loading=\"lazy\" decoding=\"async\" class=\" wp-image-3446  \" src=\"https:\/\/www.huelvaysusfotografos.com\/wp-content\/uploads\/2014\/04\/Entrega-Mauricio-Hidalgo-1024x682.jpg\" alt=\"Entrega Diploma Acc\u00e9sit a Mauricio Hidalgo\" width=\"553\" height=\"368\" srcset=\"https:\/\/www.huelvaysusfotografos.com\/wp-content\/uploads\/2014\/04\/Entrega-Mauricio-Hidalgo-1024x682.jpg 1024w, https:\/\/www.huelvaysusfotografos.com\/wp-content\/uploads\/2014\/04\/Entrega-Mauricio-Hidalgo-300x200.jpg 300w, https:\/\/www.huelvaysusfotografos.com\/wp-content\/uploads\/2014\/04\/Entrega-Mauricio-Hidalgo-768x512.jpg 768w, https:\/\/www.huelvaysusfotografos.com\/wp-content\/uploads\/2014\/04\/Entrega-Mauricio-Hidalgo-120x80.jpg 120w, https:\/\/www.huelvaysusfotografos.com\/wp-content\/uploads\/2014\/04\/Entrega-Mauricio-Hidalgo.jpg 1276w\" sizes=\"auto, (max-width: 553px) 100vw, 553px\" \/><\/a><figcaption id=\"caption-attachment-3446\" class=\"wp-caption-text\"><span style=\"color: #000000;\">Entrega Diploma Acc\u00e9sit a Mauricio Hidalgo<\/span><\/figcaption><\/figure>\n<figure id=\"attachment_3451\" aria-describedby=\"caption-attachment-3451\" style=\"width: 576px\" class=\"wp-caption aligncenter\"><a href=\"https:\/\/www.huelvaysusfotografos.com\/wp-content\/uploads\/2014\/04\/10170916_682322031823948_1971090061_n-2.jpg\"><img loading=\"lazy\" decoding=\"async\" class=\" wp-image-3451 \" src=\"https:\/\/www.huelvaysusfotografos.com\/wp-content\/uploads\/2014\/04\/10170916_682322031823948_1971090061_n-2.jpg\" alt=\"\u201cEn Huelva, azahar y primavera van de la mano\u201d, De Mauricio Hidalgo\" width=\"576\" height=\"432\" srcset=\"https:\/\/www.huelvaysusfotografos.com\/wp-content\/uploads\/2014\/04\/10170916_682322031823948_1971090061_n-2.jpg 960w, https:\/\/www.huelvaysusfotografos.com\/wp-content\/uploads\/2014\/04\/10170916_682322031823948_1971090061_n-2-300x225.jpg 300w, https:\/\/www.huelvaysusfotografos.com\/wp-content\/uploads\/2014\/04\/10170916_682322031823948_1971090061_n-2-768x576.jpg 768w, https:\/\/www.huelvaysusfotografos.com\/wp-content\/uploads\/2014\/04\/10170916_682322031823948_1971090061_n-2-160x120.jpg 160w\" sizes=\"auto, (max-width: 576px) 100vw, 576px\" \/><\/a><figcaption id=\"caption-attachment-3451\" class=\"wp-caption-text\"><span style=\"color: #000000;\">\u201cEn Huelva, azahar y primavera van de la mano\u201d, De Mauricio Hidalgo<\/span><\/figcaption><\/figure>\n<p>&nbsp;<\/p>\n<p>De igual modo, por fin se pudo hacer entrega del Premio, al <span style=\"color: #ffffff;\"><strong>ganador de la Quedada-Gincana-Concurso en Punta Umbr\u00eda,<\/strong><\/span> que recay\u00f3 sobre <strong><span style=\"color: #ffffff;\">Antonio Mu\u00f1oz<\/span><\/strong>. El premio ha sido cedido por gentileza del Patronato de Turismo de la Diputaci\u00f3n de Huelva (merchandisign muy variado).<\/p>\n<figure id=\"attachment_3455\" aria-describedby=\"caption-attachment-3455\" style=\"width: 553px\" class=\"wp-caption aligncenter\"><a href=\"https:\/\/www.huelvaysusfotografos.com\/wp-content\/uploads\/2014\/04\/Entrega-Premio-Antonio-Mu\u00f1oz.jpg\"><img loading=\"lazy\" decoding=\"async\" class=\" wp-image-3455  \" src=\"https:\/\/www.huelvaysusfotografos.com\/wp-content\/uploads\/2014\/04\/Entrega-Premio-Antonio-Mu\u00f1oz-1024x768.jpg\" alt=\"Antonio Mu\u00f1oz, recoge su premio de la mano del Presidente \" width=\"553\" height=\"415\" srcset=\"https:\/\/www.huelvaysusfotografos.com\/wp-content\/uploads\/2014\/04\/Entrega-Premio-Antonio-Mu\u00f1oz-1024x768.jpg 1024w, https:\/\/www.huelvaysusfotografos.com\/wp-content\/uploads\/2014\/04\/Entrega-Premio-Antonio-Mu\u00f1oz-300x225.jpg 300w, https:\/\/www.huelvaysusfotografos.com\/wp-content\/uploads\/2014\/04\/Entrega-Premio-Antonio-Mu\u00f1oz-768x576.jpg 768w, https:\/\/www.huelvaysusfotografos.com\/wp-content\/uploads\/2014\/04\/Entrega-Premio-Antonio-Mu\u00f1oz-1536x1152.jpg 1536w, https:\/\/www.huelvaysusfotografos.com\/wp-content\/uploads\/2014\/04\/Entrega-Premio-Antonio-Mu\u00f1oz-2048x1536.jpg 2048w, https:\/\/www.huelvaysusfotografos.com\/wp-content\/uploads\/2014\/04\/Entrega-Premio-Antonio-Mu\u00f1oz-160x120.jpg 160w\" sizes=\"auto, (max-width: 553px) 100vw, 553px\" \/><\/a><figcaption id=\"caption-attachment-3455\" class=\"wp-caption-text\"><span style=\"color: #000000;\">Antonio Mu\u00f1oz, recoge su premio de la mano del Presidente<\/span><\/figcaption><\/figure>\n<p>Saludos y gracias!!<\/p>\n","protected":false},"excerpt":{"rendered":"<p>Ten\u00edamos pendiente anunciar la entrega de premios de estas semanas atr\u00e1s, as\u00ed que ah\u00ed vamos: Entrega de diplomas y premios del Concurso \u00abHuelva a trav\u00e9s de la fotograf\u00eda: La primavera en un entorno urbano\u00bb. Recordamos que es un concurso en el que colaboramos con la Concejal\u00eda de Turismo del Ayuntamiento de Huelva, y cuyo patrocinio corre a cargo de Elena S. Balonga, y en esta \u00faltima etapa se han sumado<\/p>\n<div class=\"belowpost\"><a class=\"btnmore\" href=\"https:\/\/www.huelvaysusfotografos.com\/?p=3444\">Seguir leyendo<\/a><\/div>\n","protected":false},"author":41,"featured_media":3445,"comment_status":"open","ping_status":"open","sticky":false,"template":"","format":"standard","meta":{"footnotes":"","_links_to":"","_links_to_target":""},"categories":[3],"tags":[],"class_list":["post-3444","post","type-post","status-publish","format-standard","has-post-thumbnail","hentry","category-noticias"],"_links":{"self":[{"href":"https:\/\/www.huelvaysusfotografos.com\/index.php?rest_route=\/wp\/v2\/posts\/3444","targetHints":{"allow":["GET"]}}],"collection":[{"href":"https:\/\/www.huelvaysusfotografos.com\/index.php?rest_route=\/wp\/v2\/posts"}],"about":[{"href":"https:\/\/www.huelvaysusfotografos.com\/index.php?rest_route=\/wp\/v2\/types\/post"}],"author":[{"embeddable":true,"href":"https:\/\/www.huelvaysusfotografos.com\/index.php?rest_route=\/wp\/v2\/users\/41"}],"replies":[{"embeddable":true,"href":"https:\/\/www.huelvaysusfotografos.com\/index.php?rest_route=%2Fwp%2Fv2%2Fcomments&post=3444"}],"version-history":[{"count":9,"href":"https:\/\/www.huelvaysusfotografos.com\/index.php?rest_route=\/wp\/v2\/posts\/3444\/revisions"}],"predecessor-version":[{"id":3615,"href":"https:\/\/www.huelvaysusfotografos.com\/index.php?rest_route=\/wp\/v2\/posts\/3444\/revisions\/3615"}],"wp:featuredmedia":[{"embeddable":true,"href":"https:\/\/www.huelvaysusfotografos.com\/index.php?rest_route=\/wp\/v2\/media\/3445"}],"wp:attachment":[{"href":"https:\/\/www.huelvaysusfotografos.com\/index.php?rest_route=%2Fwp%2Fv2%2Fmedia&parent=3444"}],"wp:term":[{"taxonomy":"category","embeddable":true,"href":"https:\/\/www.huelvaysusfotografos.com\/index.php?rest_route=%2Fwp%2Fv2%2Fcategories&post=3444"},{"taxonomy":"post_tag","embeddable":true,"href":"https:\/\/www.huelvaysusfotografos.com\/index.php?rest_route=%2Fwp%2Fv2%2Ftags&post=3444"}],"curies":[{"name":"wp","href":"https:\/\/api.w.org\/{rel}","templated":true}]}}