{"id":3433,"date":"2014-04-20T21:19:14","date_gmt":"2014-04-20T20:19:14","guid":{"rendered":"http:\/\/www.huelvaysusfotografos.com\/?p=3433"},"modified":"2014-06-16T16:57:09","modified_gmt":"2014-06-16T15:57:09","slug":"colaboramos-con-la-x-quedada-nacional-de-canonistas","status":"publish","type":"post","link":"https:\/\/www.huelvaysusfotografos.com\/?p=3433","title":{"rendered":"Colaboramos con la \u00abX QUEDADA NACIONAL DE CANONISTAS\u00bb"},"content":{"rendered":"<figure id=\"attachment_3434\" aria-describedby=\"caption-attachment-3434\" style=\"width: 403px\" class=\"wp-caption aligncenter\"><a href=\"https:\/\/www.huelvaysusfotografos.com\/wp-content\/uploads\/2014\/04\/10153729_654641294609698_5012428918991545374_n.jpg\"><img loading=\"lazy\" decoding=\"async\" class=\"size-full wp-image-3434 \" src=\"https:\/\/www.huelvaysusfotografos.com\/wp-content\/uploads\/2014\/04\/10153729_654641294609698_5012428918991545374_n.jpg\" alt=\"Cartel 2014 (Dise\u00f1o Marcos Mgc)\" width=\"403\" height=\"268\" srcset=\"https:\/\/www.huelvaysusfotografos.com\/wp-content\/uploads\/2014\/04\/10153729_654641294609698_5012428918991545374_n.jpg 403w, https:\/\/www.huelvaysusfotografos.com\/wp-content\/uploads\/2014\/04\/10153729_654641294609698_5012428918991545374_n-300x200.jpg 300w, https:\/\/www.huelvaysusfotografos.com\/wp-content\/uploads\/2014\/04\/10153729_654641294609698_5012428918991545374_n-120x80.jpg 120w\" sizes=\"auto, (max-width: 403px) 100vw, 403px\" \/><\/a><figcaption id=\"caption-attachment-3434\" class=\"wp-caption-text\">Cartel 2014 (Dise\u00f1o Marcos Mgc)<\/figcaption><\/figure>\n<p style=\"text-align: justify;\">Tras la Semana Santa, pisamos fuerte!! Desde hace meses venimos trabajando y colaborando para que sea posible esta\u00a0X QUEDADA NACIONAL DE CANONISTAS que se celebrar\u00e1 en nuestra provincia los d\u00edas 1, 2, 3 y 4 de mayo del presente a\u00f1o, vamos muy pronto!.<\/p>\n<p style=\"text-align: justify;\">Ni que decir tiene, que es una actividad \u201cNO SOLO PARA PERSONAS QUE POSEAN\u00a0MATERIAL CANON, SINO A TODO EL QUE SEA AFICIONADO A LA FOTOGRAF\u00cdA, SEA CUAL SEA EL MATERIAL Y MARCA QUE DISPONGA\u201d.<\/p>\n<p style=\"text-align: justify;\">El coordinador de la quedada es Antonio Hurtado, que posiblemente lo conozc\u00e1is algunos. Nuestra \u00abAsociaci\u00f3n Huelva y sus fot\u00f3grafos\u00bb colabora planeando el s\u00e1bado d\u00eda 3 de marzo, que ser\u00e1 la visita a la Cuenca Minera.<\/p>\n<p style=\"text-align: justify;\">Todos los interesados en asistir a las actividades programadas para alg\u00fan d\u00eda tienen que apuntarse en el FORMULARIO DE INSCRIPCI\u00d3N. Y es muy importante saber \u00a0el n\u00famero de personas que asistan a la comida para tener previsi\u00f3n.<\/p>\n<p style=\"text-align: justify;\">Enlace para ver el Programa:\u00a0<a href=\"http:\/\/www.canonistas.com\/foros\/x-qdd-nacional-huelva-2014\/462972-quedada-nacional-2014-huelva-sierra-y-marisma.html\" target=\"_blank\" rel=\"nofollow nofollow\">http:\/\/www.canonistas.com\/foros\/x-qdd-nacional-huelva-2014\/462972-quedada-nacional-2014-huelva-sierra-y-marisma.html<\/a><\/p>\n<p style=\"text-align: justify;\">Enlace para acceder a la Inscripci\u00f3n:\u00a0<a href=\"http:\/\/www.canonistas.com\/index.php?pageid=inscripcion-nacional\" target=\"_blank\" rel=\"nofollow nofollow\">http:\/\/www.canonistas.com\/index.php?pageid=inscripcion-nacional<\/a><\/p>\n<p style=\"text-align: justify;\">Seguro que no olvidar\u00e1s estos d\u00edas, \u00a0que lo pasar\u00e1s en grande y \u00a0que har\u00e1s estupendas fotos!!<\/p>\n","protected":false},"excerpt":{"rendered":"<p>Tras la Semana Santa, pisamos fuerte!! Desde hace meses venimos trabajando y colaborando para que sea posible esta\u00a0X QUEDADA NACIONAL DE CANONISTAS que se celebrar\u00e1 en nuestra provincia los d\u00edas 1, 2, 3 y 4 de mayo del presente a\u00f1o, vamos muy pronto!. Ni que decir tiene, que es una actividad \u201cNO SOLO PARA PERSONAS QUE POSEAN\u00a0MATERIAL CANON, SINO A TODO EL QUE SEA AFICIONADO A LA FOTOGRAF\u00cdA, SEA CUAL<\/p>\n<div class=\"belowpost\"><a class=\"btnmore\" href=\"https:\/\/www.huelvaysusfotografos.com\/?p=3433\">Seguir leyendo<\/a><\/div>\n","protected":false},"author":41,"featured_media":3434,"comment_status":"open","ping_status":"open","sticky":false,"template":"","format":"standard","meta":{"footnotes":"","_links_to":"","_links_to_target":""},"categories":[3],"tags":[],"class_list":["post-3433","post","type-post","status-publish","format-standard","has-post-thumbnail","hentry","category-noticias"],"_links":{"self":[{"href":"https:\/\/www.huelvaysusfotografos.com\/index.php?rest_route=\/wp\/v2\/posts\/3433","targetHints":{"allow":["GET"]}}],"collection":[{"href":"https:\/\/www.huelvaysusfotografos.com\/index.php?rest_route=\/wp\/v2\/posts"}],"about":[{"href":"https:\/\/www.huelvaysusfotografos.com\/index.php?rest_route=\/wp\/v2\/types\/post"}],"author":[{"embeddable":true,"href":"https:\/\/www.huelvaysusfotografos.com\/index.php?rest_route=\/wp\/v2\/users\/41"}],"replies":[{"embeddable":true,"href":"https:\/\/www.huelvaysusfotografos.com\/index.php?rest_route=%2Fwp%2Fv2%2Fcomments&post=3433"}],"version-history":[{"count":5,"href":"https:\/\/www.huelvaysusfotografos.com\/index.php?rest_route=\/wp\/v2\/posts\/3433\/revisions"}],"predecessor-version":[{"id":3617,"href":"https:\/\/www.huelvaysusfotografos.com\/index.php?rest_route=\/wp\/v2\/posts\/3433\/revisions\/3617"}],"wp:featuredmedia":[{"embeddable":true,"href":"https:\/\/www.huelvaysusfotografos.com\/index.php?rest_route=\/wp\/v2\/media\/3434"}],"wp:attachment":[{"href":"https:\/\/www.huelvaysusfotografos.com\/index.php?rest_route=%2Fwp%2Fv2%2Fmedia&parent=3433"}],"wp:term":[{"taxonomy":"category","embeddable":true,"href":"https:\/\/www.huelvaysusfotografos.com\/index.php?rest_route=%2Fwp%2Fv2%2Fcategories&post=3433"},{"taxonomy":"post_tag","embeddable":true,"href":"https:\/\/www.huelvaysusfotografos.com\/index.php?rest_route=%2Fwp%2Fv2%2Ftags&post=3433"}],"curies":[{"name":"wp","href":"https:\/\/api.w.org\/{rel}","templated":true}]}}