{"id":3410,"date":"2014-04-20T21:32:55","date_gmt":"2014-04-20T20:32:55","guid":{"rendered":"http:\/\/www.huelvaysusfotografos.com\/?p=3410"},"modified":"2014-06-16T20:10:21","modified_gmt":"2014-06-16T19:10:21","slug":"8-de-68","status":"publish","type":"post","link":"https:\/\/www.huelvaysusfotografos.com\/?p=3410","title":{"rendered":"\u00ab8 de 68\u00bb"},"content":{"rendered":"<p>De nuevo aqu\u00ed con esta secci\u00f3n donde se presentan nuestros socios y socias. Hoy se presentar\u00e1n dos de nuestros compa\u00f1eros y amigos con los cuales descubriremos su vinculo con la fotograf\u00eda y su trabajo.<\/p>\n<p>&nbsp;<\/p>\n<h1>CLAUDIO POMARES<\/h1>\n<p><em>\u00abBuenas. Soy Claudio Pomares, de Punta Umbr\u00eda, y socio n\u00ba 8 de la Asociaci\u00f3n Huelva y sus Fot\u00f3grafos (claudiopunta es mi usuario).<\/em><\/p>\n<p style=\"text-align: justify;\"><em>Mi primera toma de contacto con este precioso mundo de la fotograf\u00eda fue gracias a una persona muy importante en mi vida, mi madre. No es que ella fuera amante de la fotograf\u00eda en si, pero si la utilizaba como puente hacia la pintura. Ella era una amante de la pintura de \u00f3leo y gracias a los paseos por mi pueblo, y donde se terciara utilizaba la camarita digital para tener fotograf\u00edas, las cuales plasmaba luego en el lienzo.<\/em><\/p>\n<p style=\"text-align: justify;\"><em>Al poco tiempo de perderla fue cuando empec\u00e9 realmente a ver, estudiar y practicar la fotograf\u00eda. Mas tarde de lo que me hubiera gustado pero bueno, nunca es tarde para aprender y progresar en este mundo.<\/em><\/p>\n<p style=\"text-align: justify;\"><em>Ya encontr\u00e9 por casualidad la pagina de fotograf\u00eda flickr\u2026y a este grand\u00edsimo grupo y ahora Asociaci\u00f3n \u201cHuelva y sus fot\u00f3grafos\u201d. Ya con ellos leo documentos, veo much\u00edsimas fotos de profesionales, hago exposiciones\u2026As\u00ed me compro mi primera c\u00e1mara r\u00e9flex, una Nikon D-3000, de la que me deshago desgraciadamente hace bien poquito para poder costearme una nueva Nikon D-5100, que es con la contin\u00fao mi andadura fotogr\u00e1fica.<\/em><\/p>\n<p style=\"text-align: justify;\"><em>Empiezo con los paisajes y poco a poco voy practicando retratos\u2026Muy verde aun en todo pero con muchas ganas de aprender cada d\u00eda.\u00a0Como he dicho, espero en un futuro de la fotograf\u00eda seguir progresando, aprendiendo y practicando todo lo que el trabajo y la familia me permita.<\/em><\/p>\n<p style=\"text-align: justify;\"><em>Mis proyectos m\u00e1s pr\u00f3ximos van ligados a la asociaci\u00f3n, ya sean kedadas, exposiciones, cursos etc\u2026y pensamiento de alg\u00fan proyecto personal pero a\u00fan nada claro.<\/em><\/p>\n<p style=\"text-align: justify;\"><em>Con esto termino mi presentaci\u00f3n. Espero que me hay\u00e1is conocido un poquito m\u00e1s a mi como persona y como aficionado a la fotograf\u00eda. Adjunto 3 fotos de las que me siento orgulloso y que pueden representarme.\u00a0<\/em><em>Un saludo, y gracias.\u00bb<\/em><\/p>\n<p style=\"text-align: justify;\">Ya lo hab\u00e9is le\u00eddo, ganas y empe\u00f1o en este mundo y amante del paisaje, cosa que viviendo donde vive le es muy pr\u00f3ximo y propicio para este g\u00e9nero.<\/p>\n<figure id=\"attachment_3415\" aria-describedby=\"caption-attachment-3415\" style=\"width: 477px\" class=\"wp-caption aligncenter\"><a href=\"https:\/\/www.huelvaysusfotografos.com\/wp-content\/uploads\/2014\/04\/10152369_575586045871789_1481219807_o.jpg\"><img loading=\"lazy\" decoding=\"async\" class=\" wp-image-3415 \" src=\"https:\/\/www.huelvaysusfotografos.com\/wp-content\/uploads\/2014\/04\/10152369_575586045871789_1481219807_o-682x1024.jpg\" alt=\"Fotograf\u00eda de Claudio Pomares\" width=\"477\" height=\"717\" \/><\/a><figcaption id=\"caption-attachment-3415\" class=\"wp-caption-text\"><span style=\"color: #000000;\">Fotograf\u00eda de Claudio Pomares<\/span><\/figcaption><\/figure>\n<p>&nbsp;<\/p>\n<figure id=\"attachment_3413\" aria-describedby=\"caption-attachment-3413\" style=\"width: 477px\" class=\"wp-caption aligncenter\"><img loading=\"lazy\" decoding=\"async\" class=\" wp-image-3413 \" src=\"https:\/\/www.huelvaysusfotografos.com\/wp-content\/uploads\/2014\/04\/10147819_575585779205149_1568760107_o-682x1024.jpg\" alt=\"Fotograf\u00eda de Claudio Pomares\" width=\"477\" height=\"717\" \/><figcaption id=\"caption-attachment-3413\" class=\"wp-caption-text\"><span style=\"color: #000000;\">Fotograf\u00eda de Claudio Pomares<\/span><\/figcaption><\/figure>\n<p>&nbsp;<\/p>\n<figure id=\"attachment_3414\" aria-describedby=\"caption-attachment-3414\" style=\"width: 645px\" class=\"wp-caption aligncenter\"><a href=\"https:\/\/www.huelvaysusfotografos.com\/wp-content\/uploads\/2014\/04\/10148122_575586749205052_216190331_o.jpg\"><img loading=\"lazy\" decoding=\"async\" class=\" wp-image-3414   \" src=\"https:\/\/www.huelvaysusfotografos.com\/wp-content\/uploads\/2014\/04\/10148122_575586749205052_216190331_o-1024x682.jpg\" alt=\"Fotograf\u00eda de Claudio Pomares\" width=\"645\" height=\"429\" \/><\/a><figcaption id=\"caption-attachment-3414\" class=\"wp-caption-text\"><span style=\"color: #000000;\">Fotograf\u00eda de Claudio Pomares<\/span><\/figcaption><\/figure>\n<p>&nbsp;<\/p>\n<h1>MANOLO SILVA<\/h1>\n<p style=\"text-align: justify;\"><em>\u00abLa fotograf\u00eda es una herencia paterna venida en un gen atr\u00f3fico, porque creatividad tengo muy poca, \u2026en fin, lo que vives de peque\u00f1o, con una DACORA dignette, entre las manos.<\/em><\/p>\n<p style=\"text-align: justify;\"><em>Me he iniciado muchas veces teniendo \u00e9pocas de mucha sequ\u00eda, pero siempre ha permanecido latente esas ganas por fotografiar, y es ahora cuando mi trayectoria es m\u00e1s constante, seguramente porque he aprendido muchas cosas nuevas gracias al contacto con el resto de aficionados y compa\u00f1eros de la Asociaci\u00f3n, y en ello, las nuevas tecnolog\u00edas con las redes sociales primero con Flickr y ahora tambi\u00e9n en Facebook, han contribuido en gran medida.<\/em><\/p>\n<p style=\"text-align: justify;\"><em>Mi primera c\u00e1mara, m\u00eda, la Agfamatic 508\u00a0pocket, la del bot\u00f3n rojo. La primera r\u00e9flex, una PRAKTICA B100 con un 50 mm fant\u00e1stico, a la que tengo un cari\u00f1o especial, y una RICOH KR-10M autom\u00e1tica, ambas anal\u00f3gicas que a\u00fan conservo, y dos TAMRON 24-70 y 80-200, con adaptadores para los dos cuerpos. Tiraba en diapositivas porque resultaba mucho m\u00e1s econ\u00f3mico que el revelado del negativo y las copias en papel. Despu\u00e9s llegaron las digitales\u2026<\/em><\/p>\n<p style=\"text-align: justify;\"><em>No tengo preferencias, ni miedos, si algo sale mal lo intento de nuevo. Me gustan que las fotos transmitan y cuenten una historia, quiz\u00e1s un poco convencional, pero sin excluir la creatividad y el ingenio fotogr\u00e1fico, y sobre todo con la ilusi\u00f3n que alg\u00fan d\u00eda pueda llegar a realizarlas yo mismo.<\/em><\/p>\n<p style=\"text-align: justify;\"><em>Bresson, Capa o Cristina Garc\u00eda Rodero\u2026, los m\u00e1s conocidos entre los cl\u00e1sicos, y hace tiempo conoc\u00ed la obra de Morenatti, gracias a una de las ediciones de Latitudes; aunque quiz\u00e1s Bresson, con su \u201cinstante decisivo\u201d sea el que m\u00e1s me llama la atenci\u00f3n.<\/em><\/p>\n<p style=\"text-align: justify;\"><em>Me gustar\u00eda practicar el retrato y llegar a dominarlo, pero no existe un proyecto definido, tan s\u00f3lo aprender, hacer fotos y el inter\u00e9s por la fotograf\u00eda. Si alg\u00fan d\u00eda la ciencia descubriese una vacuna que reactivara ese maltrecho gen, puede que desarrollara la creatividad\u2026<\/em><\/p>\n<p style=\"text-align: justify;\"><em>Os dejo tres fotos que no reflejan para nada mi trayectoria pero fueron realizadas durante el Photowalk Xakatafoto de 2008, un momento que para m\u00ed ha marcado un antes y un despu\u00e9s en la afici\u00f3n por la fotograf\u00eda. Fue entonces cuando me incorpor\u00e9 a \u00abHuelva y sus fot\u00f3grafos\u00bb, hoy Asociaci\u00f3n, donde me recicl\u00e9 digitalmente, aprendiendo nuevas t\u00e9cnicas, practicando y compartiendo la afici\u00f3n hasta ahora\u00bb.<\/em><\/p>\n<p>\u00a0Tambi\u00e9n Manolo sigue aprendiendo, como todos. Este es un viaje de ida, de camino hacia delante&#8230; y no tiene retorno.<\/p>\n<figure id=\"attachment_3419\" aria-describedby=\"caption-attachment-3419\" style=\"width: 581px\" class=\"wp-caption aligncenter\"><a href=\"https:\/\/www.huelvaysusfotografos.com\/wp-content\/uploads\/2014\/04\/2de65-3Siluetas.jpg\"><img loading=\"lazy\" decoding=\"async\" class=\" wp-image-3419   \" src=\"https:\/\/www.huelvaysusfotografos.com\/wp-content\/uploads\/2014\/04\/2de65-3Siluetas.jpg\" alt=\"Fotograf\u00eda de Manolo Silva\" width=\"581\" height=\"386\" srcset=\"https:\/\/www.huelvaysusfotografos.com\/wp-content\/uploads\/2014\/04\/2de65-3Siluetas.jpg 1024w, https:\/\/www.huelvaysusfotografos.com\/wp-content\/uploads\/2014\/04\/2de65-3Siluetas-300x200.jpg 300w, https:\/\/www.huelvaysusfotografos.com\/wp-content\/uploads\/2014\/04\/2de65-3Siluetas-768x511.jpg 768w, https:\/\/www.huelvaysusfotografos.com\/wp-content\/uploads\/2014\/04\/2de65-3Siluetas-120x80.jpg 120w\" sizes=\"auto, (max-width: 581px) 100vw, 581px\" \/><\/a><figcaption id=\"caption-attachment-3419\" class=\"wp-caption-text\"><span style=\"color: #000000;\">Fotograf\u00eda de Manolo Silva<\/span><\/figcaption><\/figure>\n<p>&nbsp;<\/p>\n<figure id=\"attachment_3418\" aria-describedby=\"caption-attachment-3418\" style=\"width: 491px\" class=\"wp-caption aligncenter\"><a href=\"https:\/\/www.huelvaysusfotografos.com\/wp-content\/uploads\/2014\/04\/2de65-2Autoretro.jpg\"><img loading=\"lazy\" decoding=\"async\" class=\" wp-image-3418  \" src=\"https:\/\/www.huelvaysusfotografos.com\/wp-content\/uploads\/2014\/04\/2de65-2Autoretro.jpg\" alt=\"Fotograf\u00eda de Manolo Silva\" width=\"491\" height=\"737\" srcset=\"https:\/\/www.huelvaysusfotografos.com\/wp-content\/uploads\/2014\/04\/2de65-2Autoretro.jpg 681w, https:\/\/www.huelvaysusfotografos.com\/wp-content\/uploads\/2014\/04\/2de65-2Autoretro-200x300.jpg 200w\" sizes=\"auto, (max-width: 491px) 100vw, 491px\" \/><\/a><figcaption id=\"caption-attachment-3418\" class=\"wp-caption-text\"><span style=\"color: #000000;\">Fotograf\u00eda de Manolo Silva<\/span><\/figcaption><\/figure>\n<p>&nbsp;<\/p>\n<figure id=\"attachment_3417\" aria-describedby=\"caption-attachment-3417\" style=\"width: 645px\" class=\"wp-caption aligncenter\"><a href=\"https:\/\/www.huelvaysusfotografos.com\/wp-content\/uploads\/2014\/04\/2de65-1Genesis.jpg\"><img loading=\"lazy\" decoding=\"async\" class=\" wp-image-3417  \" src=\"https:\/\/www.huelvaysusfotografos.com\/wp-content\/uploads\/2014\/04\/2de65-1Genesis.jpg\" alt=\"Fotograf\u00eda de Manolo Silva\" width=\"645\" height=\"429\" srcset=\"https:\/\/www.huelvaysusfotografos.com\/wp-content\/uploads\/2014\/04\/2de65-1Genesis.jpg 1024w, https:\/\/www.huelvaysusfotografos.com\/wp-content\/uploads\/2014\/04\/2de65-1Genesis-300x200.jpg 300w, https:\/\/www.huelvaysusfotografos.com\/wp-content\/uploads\/2014\/04\/2de65-1Genesis-768x511.jpg 768w, https:\/\/www.huelvaysusfotografos.com\/wp-content\/uploads\/2014\/04\/2de65-1Genesis-120x80.jpg 120w\" sizes=\"auto, (max-width: 645px) 100vw, 645px\" \/><\/a><figcaption id=\"caption-attachment-3417\" class=\"wp-caption-text\"><span style=\"color: #000000;\">Fotograf\u00eda de Manolo Silva<\/span><\/figcaption><\/figure>\n<p>&nbsp;<\/p>\n<p>Estas han sido las dos trayectorias de Claudio y Manolo, esperamos recibir alguna m\u00e1s para poder disfrutar del tan variado trabajo de cada uno de nuestros socios.<\/p>\n<p>\u00bfQui\u00e9nes ser\u00e1n los siguientes? muy pronto los conocer\u00e9is. Buena semana.<\/p>\n","protected":false},"excerpt":{"rendered":"<p>De nuevo aqu\u00ed con esta secci\u00f3n donde se presentan nuestros socios y socias. Hoy se presentar\u00e1n dos de nuestros compa\u00f1eros y amigos con los cuales descubriremos su vinculo con la fotograf\u00eda y su trabajo. &nbsp; CLAUDIO POMARES \u00abBuenas. Soy Claudio Pomares, de Punta Umbr\u00eda, y socio n\u00ba 8 de la Asociaci\u00f3n Huelva y sus Fot\u00f3grafos (claudiopunta es mi usuario). Mi primera toma de contacto con este precioso mundo de la<\/p>\n<div class=\"belowpost\"><a class=\"btnmore\" href=\"https:\/\/www.huelvaysusfotografos.com\/?p=3410\">Seguir leyendo<\/a><\/div>\n","protected":false},"author":41,"featured_media":3414,"comment_status":"open","ping_status":"open","sticky":false,"template":"","format":"standard","meta":{"footnotes":"","_links_to":"","_links_to_target":""},"categories":[5],"tags":[],"class_list":["post-3410","post","type-post","status-publish","format-standard","has-post-thumbnail","hentry","category-socios"],"_links":{"self":[{"href":"https:\/\/www.huelvaysusfotografos.com\/index.php?rest_route=\/wp\/v2\/posts\/3410","targetHints":{"allow":["GET"]}}],"collection":[{"href":"https:\/\/www.huelvaysusfotografos.com\/index.php?rest_route=\/wp\/v2\/posts"}],"about":[{"href":"https:\/\/www.huelvaysusfotografos.com\/index.php?rest_route=\/wp\/v2\/types\/post"}],"author":[{"embeddable":true,"href":"https:\/\/www.huelvaysusfotografos.com\/index.php?rest_route=\/wp\/v2\/users\/41"}],"replies":[{"embeddable":true,"href":"https:\/\/www.huelvaysusfotografos.com\/index.php?rest_route=%2Fwp%2Fv2%2Fcomments&post=3410"}],"version-history":[{"count":10,"href":"https:\/\/www.huelvaysusfotografos.com\/index.php?rest_route=\/wp\/v2\/posts\/3410\/revisions"}],"predecessor-version":[{"id":3616,"href":"https:\/\/www.huelvaysusfotografos.com\/index.php?rest_route=\/wp\/v2\/posts\/3410\/revisions\/3616"}],"wp:featuredmedia":[{"embeddable":true,"href":"https:\/\/www.huelvaysusfotografos.com\/index.php?rest_route=\/wp\/v2\/media\/3414"}],"wp:attachment":[{"href":"https:\/\/www.huelvaysusfotografos.com\/index.php?rest_route=%2Fwp%2Fv2%2Fmedia&parent=3410"}],"wp:term":[{"taxonomy":"category","embeddable":true,"href":"https:\/\/www.huelvaysusfotografos.com\/index.php?rest_route=%2Fwp%2Fv2%2Fcategories&post=3410"},{"taxonomy":"post_tag","embeddable":true,"href":"https:\/\/www.huelvaysusfotografos.com\/index.php?rest_route=%2Fwp%2Fv2%2Ftags&post=3410"}],"curies":[{"name":"wp","href":"https:\/\/api.w.org\/{rel}","templated":true}]}}