{"id":3364,"date":"2014-04-11T21:00:50","date_gmt":"2014-04-11T20:00:50","guid":{"rendered":"http:\/\/www.huelvaysusfotografos.com\/?p=3364"},"modified":"2014-06-16T16:59:40","modified_gmt":"2014-06-16T15:59:40","slug":"salida-a-valdelamusa-5-de-abril","status":"publish","type":"post","link":"https:\/\/www.huelvaysusfotografos.com\/?p=3364","title":{"rendered":"SALIDA A VALDELAMUSA (5 de abril)"},"content":{"rendered":"<p style=\"text-align: justify;\">Hac\u00eda semanas que Emilio Romero (Profesor de la Universidad de Huelva) se hab\u00eda ofrecido a nuestra Asociaci\u00f3n \u00abHuelva y sus Fot\u00f3grafos\u00bb, para guiarnos en una visita minera, pero como llevamos tanto para delante, lo ten\u00edamos para otro momento. Casi de forma inesperada, recibimos de Emilio un mensaje donde nos invita a participar a una escapada a Valdelamusa con el fin \u00abPromocionar la L\u00ednea Huelva-Zafra\u00bb. Nos movimos, lo publicitados en nuestro grupo de Facebook y listo!!, un simp\u00e1tico grupo de asociados con ganas de pasarlo bien y hacer fotos nos dispusimos para coger el tren el s\u00e1bado d\u00eda 5 de abril a las 10:50 horas desde Huelva; otros se montaron en Gibrale\u00f3n, otros en Cala\u00f1as y algunos llegaron en veh\u00edculo propio.<\/p>\n<p style=\"text-align: justify;\">Claro que no s\u00f3lo \u00edbamos socios, el grupo era de casi 90 personas. Este gran grupo seguro sorprendi\u00f3 al maquinista de ese d\u00eda, ya que supongo desde hac\u00eda a\u00f1os no se sub\u00eda al tren de la l\u00ednea Huelva-Zafra tanta gente. Llegamos a\u00a0Valdelamusa sobre las 12:10 horas , y r\u00e1pidos, sin pausa alguna, comenzamos la ruta tras Emilio para conocer el lugar, sus edificios, la mina y hacer tiempo por los alrededores hasta la hora de comer. Tras la comida, visitamos la zona de carga de las minerales, y claro durante todo este tiempo los fot\u00f3grafos no paramos.<\/p>\n<p style=\"text-align: justify;\">Os dejamos aqu\u00ed una muestra selecta de algunos de nuestros compa\u00f1eros:<\/p>\n<figure id=\"attachment_3372\" aria-describedby=\"caption-attachment-3372\" style=\"width: 493px\" class=\"wp-caption aligncenter\"><a href=\"https:\/\/www.huelvaysusfotografos.com\/wp-content\/uploads\/2014\/04\/Juana-Mart\u00edn-Valdelamusa.jpg\"><img loading=\"lazy\" decoding=\"async\" class=\" wp-image-3372     \" src=\"https:\/\/www.huelvaysusfotografos.com\/wp-content\/uploads\/2014\/04\/Juana-Mart\u00edn-Valdelamusa-1024x682.jpg\" alt=\"Algunos de los socios y socias... otros andaban distra\u00eddos. Fotograf\u00eda Juana Mart\u00edn \" width=\"493\" height=\"328\" srcset=\"https:\/\/www.huelvaysusfotografos.com\/wp-content\/uploads\/2014\/04\/Juana-Mart\u00edn-Valdelamusa-1024x682.jpg 1024w, https:\/\/www.huelvaysusfotografos.com\/wp-content\/uploads\/2014\/04\/Juana-Mart\u00edn-Valdelamusa-300x200.jpg 300w, https:\/\/www.huelvaysusfotografos.com\/wp-content\/uploads\/2014\/04\/Juana-Mart\u00edn-Valdelamusa-768x512.jpg 768w, https:\/\/www.huelvaysusfotografos.com\/wp-content\/uploads\/2014\/04\/Juana-Mart\u00edn-Valdelamusa-120x80.jpg 120w, https:\/\/www.huelvaysusfotografos.com\/wp-content\/uploads\/2014\/04\/Juana-Mart\u00edn-Valdelamusa.jpg 1276w\" sizes=\"auto, (max-width: 493px) 100vw, 493px\" \/><\/a><figcaption id=\"caption-attachment-3372\" class=\"wp-caption-text\"><span style=\"color: #000000;\">Fotograf\u00eda de Juana Mart\u00edn, Valdelamusa<\/span><\/figcaption><\/figure>\n<p>&nbsp;<\/p>\n<figure id=\"attachment_3368\" aria-describedby=\"caption-attachment-3368\" style=\"width: 507px\" class=\"wp-caption aligncenter\"><a href=\"https:\/\/www.huelvaysusfotografos.com\/wp-content\/uploads\/2014\/04\/Cayetana-Cumbreras-Valdelamusa.jpg\"><img loading=\"lazy\" decoding=\"async\" class=\" wp-image-3368   \" src=\"https:\/\/www.huelvaysusfotografos.com\/wp-content\/uploads\/2014\/04\/Cayetana-Cumbreras-Valdelamusa.jpg\" alt=\"Fotograf\u00edas de Cayetana Cumbreras,  Valdelamusa\" width=\"507\" height=\"338\" srcset=\"https:\/\/www.huelvaysusfotografos.com\/wp-content\/uploads\/2014\/04\/Cayetana-Cumbreras-Valdelamusa.jpg 960w, https:\/\/www.huelvaysusfotografos.com\/wp-content\/uploads\/2014\/04\/Cayetana-Cumbreras-Valdelamusa-300x200.jpg 300w, https:\/\/www.huelvaysusfotografos.com\/wp-content\/uploads\/2014\/04\/Cayetana-Cumbreras-Valdelamusa-768x512.jpg 768w, https:\/\/www.huelvaysusfotografos.com\/wp-content\/uploads\/2014\/04\/Cayetana-Cumbreras-Valdelamusa-120x80.jpg 120w\" sizes=\"auto, (max-width: 507px) 100vw, 507px\" \/><\/a><figcaption id=\"caption-attachment-3368\" class=\"wp-caption-text\"><span style=\"color: #000000;\">Fotograf\u00edas de Cayetana Cumbreras, Valdelamusa<\/span><\/figcaption><\/figure>\n<p>&nbsp;<\/p>\n<figure id=\"attachment_3367\" aria-describedby=\"caption-attachment-3367\" style=\"width: 499px\" class=\"wp-caption aligncenter\"><a href=\"https:\/\/www.huelvaysusfotografos.com\/wp-content\/uploads\/2014\/04\/Carolina-Luengo-Valdelamusa.jpg\"><img loading=\"lazy\" decoding=\"async\" class=\"wp-image-3367     \" src=\"https:\/\/www.huelvaysusfotografos.com\/wp-content\/uploads\/2014\/04\/Carolina-Luengo-Valdelamusa-1024x678.jpg\" alt=\"Fotograf\u00eda de Carolina Luengo, Valdelamusa\" width=\"499\" height=\"331\" \/><\/a><figcaption id=\"caption-attachment-3367\" class=\"wp-caption-text\"><span style=\"color: #000000;\">Fotograf\u00eda de Carolina Luengo, Valdelamusa<\/span><\/figcaption><\/figure>\n<p>&nbsp;<\/p>\n<figure id=\"attachment_3376\" aria-describedby=\"caption-attachment-3376\" style=\"width: 518px\" class=\"wp-caption aligncenter\"><a href=\"https:\/\/www.huelvaysusfotografos.com\/wp-content\/uploads\/2014\/04\/10154763_10203833703225711_925814252_n.jpg\"><img loading=\"lazy\" decoding=\"async\" class=\"wp-image-3376   \" src=\"https:\/\/www.huelvaysusfotografos.com\/wp-content\/uploads\/2014\/04\/10154763_10203833703225711_925814252_n.jpg\" alt=\"Fotograf\u00eda de Juli\u00e1n P\u00e9rez, Valdelamusa\" width=\"518\" height=\"311\" srcset=\"https:\/\/www.huelvaysusfotografos.com\/wp-content\/uploads\/2014\/04\/10154763_10203833703225711_925814252_n.jpg 800w, https:\/\/www.huelvaysusfotografos.com\/wp-content\/uploads\/2014\/04\/10154763_10203833703225711_925814252_n-300x180.jpg 300w, https:\/\/www.huelvaysusfotografos.com\/wp-content\/uploads\/2014\/04\/10154763_10203833703225711_925814252_n-768x461.jpg 768w\" sizes=\"auto, (max-width: 518px) 100vw, 518px\" \/><\/a><figcaption id=\"caption-attachment-3376\" class=\"wp-caption-text\"><span style=\"color: #000000;\">Fotograf\u00eda de Juli\u00e1n P\u00e9rez, Valdelamusa<\/span><\/figcaption><\/figure>\n<p>&nbsp;<\/p>\n<figure id=\"attachment_3366\" aria-describedby=\"caption-attachment-3366\" style=\"width: 535px\" class=\"wp-caption aligncenter\"><a href=\"https:\/\/www.huelvaysusfotografos.com\/wp-content\/uploads\/2014\/04\/Carmen-Torres-Valdelamusa.jpg\"><img loading=\"lazy\" decoding=\"async\" class=\" wp-image-3366     \" src=\"https:\/\/www.huelvaysusfotografos.com\/wp-content\/uploads\/2014\/04\/Carmen-Torres-Valdelamusa-1024x682.jpg\" alt=\"Fotograf\u00eda Carmen Torres, Valdelamusa\" width=\"535\" height=\"356\" \/><\/a><figcaption id=\"caption-attachment-3366\" class=\"wp-caption-text\"><span style=\"color: #000000;\">Fotograf\u00eda de Carmen Torres, Valdelamusa<\/span><\/figcaption><\/figure>\n<p>&nbsp;<\/p>\n<figure id=\"attachment_3365\" aria-describedby=\"caption-attachment-3365\" style=\"width: 504px\" class=\"wp-caption aligncenter\"><a href=\"https:\/\/www.huelvaysusfotografos.com\/wp-content\/uploads\/2014\/04\/Antonio-Mu\u00f1oz-Valdelamusa.jpg\"><img loading=\"lazy\" decoding=\"async\" class=\" wp-image-3365   \" src=\"https:\/\/www.huelvaysusfotografos.com\/wp-content\/uploads\/2014\/04\/Antonio-Mu\u00f1oz-Valdelamusa.jpg\" alt=\"Fotograf\u00eda de Antonio Mu\u00f1oz ,Valdelamusa\" width=\"504\" height=\"756\" srcset=\"https:\/\/www.huelvaysusfotografos.com\/wp-content\/uploads\/2014\/04\/Antonio-Mu\u00f1oz-Valdelamusa.jpg 667w, https:\/\/www.huelvaysusfotografos.com\/wp-content\/uploads\/2014\/04\/Antonio-Mu\u00f1oz-Valdelamusa-200x300.jpg 200w\" sizes=\"auto, (max-width: 504px) 100vw, 504px\" \/><\/a><figcaption id=\"caption-attachment-3365\" class=\"wp-caption-text\"><span style=\"color: #000000;\">Fotograf\u00eda de Antonio Mu\u00f1oz ,Valdelamusa<\/span><\/figcaption><\/figure>\n<p>&nbsp;<\/p>\n<figure id=\"attachment_3370\" aria-describedby=\"caption-attachment-3370\" style=\"width: 480px\" class=\"wp-caption aligncenter\"><a href=\"https:\/\/www.huelvaysusfotografos.com\/wp-content\/uploads\/2014\/04\/Cecilia-Gilabert-Valdelamusa.jpg\"><img loading=\"lazy\" decoding=\"async\" class=\" wp-image-3370  \" src=\"https:\/\/www.huelvaysusfotografos.com\/wp-content\/uploads\/2014\/04\/Cecilia-Gilabert-Valdelamusa.jpg\" alt=\"Fotograf\u00eda Cecilia Gilabert,  Valdelamusa\" width=\"480\" height=\"720\" srcset=\"https:\/\/www.huelvaysusfotografos.com\/wp-content\/uploads\/2014\/04\/Cecilia-Gilabert-Valdelamusa.jpg 533w, https:\/\/www.huelvaysusfotografos.com\/wp-content\/uploads\/2014\/04\/Cecilia-Gilabert-Valdelamusa-200x300.jpg 200w\" sizes=\"auto, (max-width: 480px) 100vw, 480px\" \/><\/a><figcaption id=\"caption-attachment-3370\" class=\"wp-caption-text\"><span style=\"color: #000000;\">Fotograf\u00eda de \u00a0Cecilia Gilabert, Valdelamusa<\/span><\/figcaption><\/figure>\n<p>&nbsp;<\/p>\n<figure id=\"attachment_3373\" aria-describedby=\"caption-attachment-3373\" style=\"width: 486px\" class=\"wp-caption aligncenter\"><a href=\"https:\/\/www.huelvaysusfotografos.com\/wp-content\/uploads\/2014\/04\/Pedro-J-Ruiz-Constantino-P\u00e9rez-Valdelamusa.jpg\"><img loading=\"lazy\" decoding=\"async\" class=\" wp-image-3373  \" src=\"https:\/\/www.huelvaysusfotografos.com\/wp-content\/uploads\/2014\/04\/Pedro-J-Ruiz-Constantino-P\u00e9rez-Valdelamusa.jpg\" alt=\"Fotograf\u00eda edro J Ruiz Constantino P\u00e9rez, Valdelamusa\" width=\"486\" height=\"648\" srcset=\"https:\/\/www.huelvaysusfotografos.com\/wp-content\/uploads\/2014\/04\/Pedro-J-Ruiz-Constantino-P\u00e9rez-Valdelamusa.jpg 600w, https:\/\/www.huelvaysusfotografos.com\/wp-content\/uploads\/2014\/04\/Pedro-J-Ruiz-Constantino-P\u00e9rez-Valdelamusa-225x300.jpg 225w\" sizes=\"auto, (max-width: 486px) 100vw, 486px\" \/><\/a><figcaption id=\"caption-attachment-3373\" class=\"wp-caption-text\"><span style=\"color: #000000;\">Fotograf\u00eda de Pedro J Ruiz Constantino P\u00e9rez, Valdelamusa<\/span><\/figcaption><\/figure>\n<p>&nbsp;<\/p>\n<figure id=\"attachment_3371\" aria-describedby=\"caption-attachment-3371\" style=\"width: 492px\" class=\"wp-caption aligncenter\"><a href=\"https:\/\/www.huelvaysusfotografos.com\/wp-content\/uploads\/2014\/04\/David-M\u00e1rquez-Valdelamusa.jpg\"><img loading=\"lazy\" decoding=\"async\" class=\" wp-image-3371  \" src=\"https:\/\/www.huelvaysusfotografos.com\/wp-content\/uploads\/2014\/04\/David-M\u00e1rquez-Valdelamusa.jpg\" alt=\"Fotograf\u00eda David M\u00e1rquez, Valdelamusa\" width=\"492\" height=\"737\" srcset=\"https:\/\/www.huelvaysusfotografos.com\/wp-content\/uploads\/2014\/04\/David-M\u00e1rquez-Valdelamusa.jpg 683w, https:\/\/www.huelvaysusfotografos.com\/wp-content\/uploads\/2014\/04\/David-M\u00e1rquez-Valdelamusa-200x300.jpg 200w\" sizes=\"auto, (max-width: 492px) 100vw, 492px\" \/><\/a><figcaption id=\"caption-attachment-3371\" class=\"wp-caption-text\"><span style=\"color: #000000;\">Fotograf\u00eda de David M\u00e1rquez, Valdelamusa<\/span><\/figcaption><\/figure>\n<p>&nbsp;<\/p>\n<figure id=\"attachment_3391\" aria-describedby=\"caption-attachment-3391\" style=\"width: 574px\" class=\"wp-caption aligncenter\"><a href=\"https:\/\/www.huelvaysusfotografos.com\/wp-content\/uploads\/2014\/04\/Fran-Falc\u00f3n-Blanco-Valdelamusa.jpg\"><img loading=\"lazy\" decoding=\"async\" class=\" wp-image-3391  \" src=\"https:\/\/www.huelvaysusfotografos.com\/wp-content\/uploads\/2014\/04\/Fran-Falc\u00f3n-Blanco-Valdelamusa-1024x683.jpg\" alt=\"Fotograf\u00eda de Fran Falc\u00f3n Blanco, Valdelamusa\" width=\"574\" height=\"382\" srcset=\"https:\/\/www.huelvaysusfotografos.com\/wp-content\/uploads\/2014\/04\/Fran-Falc\u00f3n-Blanco-Valdelamusa-1024x683.jpg 1024w, https:\/\/www.huelvaysusfotografos.com\/wp-content\/uploads\/2014\/04\/Fran-Falc\u00f3n-Blanco-Valdelamusa-300x200.jpg 300w, https:\/\/www.huelvaysusfotografos.com\/wp-content\/uploads\/2014\/04\/Fran-Falc\u00f3n-Blanco-Valdelamusa-768x512.jpg 768w, https:\/\/www.huelvaysusfotografos.com\/wp-content\/uploads\/2014\/04\/Fran-Falc\u00f3n-Blanco-Valdelamusa-1536x1025.jpg 1536w, https:\/\/www.huelvaysusfotografos.com\/wp-content\/uploads\/2014\/04\/Fran-Falc\u00f3n-Blanco-Valdelamusa-120x80.jpg 120w, https:\/\/www.huelvaysusfotografos.com\/wp-content\/uploads\/2014\/04\/Fran-Falc\u00f3n-Blanco-Valdelamusa.jpg 2000w\" sizes=\"auto, (max-width: 574px) 100vw, 574px\" \/><\/a><figcaption id=\"caption-attachment-3391\" class=\"wp-caption-text\"><span style=\"color: #000000;\">Fotograf\u00eda de Fran Falc\u00f3n Blanco, Valdelamusa<\/span><\/figcaption><\/figure>\n<figure id=\"attachment_3427\" aria-describedby=\"caption-attachment-3427\" style=\"width: 608px\" class=\"wp-caption aligncenter\"><a href=\"https:\/\/www.huelvaysusfotografos.com\/wp-content\/uploads\/2014\/04\/10012780_10202103254482079_165554484991088267_o.jpg\"><img loading=\"lazy\" decoding=\"async\" class=\" wp-image-3427   \" src=\"https:\/\/www.huelvaysusfotografos.com\/wp-content\/uploads\/2014\/04\/10012780_10202103254482079_165554484991088267_o-1024x682.jpg\" alt=\"Fotograf\u00eda de Isaac Garc\u00eda Gord\u00f3n, Valdelamusa\" width=\"608\" height=\"405\" srcset=\"https:\/\/www.huelvaysusfotografos.com\/wp-content\/uploads\/2014\/04\/10012780_10202103254482079_165554484991088267_o-1024x682.jpg 1024w, https:\/\/www.huelvaysusfotografos.com\/wp-content\/uploads\/2014\/04\/10012780_10202103254482079_165554484991088267_o-300x200.jpg 300w, https:\/\/www.huelvaysusfotografos.com\/wp-content\/uploads\/2014\/04\/10012780_10202103254482079_165554484991088267_o-768x512.jpg 768w, https:\/\/www.huelvaysusfotografos.com\/wp-content\/uploads\/2014\/04\/10012780_10202103254482079_165554484991088267_o-1536x1023.jpg 1536w, https:\/\/www.huelvaysusfotografos.com\/wp-content\/uploads\/2014\/04\/10012780_10202103254482079_165554484991088267_o-120x80.jpg 120w, https:\/\/www.huelvaysusfotografos.com\/wp-content\/uploads\/2014\/04\/10012780_10202103254482079_165554484991088267_o.jpg 2048w\" sizes=\"auto, (max-width: 608px) 100vw, 608px\" \/><\/a><figcaption id=\"caption-attachment-3427\" class=\"wp-caption-text\"><span style=\"color: #000000;\">Fotograf\u00eda de Isaac Garc\u00eda Gord\u00f3n, Valdelamusa<\/span><\/figcaption><\/figure>\n<p style=\"text-align: justify;\">La vuelta para Huelva fue sobre las 18:00 horas aproximadamente, llegando a Huelva a las 19:10 horas&#8230; algunos m\u00e1s que otros derrotados!!<\/p>\n<p style=\"text-align: justify;\">Toda una experiencia que sumamos a la mochila. Animamos a nuestros socios y socias a que participen de estas actividades, ya que da tiempo a tener un contacto m\u00e1s personal que el propio que nos ofrecen las Redes Sociales. Para la pr\u00f3xima os esperamos!!<\/p>\n<p style=\"text-align: justify;\">Por \u00faltimo, mencionar que el d\u00eda en Valdelamusa fue noticia en HuelvaBuenasNoticias; os dejamos aqu\u00ed el enlace para que os hag\u00e1is una idea m\u00e1s general:\u00a0http:\/\/huelvabuenasnoticias.com\/2014\/04\/05\/un-centenar-de-onubenses-viaja-en-tren-a-valdelamusa-para-promocionar-la-linea-huelva-zafra\/<\/p>\n","protected":false},"excerpt":{"rendered":"<p>Hac\u00eda semanas que Emilio Romero (Profesor de la Universidad de Huelva) se hab\u00eda ofrecido a nuestra Asociaci\u00f3n \u00abHuelva y sus Fot\u00f3grafos\u00bb, para guiarnos en una visita minera, pero como llevamos tanto para delante, lo ten\u00edamos para otro momento. Casi de forma inesperada, recibimos de Emilio un mensaje donde nos invita a participar a una escapada a Valdelamusa con el fin \u00abPromocionar la L\u00ednea Huelva-Zafra\u00bb. Nos movimos, lo publicitados en nuestro<\/p>\n<div class=\"belowpost\"><a class=\"btnmore\" href=\"https:\/\/www.huelvaysusfotografos.com\/?p=3364\">Seguir leyendo<\/a><\/div>\n","protected":false},"author":41,"featured_media":3372,"comment_status":"open","ping_status":"open","sticky":false,"template":"","format":"standard","meta":{"footnotes":"","_links_to":"","_links_to_target":""},"categories":[3,6],"tags":[],"class_list":["post-3364","post","type-post","status-publish","format-standard","has-post-thumbnail","hentry","category-noticias","category-quedadas"],"_links":{"self":[{"href":"https:\/\/www.huelvaysusfotografos.com\/index.php?rest_route=\/wp\/v2\/posts\/3364","targetHints":{"allow":["GET"]}}],"collection":[{"href":"https:\/\/www.huelvaysusfotografos.com\/index.php?rest_route=\/wp\/v2\/posts"}],"about":[{"href":"https:\/\/www.huelvaysusfotografos.com\/index.php?rest_route=\/wp\/v2\/types\/post"}],"author":[{"embeddable":true,"href":"https:\/\/www.huelvaysusfotografos.com\/index.php?rest_route=\/wp\/v2\/users\/41"}],"replies":[{"embeddable":true,"href":"https:\/\/www.huelvaysusfotografos.com\/index.php?rest_route=%2Fwp%2Fv2%2Fcomments&post=3364"}],"version-history":[{"count":23,"href":"https:\/\/www.huelvaysusfotografos.com\/index.php?rest_route=\/wp\/v2\/posts\/3364\/revisions"}],"predecessor-version":[{"id":3620,"href":"https:\/\/www.huelvaysusfotografos.com\/index.php?rest_route=\/wp\/v2\/posts\/3364\/revisions\/3620"}],"wp:featuredmedia":[{"embeddable":true,"href":"https:\/\/www.huelvaysusfotografos.com\/index.php?rest_route=\/wp\/v2\/media\/3372"}],"wp:attachment":[{"href":"https:\/\/www.huelvaysusfotografos.com\/index.php?rest_route=%2Fwp%2Fv2%2Fmedia&parent=3364"}],"wp:term":[{"taxonomy":"category","embeddable":true,"href":"https:\/\/www.huelvaysusfotografos.com\/index.php?rest_route=%2Fwp%2Fv2%2Fcategories&post=3364"},{"taxonomy":"post_tag","embeddable":true,"href":"https:\/\/www.huelvaysusfotografos.com\/index.php?rest_route=%2Fwp%2Fv2%2Ftags&post=3364"}],"curies":[{"name":"wp","href":"https:\/\/api.w.org\/{rel}","templated":true}]}}