{"id":3359,"date":"2014-04-12T13:26:46","date_gmt":"2014-04-12T12:26:46","guid":{"rendered":"http:\/\/www.huelvaysusfotografos.com\/?p=3359"},"modified":"2014-06-16T16:59:14","modified_gmt":"2014-06-16T15:59:14","slug":"quedada-fotografica-en-punta-umbria-4-de-abril","status":"publish","type":"post","link":"https:\/\/www.huelvaysusfotografos.com\/?p=3359","title":{"rendered":"Quedada Fotogr\u00e1fica en Punta Umbr\u00eda (4 de abril)"},"content":{"rendered":"<p style=\"text-align: justify;\">Seguimos contando&#8230; Nuestra Asociaci\u00f3n hab\u00eda preparado para el 4 de abril\u00a0\u00a0una Quedada en\u00a0Punta Umbr\u00eda, todas aquellas personas (socios y no socios) pod\u00edan aparecer sobre las 17:00 horas en el Ayuntamiento, para dar un paseo por la localidad y terminar fotografiando la puesta de sol en la playa.<\/p>\n<p style=\"text-align: justify;\">Para ponerle \u00a0un aliciente m\u00e1s \u00a0a la quedada, realizaremos una gincana fotogr\u00e1fica. El tema se expondr\u00e1 una vez nos reunamos todos en el punto de encuentro. De esta gincana se har\u00e1 un concurso en Flickr.<\/p>\n<p style=\"text-align: justify;\">No fuimos muchos, pero \u00abni falta que importa\u00bb. Carmen Torres Ch, Antonio Mu\u00f1oz, Marcos M. G\u00f3mez, Isaac Garc\u00eda, Fran Falc\u00f3n Blanco, Claudio Pomares, Jos\u00e9 A Boty y Juana Mart\u00edn estuvieron como un clavo en el lugar previsto&#8230; y&#8230; foto:<\/p>\n<p style=\"text-align: center;\"><a href=\"https:\/\/www.huelvaysusfotografos.com\/wp-content\/uploads\/2014\/04\/Grupo-Quedada-Punta-Umbr\u00eda-web-4-4-2014.jpg\"><img loading=\"lazy\" decoding=\"async\" class=\" wp-image-3360 aligncenter\" src=\"https:\/\/www.huelvaysusfotografos.com\/wp-content\/uploads\/2014\/04\/Grupo-Quedada-Punta-Umbr\u00eda-web-4-4-2014.jpg\" alt=\"Grupo de la Quedada en Punta Umbr\u00eda. Fotograf\u00eda Juana Mart\u00edn\" width=\"510\" height=\"340\" srcset=\"https:\/\/www.huelvaysusfotografos.com\/wp-content\/uploads\/2014\/04\/Grupo-Quedada-Punta-Umbr\u00eda-web-4-4-2014.jpg 850w, https:\/\/www.huelvaysusfotografos.com\/wp-content\/uploads\/2014\/04\/Grupo-Quedada-Punta-Umbr\u00eda-web-4-4-2014-300x200.jpg 300w, https:\/\/www.huelvaysusfotografos.com\/wp-content\/uploads\/2014\/04\/Grupo-Quedada-Punta-Umbr\u00eda-web-4-4-2014-768x512.jpg 768w, https:\/\/www.huelvaysusfotografos.com\/wp-content\/uploads\/2014\/04\/Grupo-Quedada-Punta-Umbr\u00eda-web-4-4-2014-120x80.jpg 120w\" sizes=\"auto, (max-width: 510px) 100vw, 510px\" \/><\/a><\/p>\n<div>\n<p style=\"text-align: left;\">Tras la tarde de fotos, se abri\u00f3 el concurso en Flickr, puede votar quien quiera: (https:\/\/www.flickr.com\/groups\/huelva_y_sus_fotografos\/discuss\/72157643472141764\/)<\/p>\n<ul>\n<li style=\"text-align: justify;\">&#8211; Queda abierto el plazo para presentar las series resultantes de la quedada del pasado s\u00e1bado 4 en Punta Umbr\u00eda.<\/li>\n<li style=\"text-align: justify;\">&#8211; Se recuerda que se deber\u00e1n presentar una serie de tres fotos por cada concursantes numerando la serie: Participante 1, #1; participante 2, #2\u2026<\/li>\n<li style=\"text-align: justify;\">&#8211; Las fotograf\u00edas se subir\u00e1n en tama\u00f1o mediano 50o.<\/li>\n<li>&#8211; Aquella persona que participe y no vote ser\u00e1 eliminada.<\/li>\n<li>&#8211; En caso de empate, se har\u00e1 una votaci\u00f3n extra ,a 5 votos d\u00e1ndole 1 punto a la serie que m\u00e1s nos guste .<\/li>\n<li>&#8211; Aunque no se participe se puede votar.<\/li>\n<li style=\"text-align: justify;\">&#8211; El plazo de presentaci\u00f3n se cerrar\u00e1 a las 23:59 horas del lunes 7 de abril. Posteriormente se votaran la SERIE completa con 1, 2 o 3 puntos (Serie #1, 1 punto; Serie #2, 2 puntos\u2026), resultando ganadora la serie que mas puntos obtenga.<\/li>\n<li style=\"text-align: justify;\">&#8211; La votaci\u00f3n tendr\u00e1 lugar desde las 00:00 horas del martes 8 hasta las 23:59 horas del viernes 11 de abril de 2014.<\/li>\n<li style=\"text-align: justify;\">&#8211; El ganador obtendr\u00e1 un diploma, juego de 9 carteles tur\u00edsticos, material de promoci\u00f3n cedido por el Patronato de Turismo de la Diputaci\u00f3n de Huelva.<\/li>\n<\/ul>\n<p style=\"text-align: justify;\">Pues bien, cerradas las votaciones y haciendo un recuento de las mismas, nos es grato comunicar que el ganador de esta Quedada- Gincana- Concurso ha sido Antonio Mu\u00f1oz, gran trabajo!! Os dejamos aqu\u00ed su serie:<\/p>\n<figure id=\"attachment_3403\" aria-describedby=\"caption-attachment-3403\" style=\"width: 334px\" class=\"wp-caption aligncenter\"><a href=\"https:\/\/www.huelvaysusfotografos.com\/wp-content\/uploads\/2014\/04\/13700593973_79b7142fbc.jpg\"><img loading=\"lazy\" decoding=\"async\" class=\"size-full wp-image-3403 \" src=\"https:\/\/www.huelvaysusfotografos.com\/wp-content\/uploads\/2014\/04\/13700593973_79b7142fbc.jpg\" alt=\"Fotograf\u00eda de Antonio Mu\u00f1oz. Serie: 1\" width=\"334\" height=\"500\" srcset=\"https:\/\/www.huelvaysusfotografos.com\/wp-content\/uploads\/2014\/04\/13700593973_79b7142fbc.jpg 334w, https:\/\/www.huelvaysusfotografos.com\/wp-content\/uploads\/2014\/04\/13700593973_79b7142fbc-200x300.jpg 200w\" sizes=\"auto, (max-width: 334px) 100vw, 334px\" \/><\/a><figcaption id=\"caption-attachment-3403\" class=\"wp-caption-text\"><span style=\"color: #000000;\">Fotograf\u00eda de Antonio Mu\u00f1oz. Serie: 1<\/span><\/figcaption><\/figure>\n<p>&nbsp;<\/p>\n<figure id=\"attachment_3402\" aria-describedby=\"caption-attachment-3402\" style=\"width: 334px\" class=\"wp-caption aligncenter\"><a href=\"https:\/\/www.huelvaysusfotografos.com\/wp-content\/uploads\/2014\/04\/13700567675_5ac33a33e2.jpg\"><img loading=\"lazy\" decoding=\"async\" class=\"size-full wp-image-3402 \" src=\"https:\/\/www.huelvaysusfotografos.com\/wp-content\/uploads\/2014\/04\/13700567675_5ac33a33e2.jpg\" alt=\"Fotograf\u00eda de Antonio Mu\u00f1oz. Serie: 2\" width=\"334\" height=\"500\" srcset=\"https:\/\/www.huelvaysusfotografos.com\/wp-content\/uploads\/2014\/04\/13700567675_5ac33a33e2.jpg 334w, https:\/\/www.huelvaysusfotografos.com\/wp-content\/uploads\/2014\/04\/13700567675_5ac33a33e2-200x300.jpg 200w\" sizes=\"auto, (max-width: 334px) 100vw, 334px\" \/><\/a><figcaption id=\"caption-attachment-3402\" class=\"wp-caption-text\">Fotograf\u00eda de Antonio Mu\u00f1oz. Serie: 2<\/figcaption><\/figure>\n<p>&nbsp;<\/p>\n<figure id=\"attachment_3401\" aria-describedby=\"caption-attachment-3401\" style=\"width: 500px\" class=\"wp-caption aligncenter\"><a href=\"https:\/\/www.huelvaysusfotografos.com\/wp-content\/uploads\/2014\/04\/13700566735_d008445b6d.jpg\"><img loading=\"lazy\" decoding=\"async\" class=\"size-full wp-image-3401\" src=\"https:\/\/www.huelvaysusfotografos.com\/wp-content\/uploads\/2014\/04\/13700566735_d008445b6d.jpg\" alt=\"Fotograf\u00eda de Antonio Mu\u00f1oz. Serie: 3\" width=\"500\" height=\"282\" srcset=\"https:\/\/www.huelvaysusfotografos.com\/wp-content\/uploads\/2014\/04\/13700566735_d008445b6d.jpg 500w, https:\/\/www.huelvaysusfotografos.com\/wp-content\/uploads\/2014\/04\/13700566735_d008445b6d-300x169.jpg 300w\" sizes=\"auto, (max-width: 500px) 100vw, 500px\" \/><\/a><figcaption id=\"caption-attachment-3401\" class=\"wp-caption-text\"><span style=\"color: #000000;\">Fotograf\u00eda de Antonio Mu\u00f1oz. Serie: 3<\/span><\/figcaption><\/figure>\n<p style=\"text-align: justify;\">De nuevo enhorabuena!! y muchas gracias a los dem\u00e1s participantes por vuestras im\u00e1genes tan estupendas, por vuestras aportaciones y vuestro compa\u00f1erismo.<\/p>\n<p>Pronto la entrega del premio!<\/p>\n<p>&nbsp;<\/p>\n<\/div>\n","protected":false},"excerpt":{"rendered":"<p>Seguimos contando&#8230; Nuestra Asociaci\u00f3n hab\u00eda preparado para el 4 de abril\u00a0\u00a0una Quedada en\u00a0Punta Umbr\u00eda, todas aquellas personas (socios y no socios) pod\u00edan aparecer sobre las 17:00 horas en el Ayuntamiento, para dar un paseo por la localidad y terminar fotografiando la puesta de sol en la playa. Para ponerle \u00a0un aliciente m\u00e1s \u00a0a la quedada, realizaremos una gincana fotogr\u00e1fica. El tema se expondr\u00e1 una vez nos reunamos todos en el<\/p>\n<div class=\"belowpost\"><a class=\"btnmore\" href=\"https:\/\/www.huelvaysusfotografos.com\/?p=3359\">Seguir leyendo<\/a><\/div>\n","protected":false},"author":41,"featured_media":3360,"comment_status":"open","ping_status":"open","sticky":false,"template":"","format":"standard","meta":{"footnotes":"","_links_to":"","_links_to_target":""},"categories":[3,6],"tags":[],"class_list":["post-3359","post","type-post","status-publish","format-standard","has-post-thumbnail","hentry","category-noticias","category-quedadas"],"_links":{"self":[{"href":"https:\/\/www.huelvaysusfotografos.com\/index.php?rest_route=\/wp\/v2\/posts\/3359","targetHints":{"allow":["GET"]}}],"collection":[{"href":"https:\/\/www.huelvaysusfotografos.com\/index.php?rest_route=\/wp\/v2\/posts"}],"about":[{"href":"https:\/\/www.huelvaysusfotografos.com\/index.php?rest_route=\/wp\/v2\/types\/post"}],"author":[{"embeddable":true,"href":"https:\/\/www.huelvaysusfotografos.com\/index.php?rest_route=\/wp\/v2\/users\/41"}],"replies":[{"embeddable":true,"href":"https:\/\/www.huelvaysusfotografos.com\/index.php?rest_route=%2Fwp%2Fv2%2Fcomments&post=3359"}],"version-history":[{"count":10,"href":"https:\/\/www.huelvaysusfotografos.com\/index.php?rest_route=\/wp\/v2\/posts\/3359\/revisions"}],"predecessor-version":[{"id":3619,"href":"https:\/\/www.huelvaysusfotografos.com\/index.php?rest_route=\/wp\/v2\/posts\/3359\/revisions\/3619"}],"wp:featuredmedia":[{"embeddable":true,"href":"https:\/\/www.huelvaysusfotografos.com\/index.php?rest_route=\/wp\/v2\/media\/3360"}],"wp:attachment":[{"href":"https:\/\/www.huelvaysusfotografos.com\/index.php?rest_route=%2Fwp%2Fv2%2Fmedia&parent=3359"}],"wp:term":[{"taxonomy":"category","embeddable":true,"href":"https:\/\/www.huelvaysusfotografos.com\/index.php?rest_route=%2Fwp%2Fv2%2Fcategories&post=3359"},{"taxonomy":"post_tag","embeddable":true,"href":"https:\/\/www.huelvaysusfotografos.com\/index.php?rest_route=%2Fwp%2Fv2%2Ftags&post=3359"}],"curies":[{"name":"wp","href":"https:\/\/api.w.org\/{rel}","templated":true}]}}