{"id":3257,"date":"2014-04-01T23:09:33","date_gmt":"2014-04-01T22:09:33","guid":{"rendered":"http:\/\/www.huelvaysusfotografos.com\/?p=3257"},"modified":"2014-07-08T21:20:46","modified_gmt":"2014-07-08T20:20:46","slug":"visitamos-la-escuela-de-arte-leon-ortega","status":"publish","type":"post","link":"https:\/\/www.huelvaysusfotografos.com\/?p=3257","title":{"rendered":"Visitamos la Escuela de Arte Le\u00f3n Ortega"},"content":{"rendered":"<p style=\"text-align: justify;\">Dentro de las actividades que llevamos a cabo, no todo van a ser quedadas, concursos, redes sociales, tertulias, y&#8230;. un largo etc\u00e9tera. Hoy hemos estado haciendo tareas de difusi\u00f3n de nuestra entidad.<\/p>\n<p style=\"text-align: justify;\">La Directiva \u00a0ha estado en la Escuela de Arte Le\u00f3n Ortega dando a conocer nuestra Asociaci\u00f3n al alumnado del Ciclo Formativo de Grado Superior de Fotograf\u00eda. Al acto han asistido unos 60 alumnos y alumnas. Les hemos explicado nuestros inicios, nuestra trayectoria y nuestra din\u00e1mica de trabajo, adem\u00e1s de facilitarles todos los contactos de redes sociales y web para que puedan estar informados de nuestros eventos, y todos aquellos otros que compartimos desde los diferentes medios.<\/p>\n<figure id=\"attachment_3258\" aria-describedby=\"caption-attachment-3258\" style=\"width: 491px\" class=\"wp-caption aligncenter\"><a href=\"https:\/\/www.huelvaysusfotografos.com\/wp-content\/uploads\/2014\/04\/DSC_5569-copia.jpg\"><img loading=\"lazy\" decoding=\"async\" class=\" wp-image-3258  \" src=\"https:\/\/www.huelvaysusfotografos.com\/wp-content\/uploads\/2014\/04\/DSC_5569-copia-1024x731.jpg\" alt=\"Momento de desarrollo de la charla informativa. Fotograf\u00eda de JM Brea\" width=\"491\" height=\"351\" srcset=\"https:\/\/www.huelvaysusfotografos.com\/wp-content\/uploads\/2014\/04\/DSC_5569-copia-1024x731.jpg 1024w, https:\/\/www.huelvaysusfotografos.com\/wp-content\/uploads\/2014\/04\/DSC_5569-copia-300x214.jpg 300w, https:\/\/www.huelvaysusfotografos.com\/wp-content\/uploads\/2014\/04\/DSC_5569-copia-768x549.jpg 768w, https:\/\/www.huelvaysusfotografos.com\/wp-content\/uploads\/2014\/04\/DSC_5569-copia-1536x1097.jpg 1536w, https:\/\/www.huelvaysusfotografos.com\/wp-content\/uploads\/2014\/04\/DSC_5569-copia-2048x1463.jpg 2048w\" sizes=\"auto, (max-width: 491px) 100vw, 491px\" \/><\/a><figcaption id=\"caption-attachment-3258\" class=\"wp-caption-text\"><span style=\"color: #000000;\">Momento de desarrollo de la charla informativa. Fotograf\u00eda de JM Brea<\/span><\/figcaption><\/figure>\n<p style=\"text-align: justify;\">Algunos alumnos y alumnas ya nos conoc\u00edan a trav\u00e9s de alguna de nuestras actividades, y otros que no sab\u00edan de nuestra existencia lanzaron algunas dudas sobre cuotas de socios, frecuencia de quedadas, etc. Aprovechamos esta gran oportunidad facilitada tanto por el Director de la Escuela como por las profesoras con las que hemos tenido contacto de la especialidad, para invitar al alumnado a las actividades m\u00e1s pr\u00f3ximas como la Tertulia del jueves con Jes\u00fas Botaro, la quedada del viernes en Punta Umbr\u00eda, o el actual concurso de abril de \u00abHuelva a trav\u00e9s de la fotograf\u00eda: Otra cara de la Semana Santa\u00bb.<\/p>\n<figure id=\"attachment_3259\" aria-describedby=\"caption-attachment-3259\" style=\"width: 491px\" class=\"wp-caption aligncenter\"><a href=\"https:\/\/www.huelvaysusfotografos.com\/wp-content\/uploads\/2014\/04\/DSC_0157.jpg\"><img loading=\"lazy\" decoding=\"async\" class=\" wp-image-3259  \" src=\"https:\/\/www.huelvaysusfotografos.com\/wp-content\/uploads\/2014\/04\/DSC_0157-1024x768.jpg\" alt=\"Presentaci\u00f3n de la Asociaci\u00f3n, Escuela de Arte Le\u00f3n Ortega\" width=\"491\" height=\"369\" srcset=\"https:\/\/www.huelvaysusfotografos.com\/wp-content\/uploads\/2014\/04\/DSC_0157-1024x768.jpg 1024w, https:\/\/www.huelvaysusfotografos.com\/wp-content\/uploads\/2014\/04\/DSC_0157-300x225.jpg 300w, https:\/\/www.huelvaysusfotografos.com\/wp-content\/uploads\/2014\/04\/DSC_0157-768x576.jpg 768w, https:\/\/www.huelvaysusfotografos.com\/wp-content\/uploads\/2014\/04\/DSC_0157-1536x1152.jpg 1536w, https:\/\/www.huelvaysusfotografos.com\/wp-content\/uploads\/2014\/04\/DSC_0157-2048x1536.jpg 2048w, https:\/\/www.huelvaysusfotografos.com\/wp-content\/uploads\/2014\/04\/DSC_0157-160x120.jpg 160w\" sizes=\"auto, (max-width: 491px) 100vw, 491px\" \/><\/a><figcaption id=\"caption-attachment-3259\" class=\"wp-caption-text\"><span style=\"color: #000000;\">Presentaci\u00f3n de la Asociaci\u00f3n, Escuela de Arte Le\u00f3n Ortega<\/span><\/figcaption><\/figure>\n<p style=\"text-align: justify;\">Ha sido todo un placer, haber compartido este momento con todos vosotros. \u00c1nimos con el trabajo y seguimos en contacto, ya sab\u00e9is d\u00f3nde estamos!!\u00a0Quedan nuestras puertas abiertas para vosotros!!<\/p>\n<p>&nbsp;<\/p>\n","protected":false},"excerpt":{"rendered":"<p>Dentro de las actividades que llevamos a cabo, no todo van a ser quedadas, concursos, redes sociales, tertulias, y&#8230;. un largo etc\u00e9tera. Hoy hemos estado haciendo tareas de difusi\u00f3n de nuestra entidad. La Directiva \u00a0ha estado en la Escuela de Arte Le\u00f3n Ortega dando a conocer nuestra Asociaci\u00f3n al alumnado del Ciclo Formativo de Grado Superior de Fotograf\u00eda. Al acto han asistido unos 60 alumnos y alumnas. Les hemos explicado<\/p>\n<div class=\"belowpost\"><a class=\"btnmore\" href=\"https:\/\/www.huelvaysusfotografos.com\/?p=3257\">Seguir leyendo<\/a><\/div>\n","protected":false},"author":41,"featured_media":3730,"comment_status":"open","ping_status":"open","sticky":false,"template":"","format":"standard","meta":{"footnotes":"","_links_to":"","_links_to_target":""},"categories":[3],"tags":[],"class_list":["post-3257","post","type-post","status-publish","format-standard","has-post-thumbnail","hentry","category-noticias"],"_links":{"self":[{"href":"https:\/\/www.huelvaysusfotografos.com\/index.php?rest_route=\/wp\/v2\/posts\/3257","targetHints":{"allow":["GET"]}}],"collection":[{"href":"https:\/\/www.huelvaysusfotografos.com\/index.php?rest_route=\/wp\/v2\/posts"}],"about":[{"href":"https:\/\/www.huelvaysusfotografos.com\/index.php?rest_route=\/wp\/v2\/types\/post"}],"author":[{"embeddable":true,"href":"https:\/\/www.huelvaysusfotografos.com\/index.php?rest_route=\/wp\/v2\/users\/41"}],"replies":[{"embeddable":true,"href":"https:\/\/www.huelvaysusfotografos.com\/index.php?rest_route=%2Fwp%2Fv2%2Fcomments&post=3257"}],"version-history":[{"count":8,"href":"https:\/\/www.huelvaysusfotografos.com\/index.php?rest_route=\/wp\/v2\/posts\/3257\/revisions"}],"predecessor-version":[{"id":3732,"href":"https:\/\/www.huelvaysusfotografos.com\/index.php?rest_route=\/wp\/v2\/posts\/3257\/revisions\/3732"}],"wp:featuredmedia":[{"embeddable":true,"href":"https:\/\/www.huelvaysusfotografos.com\/index.php?rest_route=\/wp\/v2\/media\/3730"}],"wp:attachment":[{"href":"https:\/\/www.huelvaysusfotografos.com\/index.php?rest_route=%2Fwp%2Fv2%2Fmedia&parent=3257"}],"wp:term":[{"taxonomy":"category","embeddable":true,"href":"https:\/\/www.huelvaysusfotografos.com\/index.php?rest_route=%2Fwp%2Fv2%2Fcategories&post=3257"},{"taxonomy":"post_tag","embeddable":true,"href":"https:\/\/www.huelvaysusfotografos.com\/index.php?rest_route=%2Fwp%2Fv2%2Ftags&post=3257"}],"curies":[{"name":"wp","href":"https:\/\/api.w.org\/{rel}","templated":true}]}}