{"id":3234,"date":"2014-03-31T21:45:20","date_gmt":"2014-03-31T20:45:20","guid":{"rendered":"http:\/\/www.huelvaysusfotografos.com\/?p=3234"},"modified":"2014-07-08T21:26:43","modified_gmt":"2014-07-08T20:26:43","slug":"concurso-fotografico-otra-cara-de-la-semana-santa","status":"publish","type":"post","link":"https:\/\/www.huelvaysusfotografos.com\/?p=3234","title":{"rendered":"Concurso Fotogr\u00e1fico \u00abOTRA CARA DE LA SEMANA SANTA\u00bb"},"content":{"rendered":"<p style=\"text-align: justify;\">Otro mes cargado de ideas y nuevos proyectos. Ya sab\u00e9is que todos los meses junto con la Concejal\u00eda de Turismo del Ayuntamiento de Huelva, llevamos adelante el concurso \u00abHUELVA A TRAV\u00c9S DE LA FOTOGRAF\u00cdA\u00bb. Para este mes de abril, y no queri\u00e9ndonos repetir con otras iniciativas que todos los a\u00f1os surgen entorno a la tem\u00e1tica de Semana Santa, hemos querido tener un concurso con un matiz diferente, proponiendo a los\/as participantes que capturen momentos quiz\u00e1s no tan fotografiados durante estas fechas.<\/p>\n<p style=\"text-align: justify;\"><span style=\"color: #ffffff;\"><strong>\u00abOTRA CARA DE LA SEMANA SANTA\u00bb<\/strong><\/span> apuesta por poner en valor el trabajo previo a las Procesiones, el trabajo de las bordadoras, de los costaleros y costaneras, de los camaristas; momentos de ensayos, limpieza de enseres, elaboraci\u00f3n de palmas, montajes de Paso Palios, retranqueo, reparto de papeletas&#8230; todo un trabajo previo sin el cual la Semana Santa no lucir\u00eda en nuestras calles como lo hace.<\/p>\n<p style=\"text-align: justify;\">Os dejamos aqu\u00ed las Bases, ver\u00e9is que hay cambios en el premio principal: adem\u00e1s del premio habitual (diploma y merchandising municipal), sumamos alguna publicaci\u00f3n fotogr\u00e1fica, una noche para dos personas en Casas Rurales Los Pinos, un Paseo en Dromedario por gentileza de \u00abAires Africanos\u00bb y la participaci\u00f3n en la exposici\u00f3n de diciembre 2014. Y tambi\u00e9n alguna modificaci\u00f3n en el acc\u00e9sit si lo hubiera.<\/p>\n<p style=\"text-align: center;\"><a href=\"https:\/\/www.huelvaysusfotografos.com\/wp-content\/uploads\/2014\/03\/1-Concurso-Ruta-Fotogr\u00e1fica-OTRA-CARA-DE-LA-SEMANA-SANTA-2.jpg\"><img loading=\"lazy\" decoding=\"async\" class=\" wp-image-3235 aligncenter\" src=\"https:\/\/www.huelvaysusfotografos.com\/wp-content\/uploads\/2014\/03\/1-Concurso-Ruta-Fotogr\u00e1fica-OTRA-CARA-DE-LA-SEMANA-SANTA-2-776x1024.jpg\" alt=\"Concurso- Ruta Fotogr\u00e1fica OTRA CARA DE LA SEMANA SANTA\" width=\"543\" height=\"717\" srcset=\"https:\/\/www.huelvaysusfotografos.com\/wp-content\/uploads\/2014\/03\/1-Concurso-Ruta-Fotogr\u00e1fica-OTRA-CARA-DE-LA-SEMANA-SANTA-2-776x1024.jpg 776w, https:\/\/www.huelvaysusfotografos.com\/wp-content\/uploads\/2014\/03\/1-Concurso-Ruta-Fotogr\u00e1fica-OTRA-CARA-DE-LA-SEMANA-SANTA-2-227x300.jpg 227w, https:\/\/www.huelvaysusfotografos.com\/wp-content\/uploads\/2014\/03\/1-Concurso-Ruta-Fotogr\u00e1fica-OTRA-CARA-DE-LA-SEMANA-SANTA-2-768x1013.jpg 768w, https:\/\/www.huelvaysusfotografos.com\/wp-content\/uploads\/2014\/03\/1-Concurso-Ruta-Fotogr\u00e1fica-OTRA-CARA-DE-LA-SEMANA-SANTA-2.jpg 1121w\" sizes=\"auto, (max-width: 543px) 100vw, 543px\" \/><\/a><\/p>\n<p style=\"text-align: justify;\">Desde aqu\u00ed dar las gracias a los colaboradores y patrocinios que en este mes han participado, apoyando esta iniciativa para acercar el Patrimonio de Huelva desde la fotograf\u00eda. Gracias a \u00abCASAS RURALES LOS PINOS\u00bb, \u00abAIRES AFRICANOS\u00bb, \u00abMINISTERIO DE CULTURA\u00bb, y \u00abELENA S\u00c1NCHEZ BALONGA\u00bb.<\/p>\n<p style=\"text-align: justify;\">Por otro lado, y s\u00f3lo a nivel orientativo, os dejamos una propuesta de actos cofrades previos a la Semana Santa que se han concertado con algunas de las Hermandades de la Ciudad, de manera que podemos realizar fotograf\u00edas en dichos actos (hay que avisar que es para el Concurso de Fotos).<\/p>\n<figure id=\"attachment_3236\" aria-describedby=\"caption-attachment-3236\" style=\"width: 574px\" class=\"wp-caption aligncenter\"><a href=\"https:\/\/www.huelvaysusfotografos.com\/wp-content\/uploads\/2014\/03\/2-Concurso-Ruta-Fotogr\u00e1fica-OTRA-CARA-DE-LA-SEMANA-SANTA-2.jpg\"><img loading=\"lazy\" decoding=\"async\" class=\" wp-image-3236 \" src=\"https:\/\/www.huelvaysusfotografos.com\/wp-content\/uploads\/2014\/03\/2-Concurso-Ruta-Fotogr\u00e1fica-OTRA-CARA-DE-LA-SEMANA-SANTA-2-638x1024.jpg\" alt=\"Ruta Orientativa de actos concertados con algunas Hermandades\" width=\"574\" height=\"922\" srcset=\"https:\/\/www.huelvaysusfotografos.com\/wp-content\/uploads\/2014\/03\/2-Concurso-Ruta-Fotogr\u00e1fica-OTRA-CARA-DE-LA-SEMANA-SANTA-2-638x1024.jpg 638w, https:\/\/www.huelvaysusfotografos.com\/wp-content\/uploads\/2014\/03\/2-Concurso-Ruta-Fotogr\u00e1fica-OTRA-CARA-DE-LA-SEMANA-SANTA-2-187x300.jpg 187w, https:\/\/www.huelvaysusfotografos.com\/wp-content\/uploads\/2014\/03\/2-Concurso-Ruta-Fotogr\u00e1fica-OTRA-CARA-DE-LA-SEMANA-SANTA-2-768x1232.jpg 768w, https:\/\/www.huelvaysusfotografos.com\/wp-content\/uploads\/2014\/03\/2-Concurso-Ruta-Fotogr\u00e1fica-OTRA-CARA-DE-LA-SEMANA-SANTA-2.jpg 922w\" sizes=\"auto, (max-width: 574px) 100vw, 574px\" \/><\/a><figcaption id=\"caption-attachment-3236\" class=\"wp-caption-text\"><span style=\"color: #000000;\">Ruta Orientativa de actos concertados con algunas Hermandades<\/span><\/figcaption><\/figure>\n<p>Agradecer tambi\u00e9n a estas Hermandades el esfuerzo realizado que hace posible esta iniciativa.<\/p>\n<p>Ahora s\u00f3lo queda que, c\u00e1mara en mano, vay\u00e1is capturando los entresijos de nuestra Semana Santa. Esperamos vuestras participaci\u00f3n!!<\/p>\n","protected":false},"excerpt":{"rendered":"<p>Otro mes cargado de ideas y nuevos proyectos. Ya sab\u00e9is que todos los meses junto con la Concejal\u00eda de Turismo del Ayuntamiento de Huelva, llevamos adelante el concurso \u00abHUELVA A TRAV\u00c9S DE LA FOTOGRAF\u00cdA\u00bb. Para este mes de abril, y no queri\u00e9ndonos repetir con otras iniciativas que todos los a\u00f1os surgen entorno a la tem\u00e1tica de Semana Santa, hemos querido tener un concurso con un matiz diferente, proponiendo a los\/as<\/p>\n<div class=\"belowpost\"><a class=\"btnmore\" href=\"https:\/\/www.huelvaysusfotografos.com\/?p=3234\">Seguir leyendo<\/a><\/div>\n","protected":false},"author":41,"featured_media":3736,"comment_status":"open","ping_status":"open","sticky":false,"template":"","format":"standard","meta":{"footnotes":"","_links_to":"","_links_to_target":""},"categories":[12],"tags":[],"class_list":["post-3234","post","type-post","status-publish","format-standard","has-post-thumbnail","hentry","category-concursos"],"_links":{"self":[{"href":"https:\/\/www.huelvaysusfotografos.com\/index.php?rest_route=\/wp\/v2\/posts\/3234","targetHints":{"allow":["GET"]}}],"collection":[{"href":"https:\/\/www.huelvaysusfotografos.com\/index.php?rest_route=\/wp\/v2\/posts"}],"about":[{"href":"https:\/\/www.huelvaysusfotografos.com\/index.php?rest_route=\/wp\/v2\/types\/post"}],"author":[{"embeddable":true,"href":"https:\/\/www.huelvaysusfotografos.com\/index.php?rest_route=\/wp\/v2\/users\/41"}],"replies":[{"embeddable":true,"href":"https:\/\/www.huelvaysusfotografos.com\/index.php?rest_route=%2Fwp%2Fv2%2Fcomments&post=3234"}],"version-history":[{"count":12,"href":"https:\/\/www.huelvaysusfotografos.com\/index.php?rest_route=\/wp\/v2\/posts\/3234\/revisions"}],"predecessor-version":[{"id":3737,"href":"https:\/\/www.huelvaysusfotografos.com\/index.php?rest_route=\/wp\/v2\/posts\/3234\/revisions\/3737"}],"wp:featuredmedia":[{"embeddable":true,"href":"https:\/\/www.huelvaysusfotografos.com\/index.php?rest_route=\/wp\/v2\/media\/3736"}],"wp:attachment":[{"href":"https:\/\/www.huelvaysusfotografos.com\/index.php?rest_route=%2Fwp%2Fv2%2Fmedia&parent=3234"}],"wp:term":[{"taxonomy":"category","embeddable":true,"href":"https:\/\/www.huelvaysusfotografos.com\/index.php?rest_route=%2Fwp%2Fv2%2Fcategories&post=3234"},{"taxonomy":"post_tag","embeddable":true,"href":"https:\/\/www.huelvaysusfotografos.com\/index.php?rest_route=%2Fwp%2Fv2%2Ftags&post=3234"}],"curies":[{"name":"wp","href":"https:\/\/api.w.org\/{rel}","templated":true}]}}