{"id":3229,"date":"2014-04-01T20:38:20","date_gmt":"2014-04-01T19:38:20","guid":{"rendered":"http:\/\/www.huelvaysusfotografos.com\/?p=3229"},"modified":"2014-07-08T21:22:18","modified_gmt":"2014-07-08T20:22:18","slug":"quedada-en-punta-umbria-viernes-4-de-abril","status":"publish","type":"post","link":"https:\/\/www.huelvaysusfotografos.com\/?p=3229","title":{"rendered":"QUEDADA EN PUNTA UMBR\u00cdA, viernes 4 de abril"},"content":{"rendered":"<p style=\"text-align: justify;\">Os invitamos a participar de esta nueva propuesta que desarrollaremos este viernes 4 de abril, se trata de una \u00abQuedada en Punta Umbr\u00eda\u00bb, incluimos novedades (gymkana fotogr\u00e1fica, concurso, premios).<\/p>\n<p style=\"text-align: justify;\">Podr\u00e1n participar todas aquellas personas que lo deseen (socios y no socios), quedamos a las 17:00 horas, en el Ayuntamiento \u00a0de Punta Umbr\u00eda. La idea es dar un paseo por la localidad y terminar fotografiando la puesta de sol en la playa.<\/p>\n<p style=\"text-align: justify;\">La organizaci\u00f3n dar\u00e1 informaci\u00f3n m\u00e1s concreta de la tem\u00e1tica a fotografiar, as\u00ed como las indicaciones necesarias para el buen desarrollo del paseo. S\u00ed adelantamos que se har\u00e1 un Concurso a trav\u00e9s de la red social Flickr.<\/p>\n<p style=\"text-align: justify;\">Aunque a\u00fan no queremos dar m\u00e1s pistas, os dejamos aqu\u00ed toda una pintoresca postal del entorno.<\/p>\n<figure id=\"attachment_3248\" aria-describedby=\"caption-attachment-3248\" style=\"width: 480px\" class=\"wp-caption aligncenter\"><a href=\"https:\/\/www.huelvaysusfotografos.com\/wp-content\/uploads\/2014\/04\/2351959404_7915c12e5a_z.jpg\"><img loading=\"lazy\" decoding=\"async\" class=\"size-full wp-image-3248 \" src=\"https:\/\/www.huelvaysusfotografos.com\/wp-content\/uploads\/2014\/04\/2351959404_7915c12e5a_z.jpg\" alt=\"Fotograf\u00eda de Pedro J. Ruiz- Constantino P\u00e9rez\" width=\"480\" height=\"640\" srcset=\"https:\/\/www.huelvaysusfotografos.com\/wp-content\/uploads\/2014\/04\/2351959404_7915c12e5a_z.jpg 480w, https:\/\/www.huelvaysusfotografos.com\/wp-content\/uploads\/2014\/04\/2351959404_7915c12e5a_z-225x300.jpg 225w\" sizes=\"auto, (max-width: 480px) 100vw, 480px\" \/><\/a><figcaption id=\"caption-attachment-3248\" class=\"wp-caption-text\"><span style=\"color: #000000;\">Fotograf\u00eda de Pedro J. Ruiz- Constantino P\u00e9rez<\/span><\/figcaption><\/figure>\n<p>No le des m\u00e1s vueltas!!, coge la c\u00e1mara y te esperamos el viernes a las 17:00 h. junto al Ayuntamiento de Punta Umbr\u00eda<\/p>\n<p>&nbsp;<\/p>\n","protected":false},"excerpt":{"rendered":"<p>Os invitamos a participar de esta nueva propuesta que desarrollaremos este viernes 4 de abril, se trata de una \u00abQuedada en Punta Umbr\u00eda\u00bb, incluimos novedades (gymkana fotogr\u00e1fica, concurso, premios). Podr\u00e1n participar todas aquellas personas que lo deseen (socios y no socios), quedamos a las 17:00 horas, en el Ayuntamiento \u00a0de Punta Umbr\u00eda. La idea es dar un paseo por la localidad y terminar fotografiando la puesta de sol en la<\/p>\n<div class=\"belowpost\"><a class=\"btnmore\" href=\"https:\/\/www.huelvaysusfotografos.com\/?p=3229\">Seguir leyendo<\/a><\/div>\n","protected":false},"author":41,"featured_media":3733,"comment_status":"open","ping_status":"open","sticky":false,"template":"","format":"standard","meta":{"footnotes":"","_links_to":"","_links_to_target":""},"categories":[3,6],"tags":[],"class_list":["post-3229","post","type-post","status-publish","format-standard","has-post-thumbnail","hentry","category-noticias","category-quedadas"],"_links":{"self":[{"href":"https:\/\/www.huelvaysusfotografos.com\/index.php?rest_route=\/wp\/v2\/posts\/3229","targetHints":{"allow":["GET"]}}],"collection":[{"href":"https:\/\/www.huelvaysusfotografos.com\/index.php?rest_route=\/wp\/v2\/posts"}],"about":[{"href":"https:\/\/www.huelvaysusfotografos.com\/index.php?rest_route=\/wp\/v2\/types\/post"}],"author":[{"embeddable":true,"href":"https:\/\/www.huelvaysusfotografos.com\/index.php?rest_route=\/wp\/v2\/users\/41"}],"replies":[{"embeddable":true,"href":"https:\/\/www.huelvaysusfotografos.com\/index.php?rest_route=%2Fwp%2Fv2%2Fcomments&post=3229"}],"version-history":[{"count":10,"href":"https:\/\/www.huelvaysusfotografos.com\/index.php?rest_route=\/wp\/v2\/posts\/3229\/revisions"}],"predecessor-version":[{"id":3734,"href":"https:\/\/www.huelvaysusfotografos.com\/index.php?rest_route=\/wp\/v2\/posts\/3229\/revisions\/3734"}],"wp:featuredmedia":[{"embeddable":true,"href":"https:\/\/www.huelvaysusfotografos.com\/index.php?rest_route=\/wp\/v2\/media\/3733"}],"wp:attachment":[{"href":"https:\/\/www.huelvaysusfotografos.com\/index.php?rest_route=%2Fwp%2Fv2%2Fmedia&parent=3229"}],"wp:term":[{"taxonomy":"category","embeddable":true,"href":"https:\/\/www.huelvaysusfotografos.com\/index.php?rest_route=%2Fwp%2Fv2%2Fcategories&post=3229"},{"taxonomy":"post_tag","embeddable":true,"href":"https:\/\/www.huelvaysusfotografos.com\/index.php?rest_route=%2Fwp%2Fv2%2Ftags&post=3229"}],"curies":[{"name":"wp","href":"https:\/\/api.w.org\/{rel}","templated":true}]}}