{"id":3218,"date":"2014-03-29T21:43:54","date_gmt":"2014-03-29T20:43:54","guid":{"rendered":"http:\/\/www.huelvaysusfotografos.com\/?p=3218"},"modified":"2014-07-08T21:27:43","modified_gmt":"2014-07-08T20:27:43","slug":"jesus-botaro-en-nuestra-tertulia-3-de-abril-2014","status":"publish","type":"post","link":"https:\/\/www.huelvaysusfotografos.com\/?p=3218","title":{"rendered":"Jes\u00fas Botaro en nuestra Tertulia (3 de abril 2014)"},"content":{"rendered":"<p style=\"text-align: justify;\">Se aproxima la fecha de la Tertulia y para ello tenemos un invitado muy interesante, Jes\u00fas Botaro (en la actualidad especializado en fotograf\u00eda de viajes).<\/p>\n<p style=\"text-align: justify;\">No faltes, y conoce de primera mano sus experiencias, su trayectoria, sus modos de trabajar, sus proyectos&#8230;<\/p>\n<p style=\"text-align: justify;\">Te esperamos en Caf\u00e9-Bar\u00a0<strong>Moz\u00e1rabes<\/strong>\u00a0(calle Moz\u00e1rabes) el<strong> jueves 3 de abril, a las 19.30 h.\u00a0<\/strong><\/p>\n<figure id=\"attachment_3219\" aria-describedby=\"caption-attachment-3219\" style=\"width: 538px\" class=\"wp-caption aligncenter\"><a href=\"https:\/\/www.huelvaysusfotografos.com\/wp-content\/uploads\/2014\/03\/10151934_642951305778697_2115964645_n.jpg\"><img loading=\"lazy\" decoding=\"async\" class=\" wp-image-3219  \" src=\"https:\/\/www.huelvaysusfotografos.com\/wp-content\/uploads\/2014\/03\/10151934_642951305778697_2115964645_n.jpg\" alt=\"Cartel convocatoria Tertulia Fotogr\u00e1fica del 3 de abril\" width=\"538\" height=\"269\" srcset=\"https:\/\/www.huelvaysusfotografos.com\/wp-content\/uploads\/2014\/03\/10151934_642951305778697_2115964645_n.jpg 960w, https:\/\/www.huelvaysusfotografos.com\/wp-content\/uploads\/2014\/03\/10151934_642951305778697_2115964645_n-300x150.jpg 300w, https:\/\/www.huelvaysusfotografos.com\/wp-content\/uploads\/2014\/03\/10151934_642951305778697_2115964645_n-768x384.jpg 768w\" sizes=\"auto, (max-width: 538px) 100vw, 538px\" \/><\/a><figcaption id=\"caption-attachment-3219\" class=\"wp-caption-text\">Cartel convocatoria Tertulia Fotogr\u00e1fica del 3 de abril<\/figcaption><\/figure>\n<p style=\"text-align: justify;\">Jes\u00fas Botaro nos remite esta informaci\u00f3n que tambi\u00e9n comparte en su web:<\/p>\n<p style=\"text-align: justify;\"><span style=\"color: #ffffff;\"><em>\u00abNaci\u00f3 en C\u00e1diz, aunque actualmente reside en Sevilla; tras un primer contacto con la fotograf\u00eda de moda, actualmente se ha centrado en su pasi\u00f3n: la fotograf\u00eda de viajes, haciendo trabajos de car\u00e1cter documental.<\/em><\/span><\/p>\n<p style=\"text-align: justify;\"><br data-reactid=\".bf.1:3:1:$comment518055944980988_518090004977582:0.0.$right.0.$left.0.0.0:$comment-body.0.$end:0:$1:0\" \/><span style=\"color: #ffffff;\"><em>Ha expuesto su obra en diferentes ciudades como Madrid, Barcelona, Sevilla, C\u00e1diz, Valencia, Eibar, Marrakech, Chefchaouen, Lisboa, Glasgow, Par\u00eds, Etretat, etc. Publicando su trabajos en revistas especializadas, tanto en Espa\u00f1a, Am\u00e9rica del Sur, y Marruecos.<\/em><\/span><br data-reactid=\".bf.1:3:1:$comment518055944980988_518090004977582:0.0.$right.0.$left.0.0.0:$comment-body.0.$end:0:$3:0\" \/><br data-reactid=\".bf.1:3:1:$comment518055944980988_518090004977582:0.0.$right.0.$left.0.0.0:$comment-body.0.$end:0:$5:0\" \/><span style=\"color: #ffffff;\"><em>En Marzo del 2010 expuso sus trabajos sobre Chaouen en el Encuentro de OUTA el HAMMAN (Chaouen, Marruecos), recibiendo el reconocimiento por parte de Director de la Ciudad Universitaria de Tetu\u00e1n.<\/em><\/span><br data-reactid=\".bf.1:3:1:$comment518055944980988_518090004977582:0.0.$right.0.$left.0.0.0:$comment-body.0.$end:0:$7:0\" \/><br data-reactid=\".bf.1:3:1:$comment518055944980988_518090004977582:0.0.$right.0.$left.0.0.0:$comment-body.0.$end:0:$9:0\" \/><span style=\"color: #ffffff;\"><em>En mayo de 2011, presento el libro Institucional del Ayuntamiento de Chefchaouen, \u201cAl borde de un poema\u201d, donde le acompa\u00f1an versos de Abdelkarim Tabbal, uno de los mejores poetas de Marruecos. De este modo, la imagen se al\u00eda con la palabra complement\u00e1ndose en un manifiesto de costumbres y cultura del pueblo xaun\u00ed. Dando as\u00ed muestra de su belleza a trav\u00e9s de la contemplaci\u00f3n cotidiana del color, la luz y la vida.<\/em><\/span><br data-reactid=\".bf.1:3:1:$comment518055944980988_518090004977582:0.0.$right.0.$left.0.0.0:$comment-body.0.$end:0:$11:0\" \/><br data-reactid=\".bf.1:3:1:$comment518055944980988_518090004977582:0.0.$right.0.$left.0.0.0:$comment-body.0.$end:0:$13:0\" \/><span style=\"color: #ffffff;\"><em>El trabajo de Botaro es conseguir captar esta esencia, como muestran sus palabras: \u201cLa fotograf\u00eda congela un momento de la vida, pero ofrece varias emociones e interminables sensaciones a cada persona que las mira. Cuando viajo, busco esa fotograf\u00eda\u201d.<\/em><\/span><\/p>\n<p style=\"text-align: justify;\"><br data-reactid=\".bf.1:3:1:$comment518055944980988_518090004977582:0.0.$right.0.$left.0.0.0:$comment-body.0.$end:0:$15:0\" \/><span style=\"color: #ffffff;\"><em>Fotograf\u00edas que se transforman en una muestra de identidad donde a trav\u00e9s de su mirada nos transporta a instantes congelados de un legado de riqueza cultural, ra\u00edces, misterio y hospitalidad<\/em><\/span><\/p>\n<p style=\"text-align: justify;\"><em><span style=\"color: #ffffff;\">Ha participado en talleres y festivales\u00a0fotogr\u00e1ficos\u00a0 entre ello el del Festival de la Imatge de Calella, Barcelona, el I International Photography Festival Chefchaouen 2013, durante el acto del festival, fue nombrado por el alcalde Mohamend Sefiani del Ayuntamiento de Chefchaouen &#8216;Ciudadano de Honor&#8217; con las siguientes palabras: \u00abEl presidente de la comunidad urbana de chefchaouen tiene el honor de conceder el &#8216;Ciudadano de Honor&#8217; al artista Jes\u00fas Botaro, en reconocimiento a su apoyo y sincero amor por Xaouen y su gente\u00bb, en Septiembre participo en \u201cles rencontres de la photo, Chabeuil 2013\u201d, Francia. Y en una exposici\u00f3n colectiva en el CCB de Lisboa.<\/span><\/em><\/p>\n<p>\u00a0Una enriquecedora experiencia de la que pod\u00e9is disfrutar en unos d\u00edas!!<\/p>\n<p>&nbsp;<\/p>\n","protected":false},"excerpt":{"rendered":"<p>Se aproxima la fecha de la Tertulia y para ello tenemos un invitado muy interesante, Jes\u00fas Botaro (en la actualidad especializado en fotograf\u00eda de viajes). No faltes, y conoce de primera mano sus experiencias, su trayectoria, sus modos de trabajar, sus proyectos&#8230; Te esperamos en Caf\u00e9-Bar\u00a0Moz\u00e1rabes\u00a0(calle Moz\u00e1rabes) el jueves 3 de abril, a las 19.30 h.\u00a0 Jes\u00fas Botaro nos remite esta informaci\u00f3n que tambi\u00e9n comparte en su web: \u00abNaci\u00f3 en<\/p>\n<div class=\"belowpost\"><a class=\"btnmore\" href=\"https:\/\/www.huelvaysusfotografos.com\/?p=3218\">Seguir leyendo<\/a><\/div>\n","protected":false},"author":41,"featured_media":3270,"comment_status":"open","ping_status":"open","sticky":false,"template":"","format":"standard","meta":{"footnotes":"","_links_to":"","_links_to_target":""},"categories":[3],"tags":[],"class_list":["post-3218","post","type-post","status-publish","format-standard","has-post-thumbnail","hentry","category-noticias"],"_links":{"self":[{"href":"https:\/\/www.huelvaysusfotografos.com\/index.php?rest_route=\/wp\/v2\/posts\/3218","targetHints":{"allow":["GET"]}}],"collection":[{"href":"https:\/\/www.huelvaysusfotografos.com\/index.php?rest_route=\/wp\/v2\/posts"}],"about":[{"href":"https:\/\/www.huelvaysusfotografos.com\/index.php?rest_route=\/wp\/v2\/types\/post"}],"author":[{"embeddable":true,"href":"https:\/\/www.huelvaysusfotografos.com\/index.php?rest_route=\/wp\/v2\/users\/41"}],"replies":[{"embeddable":true,"href":"https:\/\/www.huelvaysusfotografos.com\/index.php?rest_route=%2Fwp%2Fv2%2Fcomments&post=3218"}],"version-history":[{"count":8,"href":"https:\/\/www.huelvaysusfotografos.com\/index.php?rest_route=\/wp\/v2\/posts\/3218\/revisions"}],"predecessor-version":[{"id":3739,"href":"https:\/\/www.huelvaysusfotografos.com\/index.php?rest_route=\/wp\/v2\/posts\/3218\/revisions\/3739"}],"wp:featuredmedia":[{"embeddable":true,"href":"https:\/\/www.huelvaysusfotografos.com\/index.php?rest_route=\/wp\/v2\/media\/3270"}],"wp:attachment":[{"href":"https:\/\/www.huelvaysusfotografos.com\/index.php?rest_route=%2Fwp%2Fv2%2Fmedia&parent=3218"}],"wp:term":[{"taxonomy":"category","embeddable":true,"href":"https:\/\/www.huelvaysusfotografos.com\/index.php?rest_route=%2Fwp%2Fv2%2Fcategories&post=3218"},{"taxonomy":"post_tag","embeddable":true,"href":"https:\/\/www.huelvaysusfotografos.com\/index.php?rest_route=%2Fwp%2Fv2%2Ftags&post=3218"}],"curies":[{"name":"wp","href":"https:\/\/api.w.org\/{rel}","templated":true}]}}