{"id":3167,"date":"2014-03-24T22:31:54","date_gmt":"2014-03-24T21:31:54","guid":{"rendered":"http:\/\/www.huelvaysusfotografos.com\/?p=3167"},"modified":"2014-07-08T21:37:21","modified_gmt":"2014-07-08T20:37:21","slug":"karl-blossfeldt-poeta-visual","status":"publish","type":"post","link":"https:\/\/www.huelvaysusfotografos.com\/?p=3167","title":{"rendered":"KARL BLOSSFELDT, poeta visual"},"content":{"rendered":"<p style=\"text-align: justify;\">Hace unos 10 a\u00f1os, ojeando los stands de una Feria del Libro en Huelva, encontr\u00e9 uno de un fot\u00f3grafo que no conoc\u00eda hasta el momento, pero que su trabajo, sus im\u00e1genes me cautivaron. Era un libro de formato peque\u00f1o de \u00a0la editorial Taschen, que mostraba fotograf\u00edas de plantas en blanco y negro. Eran im\u00e1genes muy sofisticadas, \u00a0caprichos de la naturaleza muy bien captados. As\u00ed que me compr\u00e9 el libro.<\/p>\n<p style=\"text-align: justify;\">El fot\u00f3grafo de aquellas bellas im\u00e1genes era <span style=\"color: #ffffff;\"><strong>Karl Blossfeldt<\/strong><\/span> (1865-1932), un apasionado alem\u00e1n atra\u00eddo por la ornamentaci\u00f3n y las posibilidades fotogr\u00e1ficas que le ofrec\u00eda la naturaleza. Se inici\u00f3 en el mundo art\u00edstico estudiando escultura, continuando sus estudios en la Escuela de Artes Aplicadas de Berl\u00edn, donde m\u00e1s tarde ser\u00eda profesor.<\/p>\n<figure id=\"attachment_3172\" aria-describedby=\"caption-attachment-3172\" style=\"width: 443px\" class=\"wp-caption aligncenter\"><a href=\"https:\/\/www.huelvaysusfotografos.com\/wp-content\/uploads\/2014\/03\/karl_blossfeldt_48.jpg\"><img loading=\"lazy\" decoding=\"async\" class=\" wp-image-3172  \" src=\"https:\/\/www.huelvaysusfotografos.com\/wp-content\/uploads\/2014\/03\/karl_blossfeldt_48-738x1024.jpg\" alt=\"Aconitum. Ac\u00f3nito. Joven v\u00e1stago. Fotograf\u00eda de Karl Blossfeldt\" width=\"443\" height=\"614\" \/><\/a><figcaption id=\"caption-attachment-3172\" class=\"wp-caption-text\">A<span style=\"color: #000000;\">conitum. Ac\u00f3nito. Joven v\u00e1stago. Fotograf\u00eda de Karl Blossfeldt<\/span><\/figcaption><\/figure>\n<figure id=\"attachment_3171\" aria-describedby=\"caption-attachment-3171\" style=\"width: 458px\" class=\"wp-caption aligncenter\"><a href=\"https:\/\/www.huelvaysusfotografos.com\/wp-content\/uploads\/2014\/03\/karl_blossfeldt_50.jpg\"><img loading=\"lazy\" decoding=\"async\" class=\" wp-image-3171 \" src=\"https:\/\/www.huelvaysusfotografos.com\/wp-content\/uploads\/2014\/03\/karl_blossfeldt_50-764x1024.jpg\" alt=\"Adiantum Pedatum. Adianto Pedato, culantrillo. Joven fronda enrollada. Fotograf\u00eda de Karl Blossfeldt (50)\" width=\"458\" height=\"614\" srcset=\"https:\/\/www.huelvaysusfotografos.com\/wp-content\/uploads\/2014\/03\/karl_blossfeldt_50-764x1024.jpg 764w, https:\/\/www.huelvaysusfotografos.com\/wp-content\/uploads\/2014\/03\/karl_blossfeldt_50-224x300.jpg 224w, https:\/\/www.huelvaysusfotografos.com\/wp-content\/uploads\/2014\/03\/karl_blossfeldt_50-768x1029.jpg 768w, https:\/\/www.huelvaysusfotografos.com\/wp-content\/uploads\/2014\/03\/karl_blossfeldt_50.jpg 1000w\" sizes=\"auto, (max-width: 458px) 100vw, 458px\" \/><\/a><figcaption id=\"caption-attachment-3171\" class=\"wp-caption-text\">Adiantum Pedatum. Adianto Pedato, culantrillo. Joven fronda enrollada. \u00a0 \u00a0 \u00a0 \u00a0 \u00a0 \u00a0 \u00a0 \u00a0 \u00a0 \u00a0 \u00a0 \u00a0 \u00a0 \u00a0Fotograf\u00eda de Karl Blossfeldt<\/figcaption><\/figure>\n<p style=\"text-align: justify;\">Es uno de los fot\u00f3grafos del movimiento llamado \u00abNueva Subjetividad\u00bb que se da sobre el 1910-1930. Por lo que he podido leer, esta corriente hu\u00eda de la fotograf\u00eda pictoricista que predominaba por aquellos a\u00f1os. Lo que le interesa es \u00a0centrarse en la perfecci\u00f3n t\u00e9cnica y en el control de la luz. Para ellos lo importante es el objeto fotografiado por eso utilizan mucho los primeros planos eliminando el contexto.<\/p>\n<p>Hoy encuentro este video recopilatorio en Internet, que seguro no os dejar\u00e1 indiferentes. Que disfrut\u00e9is:<\/p>\n<p><iframe loading=\"lazy\" title=\"Karl Blossfeldt\" width=\"680\" height=\"510\" src=\"https:\/\/www.youtube.com\/embed\/IkBFXUAQMbw?feature=oembed\" frameborder=\"0\" allow=\"accelerometer; autoplay; clipboard-write; encrypted-media; gyroscope; picture-in-picture; web-share\" referrerpolicy=\"strict-origin-when-cross-origin\" allowfullscreen><\/iframe><\/p>\n<p>Espero impaciente vuestras impresiones!!<\/p>\n<p>&nbsp;<\/p>\n","protected":false},"excerpt":{"rendered":"<p>Hace unos 10 a\u00f1os, ojeando los stands de una Feria del Libro en Huelva, encontr\u00e9 uno de un fot\u00f3grafo que no conoc\u00eda hasta el momento, pero que su trabajo, sus im\u00e1genes me cautivaron. Era un libro de formato peque\u00f1o de \u00a0la editorial Taschen, que mostraba fotograf\u00edas de plantas en blanco y negro. Eran im\u00e1genes muy sofisticadas, \u00a0caprichos de la naturaleza muy bien captados. As\u00ed que me compr\u00e9 el libro. El<\/p>\n<div class=\"belowpost\"><a class=\"btnmore\" href=\"https:\/\/www.huelvaysusfotografos.com\/?p=3167\">Seguir leyendo<\/a><\/div>\n","protected":false},"author":41,"featured_media":3747,"comment_status":"open","ping_status":"open","sticky":false,"template":"","format":"standard","meta":{"footnotes":"","_links_to":"","_links_to_target":""},"categories":[15],"tags":[],"class_list":["post-3167","post","type-post","status-publish","format-standard","has-post-thumbnail","hentry","category-fotografos"],"_links":{"self":[{"href":"https:\/\/www.huelvaysusfotografos.com\/index.php?rest_route=\/wp\/v2\/posts\/3167","targetHints":{"allow":["GET"]}}],"collection":[{"href":"https:\/\/www.huelvaysusfotografos.com\/index.php?rest_route=\/wp\/v2\/posts"}],"about":[{"href":"https:\/\/www.huelvaysusfotografos.com\/index.php?rest_route=\/wp\/v2\/types\/post"}],"author":[{"embeddable":true,"href":"https:\/\/www.huelvaysusfotografos.com\/index.php?rest_route=\/wp\/v2\/users\/41"}],"replies":[{"embeddable":true,"href":"https:\/\/www.huelvaysusfotografos.com\/index.php?rest_route=%2Fwp%2Fv2%2Fcomments&post=3167"}],"version-history":[{"count":12,"href":"https:\/\/www.huelvaysusfotografos.com\/index.php?rest_route=\/wp\/v2\/posts\/3167\/revisions"}],"predecessor-version":[{"id":3749,"href":"https:\/\/www.huelvaysusfotografos.com\/index.php?rest_route=\/wp\/v2\/posts\/3167\/revisions\/3749"}],"wp:featuredmedia":[{"embeddable":true,"href":"https:\/\/www.huelvaysusfotografos.com\/index.php?rest_route=\/wp\/v2\/media\/3747"}],"wp:attachment":[{"href":"https:\/\/www.huelvaysusfotografos.com\/index.php?rest_route=%2Fwp%2Fv2%2Fmedia&parent=3167"}],"wp:term":[{"taxonomy":"category","embeddable":true,"href":"https:\/\/www.huelvaysusfotografos.com\/index.php?rest_route=%2Fwp%2Fv2%2Fcategories&post=3167"},{"taxonomy":"post_tag","embeddable":true,"href":"https:\/\/www.huelvaysusfotografos.com\/index.php?rest_route=%2Fwp%2Fv2%2Ftags&post=3167"}],"curies":[{"name":"wp","href":"https:\/\/api.w.org\/{rel}","templated":true}]}}