{"id":3159,"date":"2014-04-07T16:51:11","date_gmt":"2014-04-07T15:51:11","guid":{"rendered":"http:\/\/www.huelvaysusfotografos.com\/?p=3159"},"modified":"2014-07-08T11:49:20","modified_gmt":"2014-07-08T10:49:20","slug":"6-de-68","status":"publish","type":"post","link":"https:\/\/www.huelvaysusfotografos.com\/?p=3159","title":{"rendered":"\u00ab6 de 68\u00bb"},"content":{"rendered":"<p style=\"text-align: justify;\">Nos encontramos en el tercer art\u00edculo \u00bb x de 68&#8243;. Hoy dos de nuestros socios se sinceran ante nuestros ojos, nos muestran sus inicios en este apasionado mundo de la fotograf\u00eda, nos cuentan su trayectoria y nos comparten su trabajo. Recordamos que la pretensi\u00f3n de este documento es dar a conocer \u00a0a los 68 socios y socias (hasta ahora) de nuestra Asociaci\u00f3n Huelva y sus Fot\u00f3grafos.<\/p>\n<p style=\"text-align: justify;\">En esta ocasi\u00f3n\u00a0<strong>\u00ab6 de 68\u00bb <\/strong>presenta a Andr\u00e9s Gailt\u00e1n y a Juan Lobo, que nos relatan as\u00ed sus historias.<\/p>\n<h1 style=\"text-align: justify;\">ANDR\u00c9S GAIT\u00c1N<\/h1>\n<p style=\"text-align: justify;\"><em>\u00abTodo comenzo cuando mi amigo Fernando se compro una Zenit 11,el salia de costalero y mientras estaba debajo del paso me dejo su flamante Zenit 11 durante la procesi\u00f3n para que hiciera fotos&#8230;en ese momento algo me dijo que por ah\u00ed deber\u00eda ir mi camino&#8230;finalmente esa Zenit 11 llego a ser m\u00eda gracias a mi amigo Fernando.<\/em><\/p>\n<p style=\"text-align: justify;\"><em>Si me preguntas sobre los fot\u00f3grafos en los cuales me inspiro, realmente no tengo ning\u00fan referente en concreto, miro, veo, observo a muchos pero tal vez el \u00faltimo taller que realice con un fot\u00f3grafo mexicano llamado Erick Reyes marco en parte mi forma de ver la fotograf\u00eda a como yo estaba acostumbrado a verla.<\/em><\/p>\n<p style=\"text-align: justify;\"><em>Espero de la fotograf\u00eda que no deje de llenarme, que siga emocionando a las personas a las cuales tengo el placer de fotografiar y espero que esas personas dentro de varios a\u00f1os, sean felices al verse inmortalizados en esas fotos gracias a mi&#8230; espero seguir disfrutando y que los dem\u00e1s disfruten.<\/em><\/p>\n<p style=\"text-align: justify;\"><em>En cuanto a proyectos cercanos, tengo en mente fotografiar gente, y me gustar\u00eda empezar por fotografiar a los socios de \u00abHuelva y sus Fot\u00f3grafos\u00bb&#8230; retrato puro y duro en blanco y negro&#8230; espero conseguirlo\u00bb.<\/em><\/p>\n<p style=\"text-align: justify;\">Andr\u00e9s nos remite estas tres im\u00e1genes para que podamos disfrutar de su ternura, dulzura y gusto por un trabajo cercano a una caricia:<\/p>\n<figure id=\"attachment_3161\" aria-describedby=\"caption-attachment-3161\" style=\"width: 540px\" class=\"wp-caption aligncenter\"><a href=\"https:\/\/www.huelvaysusfotografos.com\/wp-content\/uploads\/2014\/03\/1608794_10201542146020562_2045998508_n.jpg\"><img loading=\"lazy\" decoding=\"async\" class=\" wp-image-3161 \" alt=\"Fotograf\u00eda de Andr\u00e9s Gait\u00e1n\" src=\"https:\/\/www.huelvaysusfotografos.com\/wp-content\/uploads\/2014\/03\/1608794_10201542146020562_2045998508_n.jpg\" width=\"540\" height=\"360\" srcset=\"https:\/\/www.huelvaysusfotografos.com\/wp-content\/uploads\/2014\/03\/1608794_10201542146020562_2045998508_n.jpg 900w, https:\/\/www.huelvaysusfotografos.com\/wp-content\/uploads\/2014\/03\/1608794_10201542146020562_2045998508_n-300x200.jpg 300w, https:\/\/www.huelvaysusfotografos.com\/wp-content\/uploads\/2014\/03\/1608794_10201542146020562_2045998508_n-768x512.jpg 768w, https:\/\/www.huelvaysusfotografos.com\/wp-content\/uploads\/2014\/03\/1608794_10201542146020562_2045998508_n-120x80.jpg 120w\" sizes=\"auto, (max-width: 540px) 100vw, 540px\" \/><\/a><figcaption id=\"caption-attachment-3161\" class=\"wp-caption-text\"><span style=\"color: #000000;\">Fotograf\u00eda de Andr\u00e9s Gait\u00e1n<\/span><\/figcaption><\/figure>\n<p>&nbsp;<\/p>\n<figure id=\"attachment_3163\" aria-describedby=\"caption-attachment-3163\" style=\"width: 540px\" class=\"wp-caption aligncenter\"><a href=\"https:\/\/www.huelvaysusfotografos.com\/wp-content\/uploads\/2014\/03\/10000035_10201542147820607_743727282_n.jpg\"><img loading=\"lazy\" decoding=\"async\" class=\" wp-image-3163 \" alt=\"Fotograf\u00eda de Andr\u00e9s Gait\u00e1n\" src=\"https:\/\/www.huelvaysusfotografos.com\/wp-content\/uploads\/2014\/03\/10000035_10201542147820607_743727282_n.jpg\" width=\"540\" height=\"360\" srcset=\"https:\/\/www.huelvaysusfotografos.com\/wp-content\/uploads\/2014\/03\/10000035_10201542147820607_743727282_n.jpg 900w, https:\/\/www.huelvaysusfotografos.com\/wp-content\/uploads\/2014\/03\/10000035_10201542147820607_743727282_n-300x200.jpg 300w, https:\/\/www.huelvaysusfotografos.com\/wp-content\/uploads\/2014\/03\/10000035_10201542147820607_743727282_n-768x512.jpg 768w, https:\/\/www.huelvaysusfotografos.com\/wp-content\/uploads\/2014\/03\/10000035_10201542147820607_743727282_n-120x80.jpg 120w\" sizes=\"auto, (max-width: 540px) 100vw, 540px\" \/><\/a><figcaption id=\"caption-attachment-3163\" class=\"wp-caption-text\"><span style=\"color: #000000;\">Fotograf\u00eda de Andr\u00e9s Gait\u00e1n<\/span><\/figcaption><\/figure>\n<p>&nbsp;<\/p>\n<figure id=\"attachment_3162\" aria-describedby=\"caption-attachment-3162\" style=\"width: 540px\" class=\"wp-caption aligncenter\"><a href=\"https:\/\/www.huelvaysusfotografos.com\/wp-content\/uploads\/2014\/03\/1655180_10201542148980636_607261802_n.jpg\"><img loading=\"lazy\" decoding=\"async\" class=\" wp-image-3162 \" alt=\"Fotograf\u00eda de Andr\u00e9s Gait\u00e1n\" src=\"https:\/\/www.huelvaysusfotografos.com\/wp-content\/uploads\/2014\/03\/1655180_10201542148980636_607261802_n.jpg\" width=\"540\" height=\"360\" srcset=\"https:\/\/www.huelvaysusfotografos.com\/wp-content\/uploads\/2014\/03\/1655180_10201542148980636_607261802_n.jpg 900w, https:\/\/www.huelvaysusfotografos.com\/wp-content\/uploads\/2014\/03\/1655180_10201542148980636_607261802_n-300x200.jpg 300w, https:\/\/www.huelvaysusfotografos.com\/wp-content\/uploads\/2014\/03\/1655180_10201542148980636_607261802_n-768x512.jpg 768w, https:\/\/www.huelvaysusfotografos.com\/wp-content\/uploads\/2014\/03\/1655180_10201542148980636_607261802_n-120x80.jpg 120w\" sizes=\"auto, (max-width: 540px) 100vw, 540px\" \/><\/a><figcaption id=\"caption-attachment-3162\" class=\"wp-caption-text\"><span style=\"color: #000000;\">Fotograf\u00eda de Andr\u00e9s Gait\u00e1n<\/span><\/figcaption><\/figure>\n<p>&nbsp;<\/p>\n<h1>JUAN LOBO<\/h1>\n<p><em>\u00abDesde chico me ha llamado siempre la atenci\u00f3n la fotograf\u00eda.\u00a0Mi mente me lleva a una c\u00e1mara enfundada en cuero, es probable que fuera una OLYMPUS. Recuerdo el miedo que ten\u00edamos cuando pon\u00edamos el carrete, \u00abni\u00f1o, ponte a la oscuridad, que no le de la luz, que se vela\u00bb, frase que nunca olvidaremos aquellos que conocimos aquella \u00e9poca.\u00a0No ten\u00edamos ni idea de c\u00f3mo usarla, pero \u2026 la sensaci\u00f3n de hacer fotos era fant\u00e1stica, pero incluso \u2026 el momento de ir a recoger el carrete a la tienda \u2026 era sublime, \u00a1qu\u00e9 intriga! \u00bfcu\u00e1ntas habr\u00e1n salido bien?<\/em><\/p>\n<p style=\"text-align: justify;\"><em>Con el tiempo fuimos cambiando de c\u00e1maras, cada vez pesaban menos y parec\u00edan peores, pero \u2026 segu\u00eda el misterio en cada foto y revelado. Qu\u00e9 momentos, ir con el papelito amarillo con ese n\u00famero tan largo a la tienda a recoger tus fotos \u2026.<\/em><\/p>\n<p style=\"text-align: justify;\"><em>Por fin, llegamos a la era digital, \u00a1ostras, que cambio!, ver la foto al momento y \u2026 \u00bfphotoshop? uffff qu\u00e9 complicado parece.<\/em><\/p>\n<p style=\"text-align: justify;\"><em>As\u00ed, entre altibajos de afici\u00f3n \u2026 un \u00edntimo amigo \u2026 peg\u00f3 el gran salto a una c\u00e1mara profesional, una NIKON \u2026. \u00a1\u00a1otras que bicho!!, y \u2026 nuevamente \u2026 se encendi\u00f3 la llama, \u00a1yo quiero una!, y \u2026 despu\u00e9s de leer y leer .. y foro y foro \u2026 termin\u00e9 compr\u00e1ndome una CANON, me cost\u00f3 bastante dinero, pero \u2026 nunca me he arrepentido.\u00a0Con el gran salto a las tecnolog\u00edas, comenz\u00f3 mi era de autodidacta, much\u00edsimos foros, webs, libros \u2026 incluso este gran amigo me \u00abarrastr\u00f3\u00bb a la \u00abEscuela de arte de Huelva\u00bb y \u2026 as\u00ed \u2026 compagin\u00e1ndolo con nuestros trabajos \u2026 decidimos aprender un poco m\u00e1s.<\/em><\/p>\n<p style=\"text-align: justify;\"><em>As\u00ed .. hasta la fecha de hoy, con la mente abierta sobre todo, algo fundamental en este arte.<\/em><\/p>\n<p style=\"text-align: justify;\"><em>Como todo el mundo, cuando comenc\u00e9 a fotografiar \u2026 \u00abapuntaba\u00bb a todo lo que se pon\u00eda delante, pero \u2026 no tard\u00e9 mucho en fotografiar a las personas, siempre me llamaba la atenci\u00f3n los gestos, expresiones, los ojos \u2026 por lo que nunca he dudado que mis preferencias era el retrato, pero \u2026 tampoco he cerrado las puertas a lo dem\u00e1s, ser\u00eda de \u00abtontos\u00bb no ver la maravilla en un paisaje, un detalle, una sombra \u2026<\/em><\/p>\n<p style=\"text-align: justify;\"><em>Dentro del retrato, considero que hay multitud de ramas y siempre me he inclinado por Helmut Newton, para m\u00ed \u2026 el maestro de los maestros. Obviamente, hay grandes fot\u00f3grafos en la historia, pero Newton es el que m\u00e1s me ha llamado la atenci\u00f3n. Hoy en d\u00eda \u2026 hay excelentes profesionales, como por ejemplo en el extranjero Annie Leibovitz y otros m\u00e1s cercanos como Txema Yeste, Javier Vallhonrat y porqu\u00e9 no, el sevillano Francisco Guerrero.<\/em><\/p>\n<p style=\"text-align: justify;\"><em>Considero a la fotograf\u00eda como una novia, donde tenemos nuestros altibajos, momentos de gran pasi\u00f3n y nuestros momentos de indiferencia y pasotismo.\u00a0<\/em><em>Soy un gran fantasioso, siempre lo he sido, se me ocurren multitud de proyectos, pero \u2026 mi situaci\u00f3n laboral y sobre todo econ\u00f3mica \u2026 me impiden realizarlos. Es complicado hoy en d\u00eda , todo cuesta dinero, y lo que no cuesta dinero \u2026 te cuesta tiempo y disgustos.\u00a0<\/em><em>Me gustar\u00eda seguir aprendiendo, y sobre todo hacer lo que quiera, pero \u2026 s\u00e9 que es muy complicado o pr\u00e1cticamente imposible\u00bb.<\/em><\/p>\n<p style=\"text-align: justify;\">Pues esta ha sido la vivencia de nuestro compa\u00f1ero Juan Lobo, que vive y traslada a sus im\u00e1genes un derroche explosivo de sensualidad y pasi\u00f3n. Os dejamos aqu\u00ed las im\u00e1genes que ha \u00a0querido compartir con nosotros:<\/p>\n<figure id=\"attachment_3292\" aria-describedby=\"caption-attachment-3292\" style=\"width: 392px\" class=\"wp-caption aligncenter\"><a href=\"https:\/\/www.huelvaysusfotografos.com\/wp-content\/uploads\/2014\/04\/1978340_10202079020159432_1309847988_o.jpg\"><img loading=\"lazy\" decoding=\"async\" class=\" wp-image-3292 \" alt=\"Fotograf\u00eda de Juan Lobo \" src=\"https:\/\/www.huelvaysusfotografos.com\/wp-content\/uploads\/2014\/04\/1978340_10202079020159432_1309847988_o-654x1024.jpg\" width=\"392\" height=\"614\" \/><\/a><figcaption id=\"caption-attachment-3292\" class=\"wp-caption-text\">Fotograf\u00eda de Juan Lobo<\/figcaption><\/figure>\n<p>&nbsp;<\/p>\n<figure id=\"attachment_3290\" aria-describedby=\"caption-attachment-3290\" style=\"width: 540px\" class=\"wp-caption aligncenter\"><a href=\"https:\/\/www.huelvaysusfotografos.com\/wp-content\/uploads\/2014\/04\/1291422_10202079017599368_1931922094_o.jpg\"><img loading=\"lazy\" decoding=\"async\" class=\" wp-image-3290   \" alt=\"Fotograf\u00eda de Juan Lobo \" src=\"https:\/\/www.huelvaysusfotografos.com\/wp-content\/uploads\/2014\/04\/1291422_10202079017599368_1931922094_o-1024x637.jpg\" width=\"540\" height=\"337\" srcset=\"https:\/\/www.huelvaysusfotografos.com\/wp-content\/uploads\/2014\/04\/1291422_10202079017599368_1931922094_o-1024x637.jpg 1024w, https:\/\/www.huelvaysusfotografos.com\/wp-content\/uploads\/2014\/04\/1291422_10202079017599368_1931922094_o-300x187.jpg 300w, https:\/\/www.huelvaysusfotografos.com\/wp-content\/uploads\/2014\/04\/1291422_10202079017599368_1931922094_o-768x478.jpg 768w, https:\/\/www.huelvaysusfotografos.com\/wp-content\/uploads\/2014\/04\/1291422_10202079017599368_1931922094_o-1536x956.jpg 1536w, https:\/\/www.huelvaysusfotografos.com\/wp-content\/uploads\/2014\/04\/1291422_10202079017599368_1931922094_o.jpg 2048w\" sizes=\"auto, (max-width: 540px) 100vw, 540px\" \/><\/a><figcaption id=\"caption-attachment-3290\" class=\"wp-caption-text\"><span style=\"color: #000000;\">Fotograf\u00eda de Juan Lobo<\/span><\/figcaption><\/figure>\n<p>&nbsp;<\/p>\n<figure id=\"attachment_3291\" aria-describedby=\"caption-attachment-3291\" style=\"width: 553px\" class=\"wp-caption aligncenter\"><a href=\"https:\/\/www.huelvaysusfotografos.com\/wp-content\/uploads\/2014\/04\/1614307_10202079018399388_1899917556_o.jpg\"><img loading=\"lazy\" decoding=\"async\" class=\" wp-image-3291   \" alt=\"Fotograf\u00eda de Juan Lobo \" src=\"https:\/\/www.huelvaysusfotografos.com\/wp-content\/uploads\/2014\/04\/1614307_10202079018399388_1899917556_o-1024x918.jpg\" width=\"553\" height=\"496\" srcset=\"https:\/\/www.huelvaysusfotografos.com\/wp-content\/uploads\/2014\/04\/1614307_10202079018399388_1899917556_o-1024x918.jpg 1024w, https:\/\/www.huelvaysusfotografos.com\/wp-content\/uploads\/2014\/04\/1614307_10202079018399388_1899917556_o-300x269.jpg 300w, https:\/\/www.huelvaysusfotografos.com\/wp-content\/uploads\/2014\/04\/1614307_10202079018399388_1899917556_o-768x689.jpg 768w, https:\/\/www.huelvaysusfotografos.com\/wp-content\/uploads\/2014\/04\/1614307_10202079018399388_1899917556_o-1536x1377.jpg 1536w, https:\/\/www.huelvaysusfotografos.com\/wp-content\/uploads\/2014\/04\/1614307_10202079018399388_1899917556_o.jpg 2048w\" sizes=\"auto, (max-width: 553px) 100vw, 553px\" \/><\/a><figcaption id=\"caption-attachment-3291\" class=\"wp-caption-text\"><span style=\"color: #000000;\">Fotograf\u00eda de Juan Lobo<\/span><\/figcaption><\/figure>\n<p>&nbsp;<\/p>\n<p>Pronto conoceremos a m\u00e1s socios que se han sumado a esta propuestas.<\/p>\n<p>Saludos!<\/p>\n<p>&nbsp;<\/p>\n","protected":false},"excerpt":{"rendered":"<p>Nos encontramos en el tercer art\u00edculo \u00bb x de 68&#8243;. Hoy dos de nuestros socios se sinceran ante nuestros ojos, nos muestran sus inicios en este apasionado mundo de la fotograf\u00eda, nos cuentan su trayectoria y nos comparten su trabajo. Recordamos que la pretensi\u00f3n de este documento es dar a conocer \u00a0a los 68 socios y socias (hasta ahora) de nuestra Asociaci\u00f3n Huelva y sus Fot\u00f3grafos. En esta ocasi\u00f3n\u00a0\u00ab6 de<\/p>\n<div class=\"belowpost\"><a class=\"btnmore\" href=\"https:\/\/www.huelvaysusfotografos.com\/?p=3159\">Seguir leyendo<\/a><\/div>\n","protected":false},"author":41,"featured_media":3161,"comment_status":"open","ping_status":"open","sticky":false,"template":"","format":"standard","meta":{"footnotes":"","_links_to":"","_links_to_target":""},"categories":[5],"tags":[],"class_list":["post-3159","post","type-post","status-publish","format-standard","has-post-thumbnail","hentry","category-socios"],"_links":{"self":[{"href":"https:\/\/www.huelvaysusfotografos.com\/index.php?rest_route=\/wp\/v2\/posts\/3159","targetHints":{"allow":["GET"]}}],"collection":[{"href":"https:\/\/www.huelvaysusfotografos.com\/index.php?rest_route=\/wp\/v2\/posts"}],"about":[{"href":"https:\/\/www.huelvaysusfotografos.com\/index.php?rest_route=\/wp\/v2\/types\/post"}],"author":[{"embeddable":true,"href":"https:\/\/www.huelvaysusfotografos.com\/index.php?rest_route=\/wp\/v2\/users\/41"}],"replies":[{"embeddable":true,"href":"https:\/\/www.huelvaysusfotografos.com\/index.php?rest_route=%2Fwp%2Fv2%2Fcomments&post=3159"}],"version-history":[{"count":11,"href":"https:\/\/www.huelvaysusfotografos.com\/index.php?rest_route=\/wp\/v2\/posts\/3159\/revisions"}],"predecessor-version":[{"id":3300,"href":"https:\/\/www.huelvaysusfotografos.com\/index.php?rest_route=\/wp\/v2\/posts\/3159\/revisions\/3300"}],"wp:featuredmedia":[{"embeddable":true,"href":"https:\/\/www.huelvaysusfotografos.com\/index.php?rest_route=\/wp\/v2\/media\/3161"}],"wp:attachment":[{"href":"https:\/\/www.huelvaysusfotografos.com\/index.php?rest_route=%2Fwp%2Fv2%2Fmedia&parent=3159"}],"wp:term":[{"taxonomy":"category","embeddable":true,"href":"https:\/\/www.huelvaysusfotografos.com\/index.php?rest_route=%2Fwp%2Fv2%2Fcategories&post=3159"},{"taxonomy":"post_tag","embeddable":true,"href":"https:\/\/www.huelvaysusfotografos.com\/index.php?rest_route=%2Fwp%2Fv2%2Ftags&post=3159"}],"curies":[{"name":"wp","href":"https:\/\/api.w.org\/{rel}","templated":true}]}}