{"id":3145,"date":"2014-03-30T21:09:35","date_gmt":"2014-03-30T20:09:35","guid":{"rendered":"http:\/\/www.huelvaysusfotografos.com\/?p=3145"},"modified":"2014-07-08T11:50:20","modified_gmt":"2014-07-08T10:50:20","slug":"4-de-68","status":"publish","type":"post","link":"https:\/\/www.huelvaysusfotografos.com\/?p=3145","title":{"rendered":"\u00ab4 de 68\u00bb"},"content":{"rendered":"<p>&nbsp;<\/p>\n<p style=\"text-align: justify;\">Continuamos nuestro segundo art\u00edculo \u00bb x de 68&#8243;. Ya dec\u00edamos que con cada uno de \u00e9stos, nos adentraremos un poco m\u00e1s en el mundo fotogr\u00e1fico de nuestros 68 socios y socias, ellos nos contar\u00e1n su trayectoria y nos mostrar\u00e1n algunos de sus trabajos fotogr\u00e1ficos.<\/p>\n<p style=\"text-align: justify;\">En esta ocasi\u00f3n\u00a0<strong>\u00ab4 de 68\u00bb\u00a0<\/strong>incluir\u00e1 a dos compa\u00f1eros, Carmen Torres Chaguaceda y Jos\u00e9 Ram\u00f3n Bustelo, que se presentan de esta manera.<\/p>\n<h1>CARMEN TORRES<\/h1>\n<p style=\"text-align: justify;\">No recuerdo el momento exacto en el que comenc\u00e9 a sentirme atra\u00edda por la fotograf\u00eda, pero si recuerdo cu\u00e1l fue mi primera c\u00e1mara. Fue una bridge Sony dsc-h5, que lleg\u00f3 a mis manos hace 8 a\u00f1os. Con ella empec\u00e9 a disfrutar de la experiencia de recoger todo lo que pasaba a mi alrededor y que me transmit\u00eda sensaciones y emociones.<\/p>\n<p style=\"text-align: justify;\">Pero claro, a medida que profundizaba en mis incipientes conocimientos sobre fotograf\u00eda, las prestaciones que esta c\u00e1mara me ofrec\u00eda y mi deseo de subir un nuevo escal\u00f3n, me llevaron a comprar mi primera r\u00e9flex para principiantes; mi actual Canon 1100D. Actualmente forma parte de mi \u201cequipaje\u201d diario, dig\u00e1moslo as\u00ed.<\/p>\n<p style=\"text-align: justify;\">Autodidacta de formaci\u00f3n (tutoriales a mansalva y ensayo-error), me considero en ese punto en el que voy probando los diferentes g\u00e9neros y estilos para ver en cual me encuentro m\u00e1s c\u00f3moda. En algunos de ellos, confieso que me empiezo a encontrar como en casa. Soy amante de la fotograf\u00eda macro y de detalles, aunque el retrato se va adentrando poco a poco entre mis preferencias. Pero en l\u00edneas generales, me gusta fotografiar todo aquello que me \u201ccuente\u201d algo.<\/p>\n<p style=\"text-align: justify;\">Entre mis fot\u00f3grafos favoritos destacar\u00eda a Chema Madoz <a href=\"http:\/\/www.chemamadoz.com\/\">http:\/\/www.chemamadoz.com\/<\/a> por su magn\u00edfico trabajo en blanco y negro, a \u00a0Dorothea Lange como retratista y fot\u00f3grafa social entre otros.<\/p>\n<p style=\"text-align: justify;\">No se cu\u00e1les ser\u00e1n los derroteros que tomar\u00e1 esta afici\u00f3n m\u00eda por la fotograf\u00eda, pero lo que si se es que ya se ha convertido en un modo imprescindible de comunicaci\u00f3n para mi.<\/p>\n<p style=\"text-align: justify;\">Aunque a mi no me hace falta motivaci\u00f3n para usar mi c\u00e1mara a diario, estoy inmersa desde hace unos d\u00edas en un ya muy conocido entre fot\u00f3grafos \u201c365\u201d, para el que he escogido 52 tem\u00e1ticas en torno a las cuales girar\u00e1n diariamente las fotograf\u00edas que realice. Adem\u00e1s de eso, estoy profundizando en g\u00e9neros concretos como el retrato, en un proyecto com\u00fan con otros compa\u00f1eros, al que a\u00fan estamos dando forma.<\/p>\n<figure id=\"attachment_3148\" aria-describedby=\"caption-attachment-3148\" style=\"width: 614px\" class=\"wp-caption aligncenter\"><a href=\"https:\/\/www.huelvaysusfotografos.com\/wp-content\/uploads\/2014\/03\/1972866_271466703013049_304690235_o.jpg\"><img loading=\"lazy\" decoding=\"async\" class=\" wp-image-3148 \" alt=\"Fotograf\u00eda de Carmen Torres Chaguaceda\" src=\"https:\/\/www.huelvaysusfotografos.com\/wp-content\/uploads\/2014\/03\/1972866_271466703013049_304690235_o.jpg\" width=\"614\" height=\"410\" srcset=\"https:\/\/www.huelvaysusfotografos.com\/wp-content\/uploads\/2014\/03\/1972866_271466703013049_304690235_o.jpg 1024w, https:\/\/www.huelvaysusfotografos.com\/wp-content\/uploads\/2014\/03\/1972866_271466703013049_304690235_o-300x200.jpg 300w, https:\/\/www.huelvaysusfotografos.com\/wp-content\/uploads\/2014\/03\/1972866_271466703013049_304690235_o-768x512.jpg 768w, https:\/\/www.huelvaysusfotografos.com\/wp-content\/uploads\/2014\/03\/1972866_271466703013049_304690235_o-120x80.jpg 120w\" sizes=\"auto, (max-width: 614px) 100vw, 614px\" \/><\/a><figcaption id=\"caption-attachment-3148\" class=\"wp-caption-text\"><span style=\"color: #000000;\">Fotograf\u00eda de Carmen Torres Chaguaceda<\/span><\/figcaption><\/figure>\n<figure id=\"attachment_3149\" aria-describedby=\"caption-attachment-3149\" style=\"width: 614px\" class=\"wp-caption aligncenter\"><a href=\"https:\/\/www.huelvaysusfotografos.com\/wp-content\/uploads\/2014\/03\/1981250_271466679679718_1408192353_o.jpg\"><img loading=\"lazy\" decoding=\"async\" class=\" wp-image-3149 \" alt=\"Fotograf\u00eda de Carmen Torres Chaguaceda\" src=\"https:\/\/www.huelvaysusfotografos.com\/wp-content\/uploads\/2014\/03\/1981250_271466679679718_1408192353_o.jpg\" width=\"614\" height=\"410\" srcset=\"https:\/\/www.huelvaysusfotografos.com\/wp-content\/uploads\/2014\/03\/1981250_271466679679718_1408192353_o.jpg 1024w, https:\/\/www.huelvaysusfotografos.com\/wp-content\/uploads\/2014\/03\/1981250_271466679679718_1408192353_o-300x200.jpg 300w, https:\/\/www.huelvaysusfotografos.com\/wp-content\/uploads\/2014\/03\/1981250_271466679679718_1408192353_o-768x512.jpg 768w, https:\/\/www.huelvaysusfotografos.com\/wp-content\/uploads\/2014\/03\/1981250_271466679679718_1408192353_o-120x80.jpg 120w\" sizes=\"auto, (max-width: 614px) 100vw, 614px\" \/><\/a><figcaption id=\"caption-attachment-3149\" class=\"wp-caption-text\"><span style=\"color: #000000;\">Fotograf\u00eda de Carmen Torres Chaguaceda<\/span><\/figcaption><\/figure>\n<figure id=\"attachment_3150\" aria-describedby=\"caption-attachment-3150\" style=\"width: 614px\" class=\"wp-caption aligncenter\"><a href=\"https:\/\/www.huelvaysusfotografos.com\/wp-content\/uploads\/2014\/03\/10001653_271466739679712_157222779_o.jpg\"><img loading=\"lazy\" decoding=\"async\" class=\" wp-image-3150 \" alt=\"Fotograf\u00eda de Carmen Torres Chaguaceda\" src=\"https:\/\/www.huelvaysusfotografos.com\/wp-content\/uploads\/2014\/03\/10001653_271466739679712_157222779_o.jpg\" width=\"614\" height=\"410\" srcset=\"https:\/\/www.huelvaysusfotografos.com\/wp-content\/uploads\/2014\/03\/10001653_271466739679712_157222779_o.jpg 1024w, https:\/\/www.huelvaysusfotografos.com\/wp-content\/uploads\/2014\/03\/10001653_271466739679712_157222779_o-300x200.jpg 300w, https:\/\/www.huelvaysusfotografos.com\/wp-content\/uploads\/2014\/03\/10001653_271466739679712_157222779_o-768x512.jpg 768w, https:\/\/www.huelvaysusfotografos.com\/wp-content\/uploads\/2014\/03\/10001653_271466739679712_157222779_o-120x80.jpg 120w\" sizes=\"auto, (max-width: 614px) 100vw, 614px\" \/><\/a><figcaption id=\"caption-attachment-3150\" class=\"wp-caption-text\"><span style=\"color: #000000;\">Fotograf\u00eda de Carmen Torres Chaguaceda<\/span><\/figcaption><\/figure>\n<h1><\/h1>\n<h1>JOS\u00c9 RAM\u00d3N BUSTELO<\/h1>\n<p style=\"text-align: justify;\">Mis inicios en la fotograf\u00eda fueron m\u00e1s bien accidentales, porque aunque la vocaci\u00f3n siempre estuvo ah\u00ed, necesit\u00e9 el empuj\u00f3n del regalo de mi primera c\u00e1mara, casi de juguete que a\u00fan conservo, cuando era ni\u00f1o y mi primera r\u00e9flex ya de adulto hace cinco a\u00f1os: una Canon 1000D con su objetivo a juego 18-55. Fue con esto \u00faltimo con lo que de verdad me met\u00ed de lleno.<\/p>\n<p style=\"text-align: justify;\">Desde entonces, comenc\u00e9 a experimentar de manera autodidacta (a\u00fan sigo haci\u00e9ndolo) con el retrato y el reportaje de mis viajes, y tambi\u00e9n con la fotograf\u00eda urbana. Tambi\u00e9n empec\u00e9 a probarme con alg\u00fan que otro concurso, con la intenci\u00f3n de forzarme a trabajar en proyectos concretos. Quiz\u00e1s mi asignatura pendiente en aquel entonces lo sigue siendo hoy\u2026considero que el procesado, a\u00fan siendo algo que me encanta, no termina de reflejar lo que pretendo con algunas fotos, aunque s\u00ed he podido ver a trav\u00e9s de mi archivo una evoluci\u00f3n natural en mis fotos (espero que a mejor&#8230;jeje) y el estudio y pr\u00e1ctica de m\u00e9todos de algunos de los grandes de esto me han ayudado bastante.<\/p>\n<p style=\"text-align: justify;\">En mis inicios, me fij\u00e9 mucho en fot\u00f3grafos \u201cde a pie\u201d. Gente de mi entorno, o galer\u00edas de Flickr de gente pr\u00f3xima muy buena que llevaba mucho m\u00e1s tiempo haciendo fotos y creando sus proyectos. Intentaba imitar sus estilos, hasta ir consiguiendo poco a poco crear (o intentarlo) un estilo m\u00e1s personal. Gente como Victoriano Izquierdo, Bruno Abarca, Alfredo Oliva\u2026M\u00e1s tarde empec\u00e9 a descubrir mis referentes actuales: Cartier-Bresson, Elliott Erwitt, Cristina Garc\u00eda Rodero, Steve McCurry, Annie Leibowitz\u2026 Algunos grandes de la actualidad como Mark Seliger, John Keatley, Joe McNally\u2026, y muchos m\u00e1s que tardar\u00eda en nombrar. Sobre todo retratistas, fotoperiodistas y maestros del reportaje. Sigo alucinando cada a\u00f1o con las recopilaciones del Word Press Photo. Recomiendo encarecidamente ver el trabajo de estos grandes porque siempre son fuente de inspiraci\u00f3n y de motivaci\u00f3n para coger la c\u00e1mara e intentar hacer algo interesante.<\/p>\n<p style=\"text-align: justify;\">De momento me gustar\u00eda seguir disfrutando a nivel aficionado de la fotograf\u00eda y quiz\u00e1s experimentar con t\u00e9cnicas que me dan un poco de respeto como la iluminaci\u00f3n strobist, el macro, las nocturnas\u2026 Me hace mucha ilusi\u00f3n formalizar un poco m\u00e1s mi aprendizaje participando en alg\u00fan curso m\u00e1s avanzado, asistir a m\u00e1s talleres y sobre todo compartir m\u00e1s ratos con gente apasionada por lo mismo que yo a trav\u00e9s de las quedadas, concursos, etc.<\/p>\n<p style=\"text-align: justify;\">De momento tengo en mente participar en alguna exposici\u00f3n colectiva de la Asociaci\u00f3n, y tambi\u00e9n me ronda la cabeza iniciar alg\u00fan proyecto a largo plazo que a\u00fan no tengo muy bien definido. En su d\u00eda inici\u00e9 un blog para probar algo diferente, con la idea de recopilar y documentar alguno de mis viajes y me gustar\u00eda retomarlo. A\u00fan lo tengo abierto, pero no puedo dedicarle el tiempo que me gustar\u00eda. Por si quer\u00e9is ojearlo: <a href=\"http:\/\/www.creativeprojectphoto.wordpress.com\">www.creativeprojectphoto.wordpress.com<\/a><\/p>\n<p style=\"text-align: justify;\">Sigo siendo m\u00e1s o menos activo en las redes sociales porque creo que es una estupenda forma de compartir mi humilde trabajo, y tener la opini\u00f3n de la gente que se para a ver mis fotos, para ayudarme a mejorar.<\/p>\n<p>&nbsp;<\/p>\n<figure id=\"attachment_3151\" aria-describedby=\"caption-attachment-3151\" style=\"width: 614px\" class=\"wp-caption aligncenter\"><a href=\"https:\/\/www.huelvaysusfotografos.com\/wp-content\/uploads\/2014\/03\/1966530_10152220271263617_193443717_o.jpg\"><img loading=\"lazy\" decoding=\"async\" class=\" wp-image-3151 \" alt=\"Fotograf\u00eda de Juan Ram\u00f3n Bustelo\" src=\"https:\/\/www.huelvaysusfotografos.com\/wp-content\/uploads\/2014\/03\/1966530_10152220271263617_193443717_o.jpg\" width=\"614\" height=\"410\" srcset=\"https:\/\/www.huelvaysusfotografos.com\/wp-content\/uploads\/2014\/03\/1966530_10152220271263617_193443717_o.jpg 1024w, https:\/\/www.huelvaysusfotografos.com\/wp-content\/uploads\/2014\/03\/1966530_10152220271263617_193443717_o-300x200.jpg 300w, https:\/\/www.huelvaysusfotografos.com\/wp-content\/uploads\/2014\/03\/1966530_10152220271263617_193443717_o-768x512.jpg 768w, https:\/\/www.huelvaysusfotografos.com\/wp-content\/uploads\/2014\/03\/1966530_10152220271263617_193443717_o-120x80.jpg 120w\" sizes=\"auto, (max-width: 614px) 100vw, 614px\" \/><\/a><figcaption id=\"caption-attachment-3151\" class=\"wp-caption-text\">Fotograf\u00eda de Juan Ram\u00f3n Bustelo<\/figcaption><\/figure>\n<p style=\"text-align: justify;\">La primera es una de las primeras (si no la primera) foto que hice con una r\u00e9flex sin tener ni idea de encuadre, ni de modo manual ni nada de nada, pero a d\u00eda de hoy me sigue gustando mucho y es de las que m\u00e1s comentarios en mi galer\u00eda ha recibido.<\/p>\n<figure id=\"attachment_3153\" aria-describedby=\"caption-attachment-3153\" style=\"width: 614px\" class=\"wp-caption aligncenter\"><a href=\"https:\/\/www.huelvaysusfotografos.com\/wp-content\/uploads\/2014\/03\/10004534_10152220272583617_1394865294_o.jpg\"><img loading=\"lazy\" decoding=\"async\" class=\" wp-image-3153 \" alt=\"Fotograf\u00eda de Juan Ram\u00f3n Bustelo\" src=\"https:\/\/www.huelvaysusfotografos.com\/wp-content\/uploads\/2014\/03\/10004534_10152220272583617_1394865294_o.jpg\" width=\"614\" height=\"420\" srcset=\"https:\/\/www.huelvaysusfotografos.com\/wp-content\/uploads\/2014\/03\/10004534_10152220272583617_1394865294_o.jpg 1024w, https:\/\/www.huelvaysusfotografos.com\/wp-content\/uploads\/2014\/03\/10004534_10152220272583617_1394865294_o-300x205.jpg 300w, https:\/\/www.huelvaysusfotografos.com\/wp-content\/uploads\/2014\/03\/10004534_10152220272583617_1394865294_o-768x525.jpg 768w\" sizes=\"auto, (max-width: 614px) 100vw, 614px\" \/><\/a><figcaption id=\"caption-attachment-3153\" class=\"wp-caption-text\">Fotograf\u00eda de Juan Ram\u00f3n Bustelo<\/figcaption><\/figure>\n<p>La segunda refleja un poco mi gusto por el paisaje urbano y por el blanco y negro. La hice no hace mucho en Bilbao.<\/p>\n<figure id=\"attachment_3152\" aria-describedby=\"caption-attachment-3152\" style=\"width: 614px\" class=\"wp-caption aligncenter\"><a href=\"https:\/\/www.huelvaysusfotografos.com\/wp-content\/uploads\/2014\/03\/1972556_10152220275268617_2089932035_o.jpg\"><img loading=\"lazy\" decoding=\"async\" class=\" wp-image-3152 \" alt=\"Fotograf\u00eda de Juan Ram\u00f3n Bustelo\" src=\"https:\/\/www.huelvaysusfotografos.com\/wp-content\/uploads\/2014\/03\/1972556_10152220275268617_2089932035_o.jpg\" width=\"614\" height=\"410\" srcset=\"https:\/\/www.huelvaysusfotografos.com\/wp-content\/uploads\/2014\/03\/1972556_10152220275268617_2089932035_o.jpg 1024w, https:\/\/www.huelvaysusfotografos.com\/wp-content\/uploads\/2014\/03\/1972556_10152220275268617_2089932035_o-300x200.jpg 300w, https:\/\/www.huelvaysusfotografos.com\/wp-content\/uploads\/2014\/03\/1972556_10152220275268617_2089932035_o-768x512.jpg 768w, https:\/\/www.huelvaysusfotografos.com\/wp-content\/uploads\/2014\/03\/1972556_10152220275268617_2089932035_o-120x80.jpg 120w\" sizes=\"auto, (max-width: 614px) 100vw, 614px\" \/><\/a><figcaption id=\"caption-attachment-3152\" class=\"wp-caption-text\">Fotograf\u00eda de Juan Ram\u00f3n Bustelo<\/figcaption><\/figure>\n<p style=\"text-align: justify;\">Una foto que refleja lo espont\u00e1neo de la fotograf\u00eda urbana. Creo que es la m\u00e1s reciente que tengo.<\/p>\n<p style=\"text-align: justify;\">Hasta aqu\u00ed el trabajo de estos dos grandes aficionados. Animaros a continuar con vuestros proyectos para que podamos disfrutarlos en el futuro.<\/p>\n<p style=\"text-align: justify;\">Y a los lectores, deciros que pr\u00f3ximamente podremos conocer a otros dos socios que han querido sumarse a esta iniciativa.<\/p>\n<p style=\"text-align: justify;\">Gracias por seguirnos!!<\/p>\n<p>&nbsp;<\/p>\n","protected":false},"excerpt":{"rendered":"<p>&nbsp; Continuamos nuestro segundo art\u00edculo \u00bb x de 68&#8243;. Ya dec\u00edamos que con cada uno de \u00e9stos, nos adentraremos un poco m\u00e1s en el mundo fotogr\u00e1fico de nuestros 68 socios y socias, ellos nos contar\u00e1n su trayectoria y nos mostrar\u00e1n algunos de sus trabajos fotogr\u00e1ficos. En esta ocasi\u00f3n\u00a0\u00ab4 de 68\u00bb\u00a0incluir\u00e1 a dos compa\u00f1eros, Carmen Torres Chaguaceda y Jos\u00e9 Ram\u00f3n Bustelo, que se presentan de esta manera. CARMEN TORRES No recuerdo<\/p>\n<div class=\"belowpost\"><a class=\"btnmore\" href=\"https:\/\/www.huelvaysusfotografos.com\/?p=3145\">Seguir leyendo<\/a><\/div>\n","protected":false},"author":41,"featured_media":3153,"comment_status":"open","ping_status":"open","sticky":false,"template":"","format":"standard","meta":{"footnotes":"","_links_to":"","_links_to_target":""},"categories":[5],"tags":[],"class_list":["post-3145","post","type-post","status-publish","format-standard","has-post-thumbnail","hentry","category-socios"],"_links":{"self":[{"href":"https:\/\/www.huelvaysusfotografos.com\/index.php?rest_route=\/wp\/v2\/posts\/3145","targetHints":{"allow":["GET"]}}],"collection":[{"href":"https:\/\/www.huelvaysusfotografos.com\/index.php?rest_route=\/wp\/v2\/posts"}],"about":[{"href":"https:\/\/www.huelvaysusfotografos.com\/index.php?rest_route=\/wp\/v2\/types\/post"}],"author":[{"embeddable":true,"href":"https:\/\/www.huelvaysusfotografos.com\/index.php?rest_route=\/wp\/v2\/users\/41"}],"replies":[{"embeddable":true,"href":"https:\/\/www.huelvaysusfotografos.com\/index.php?rest_route=%2Fwp%2Fv2%2Fcomments&post=3145"}],"version-history":[{"count":10,"href":"https:\/\/www.huelvaysusfotografos.com\/index.php?rest_route=\/wp\/v2\/posts\/3145\/revisions"}],"predecessor-version":[{"id":3658,"href":"https:\/\/www.huelvaysusfotografos.com\/index.php?rest_route=\/wp\/v2\/posts\/3145\/revisions\/3658"}],"wp:featuredmedia":[{"embeddable":true,"href":"https:\/\/www.huelvaysusfotografos.com\/index.php?rest_route=\/wp\/v2\/media\/3153"}],"wp:attachment":[{"href":"https:\/\/www.huelvaysusfotografos.com\/index.php?rest_route=%2Fwp%2Fv2%2Fmedia&parent=3145"}],"wp:term":[{"taxonomy":"category","embeddable":true,"href":"https:\/\/www.huelvaysusfotografos.com\/index.php?rest_route=%2Fwp%2Fv2%2Fcategories&post=3145"},{"taxonomy":"post_tag","embeddable":true,"href":"https:\/\/www.huelvaysusfotografos.com\/index.php?rest_route=%2Fwp%2Fv2%2Ftags&post=3145"}],"curies":[{"name":"wp","href":"https:\/\/api.w.org\/{rel}","templated":true}]}}