{"id":3095,"date":"2014-03-20T22:34:06","date_gmt":"2014-03-20T21:34:06","guid":{"rendered":"http:\/\/www.huelvaysusfotografos.com\/?p=3095"},"modified":"2014-07-08T21:12:08","modified_gmt":"2014-07-08T20:12:08","slug":"huelva-con-solentiname-fotografias-de-julian-perez-y-textos-de-rosa-font","status":"publish","type":"post","link":"https:\/\/www.huelvaysusfotografos.com\/?p=3095","title":{"rendered":"\u00abHuelva con Solentiname\u00bb. Fotograf\u00edas de Juli\u00e1n P\u00e9rez y textos de Rosa Font"},"content":{"rendered":"<p>&nbsp;<\/p>\n<figure id=\"attachment_3096\" aria-describedby=\"caption-attachment-3096\" style=\"width: 560px\" class=\"wp-caption aligncenter\"><a href=\"https:\/\/www.huelvaysusfotografos.com\/wp-content\/uploads\/2014\/03\/1499618_633507826705175_720888799_n.jpg\"><img loading=\"lazy\" decoding=\"async\" class=\" wp-image-3096 \" src=\"https:\/\/www.huelvaysusfotografos.com\/wp-content\/uploads\/2014\/03\/1499618_633507826705175_720888799_n.jpg\" alt=\"Cartel \" width=\"560\" height=\"298\" srcset=\"https:\/\/www.huelvaysusfotografos.com\/wp-content\/uploads\/2014\/03\/1499618_633507826705175_720888799_n.jpg 800w, https:\/\/www.huelvaysusfotografos.com\/wp-content\/uploads\/2014\/03\/1499618_633507826705175_720888799_n-300x159.jpg 300w, https:\/\/www.huelvaysusfotografos.com\/wp-content\/uploads\/2014\/03\/1499618_633507826705175_720888799_n-768x408.jpg 768w\" sizes=\"auto, (max-width: 560px) 100vw, 560px\" \/><\/a><figcaption id=\"caption-attachment-3096\" class=\"wp-caption-text\"><span style=\"color: #000000;\">Cartel de la Exposici\u00f3n y portada del cat\u00e1logo<\/span><\/figcaption><\/figure>\n<p style=\"text-align: justify;\">El pasado lunes 17 de abril, nuestro compa\u00f1ero <span style=\"color: #ffffff;\">Juli\u00e1n P\u00e9rez Y\u00e1nez<\/span> inaugur\u00f3 una Sala de Exposiciones de la Fundaci\u00f3n Cajasol de Huelva, la exposici\u00f3n fotogr\u00e1fica \u00abHuelva con Solentiname\u00bb.\u00a0Esta iniciativa tiene como fin divulgar y a la vez concienciar sobre\u00a0la realidad de\u00a0la poblaci\u00f3n del archipi\u00e9lago Solentiname en Nicaragua, objetivos que seguro se lograr\u00e1n con la sensibilidad y cercan\u00eda de las fotograf\u00edas de Juli\u00e1n aderezadas con los magn\u00edficos textos de la periodista\u00a0<span style=\"color: #ffffff;\"><strong>Mar\u00eda Rosa Font Guerrero<\/strong>,<\/span>.<\/p>\n<figure id=\"attachment_3129\" aria-describedby=\"caption-attachment-3129\" style=\"width: 553px\" class=\"wp-caption aligncenter\"><a href=\"https:\/\/www.huelvaysusfotografos.com\/wp-content\/uploads\/2014\/03\/Huelva-con-Solentiname-Foto-de-Cayetana-Cumbreras.jpg\"><img loading=\"lazy\" decoding=\"async\" class=\" wp-image-3129  \" src=\"https:\/\/www.huelvaysusfotografos.com\/wp-content\/uploads\/2014\/03\/Huelva-con-Solentiname-Foto-de-Cayetana-Cumbreras-1024x682.jpg\" alt=\"Momento de la inauguraci\u00f3n. Fotograf\u00eda de Cayetana Cumbreras\" width=\"553\" height=\"368\" \/><\/a><figcaption id=\"caption-attachment-3129\" class=\"wp-caption-text\"><span style=\"color: #000000;\">Momento de la inauguraci\u00f3n de la Exposici\u00f3n. Fotograf\u00eda de Cayetana Cumbreras<\/span><\/figcaption><\/figure>\n<p style=\"text-align: justify;\">El trabajo fotogr\u00e1fico se realiz\u00f3 en julio del pasado a\u00f1o, cuando Juli\u00e1n y M\u00aa Rosa se acercaron al proyecto de voluntariado internacional que posee Diputaci\u00f3n Provincial y se aventuraron en una iniciativa que hasta un momento no se hab\u00eda realizado en la zona, documentar gr\u00e1ficamente la labor del voluntariado que viene trabajando con la poblaci\u00f3n de Solentiname. Aunque la estancia de ambos protagonistas fue corta, dur\u00f3 lo suficiente como para capturar im\u00e1genes y testimonios tan ricos y de tal calidad como los que nos presentan tanto en la exposici\u00f3n como en el cat\u00e1logo de la misma.<\/p>\n<figure id=\"attachment_3102\" aria-describedby=\"caption-attachment-3102\" style=\"width: 576px\" class=\"wp-caption aligncenter\"><a href=\"https:\/\/www.huelvaysusfotografos.com\/wp-content\/uploads\/2014\/03\/Nicaragua-JP39.jpg\"><img loading=\"lazy\" decoding=\"async\" class=\" wp-image-3102  \" src=\"https:\/\/www.huelvaysusfotografos.com\/wp-content\/uploads\/2014\/03\/Nicaragua-JP39.jpg\" alt=\"Fotograf\u00eda de Juli\u00e1n P\u00e9rez\" width=\"576\" height=\"386\" srcset=\"https:\/\/www.huelvaysusfotografos.com\/wp-content\/uploads\/2014\/03\/Nicaragua-JP39.jpg 800w, https:\/\/www.huelvaysusfotografos.com\/wp-content\/uploads\/2014\/03\/Nicaragua-JP39-300x201.jpg 300w, https:\/\/www.huelvaysusfotografos.com\/wp-content\/uploads\/2014\/03\/Nicaragua-JP39-768x515.jpg 768w, https:\/\/www.huelvaysusfotografos.com\/wp-content\/uploads\/2014\/03\/Nicaragua-JP39-120x80.jpg 120w\" sizes=\"auto, (max-width: 576px) 100vw, 576px\" \/><\/a><figcaption id=\"caption-attachment-3102\" class=\"wp-caption-text\"><span style=\"color: #000000;\">Fotograf\u00eda de Juli\u00e1n P\u00e9rez<\/span><\/figcaption><\/figure>\n<p>&nbsp;<\/p>\n<figure id=\"attachment_3103\" aria-describedby=\"caption-attachment-3103\" style=\"width: 560px\" class=\"wp-caption aligncenter\"><a href=\"https:\/\/www.huelvaysusfotografos.com\/wp-content\/uploads\/2014\/03\/Nicaragua-JP76.jpg\"><img loading=\"lazy\" decoding=\"async\" class=\" wp-image-3103 \" src=\"https:\/\/www.huelvaysusfotografos.com\/wp-content\/uploads\/2014\/03\/Nicaragua-JP76.jpg\" alt=\"Fotograf\u00eda de Juli\u00e1n P\u00e9rez\" width=\"560\" height=\"360\" srcset=\"https:\/\/www.huelvaysusfotografos.com\/wp-content\/uploads\/2014\/03\/Nicaragua-JP76.jpg 800w, https:\/\/www.huelvaysusfotografos.com\/wp-content\/uploads\/2014\/03\/Nicaragua-JP76-300x193.jpg 300w, https:\/\/www.huelvaysusfotografos.com\/wp-content\/uploads\/2014\/03\/Nicaragua-JP76-768x493.jpg 768w\" sizes=\"auto, (max-width: 560px) 100vw, 560px\" \/><\/a><figcaption id=\"caption-attachment-3103\" class=\"wp-caption-text\"><span style=\"color: #000000;\">Fotograf\u00eda de Juli\u00e1n P\u00e9rez<\/span><\/figcaption><\/figure>\n<p style=\"text-align: justify;\"><em>\u00abSolentiname\u00bb es \u00a0una de las zonas m\u00e1s deprimidas de Nicaragua, lo forman 36 peque\u00f1as islas con una superficie total de cuarenta kilometros cuadrados. Cuenta con una poblaci\u00f3n de 700 habitantes que viven de la agricultura, la pesca y la artesan\u00eda, de la que alrededor de un 36% habita en situaci\u00f3n de extrema pobreza\u00bb. (<\/em>Extra\u00eddo de www.teleprensa.es)<\/p>\n<p style=\"text-align: justify;\">Desde 2003, el\u00a0\u00c1rea de Cooperaci\u00f3n Internacional de la Diputaci\u00f3n de Huelva, lleva a cabo un proyecto de desarrollo integral, denominado \u00abHuelva con Solentiname\u00bb, en el que trabaja junto a otras entidades como INCUDEMA (Instituto de Cultura, Democracia y Medio Ambiente), Fundaci\u00f3n Do\u00f1ana 21, ISF Andaluc\u00eda, Diputaci\u00f3n de Huelva, Ayuntamientos de la provincia (Aracena, Almonte y San Juan del Puerto) y la Fundaci\u00f3n Cajasol, por la consecuci\u00f3n de los Objetivos de Desarrollo del Milenio (educaci\u00f3n, desarrollo productivo, agua y saneamiento, fortalecimiento de la sociedad civil &#8211; mujeres y j\u00f3venes-). El proyecto tambi\u00e9n cuenta con el apoyo de la Fundaci\u00f3n Cajasol, con la que mantienen un convenio desde hace a\u00f1os es esa l\u00ednea de trabajo de cooperaci\u00f3n para el desarrollo.<\/p>\n<p style=\"text-align: justify;\">Una exposici\u00f3n muy recomendable para acercarnos a otras realidades no tan lejanas,\u00a0\u00a0<strong><span style=\"color: #ffffff;\">visitable hasta el 28 de marzo de 17:30 a 20:30 horas<\/span> <\/strong>(salvo fines de semana).<\/p>\n","protected":false},"excerpt":{"rendered":"<p>&nbsp; El pasado lunes 17 de abril, nuestro compa\u00f1ero Juli\u00e1n P\u00e9rez Y\u00e1nez inaugur\u00f3 una Sala de Exposiciones de la Fundaci\u00f3n Cajasol de Huelva, la exposici\u00f3n fotogr\u00e1fica \u00abHuelva con Solentiname\u00bb.\u00a0Esta iniciativa tiene como fin divulgar y a la vez concienciar sobre\u00a0la realidad de\u00a0la poblaci\u00f3n del archipi\u00e9lago Solentiname en Nicaragua, objetivos que seguro se lograr\u00e1n con la sensibilidad y cercan\u00eda de las fotograf\u00edas de Juli\u00e1n aderezadas con los magn\u00edficos textos de la<\/p>\n<div class=\"belowpost\"><a class=\"btnmore\" href=\"https:\/\/www.huelvaysusfotografos.com\/?p=3095\">Seguir leyendo<\/a><\/div>\n","protected":false},"author":41,"featured_media":3104,"comment_status":"open","ping_status":"open","sticky":false,"template":"","format":"standard","meta":{"footnotes":"","_links_to":"","_links_to_target":""},"categories":[23,3],"tags":[],"class_list":["post-3095","post","type-post","status-publish","format-standard","has-post-thumbnail","hentry","category-exposiciones","category-noticias"],"_links":{"self":[{"href":"https:\/\/www.huelvaysusfotografos.com\/index.php?rest_route=\/wp\/v2\/posts\/3095","targetHints":{"allow":["GET"]}}],"collection":[{"href":"https:\/\/www.huelvaysusfotografos.com\/index.php?rest_route=\/wp\/v2\/posts"}],"about":[{"href":"https:\/\/www.huelvaysusfotografos.com\/index.php?rest_route=\/wp\/v2\/types\/post"}],"author":[{"embeddable":true,"href":"https:\/\/www.huelvaysusfotografos.com\/index.php?rest_route=\/wp\/v2\/users\/41"}],"replies":[{"embeddable":true,"href":"https:\/\/www.huelvaysusfotografos.com\/index.php?rest_route=%2Fwp%2Fv2%2Fcomments&post=3095"}],"version-history":[{"count":18,"href":"https:\/\/www.huelvaysusfotografos.com\/index.php?rest_route=\/wp\/v2\/posts\/3095\/revisions"}],"predecessor-version":[{"id":3723,"href":"https:\/\/www.huelvaysusfotografos.com\/index.php?rest_route=\/wp\/v2\/posts\/3095\/revisions\/3723"}],"wp:featuredmedia":[{"embeddable":true,"href":"https:\/\/www.huelvaysusfotografos.com\/index.php?rest_route=\/wp\/v2\/media\/3104"}],"wp:attachment":[{"href":"https:\/\/www.huelvaysusfotografos.com\/index.php?rest_route=%2Fwp%2Fv2%2Fmedia&parent=3095"}],"wp:term":[{"taxonomy":"category","embeddable":true,"href":"https:\/\/www.huelvaysusfotografos.com\/index.php?rest_route=%2Fwp%2Fv2%2Fcategories&post=3095"},{"taxonomy":"post_tag","embeddable":true,"href":"https:\/\/www.huelvaysusfotografos.com\/index.php?rest_route=%2Fwp%2Fv2%2Ftags&post=3095"}],"curies":[{"name":"wp","href":"https:\/\/api.w.org\/{rel}","templated":true}]}}