{"id":3084,"date":"2014-03-20T17:37:04","date_gmt":"2014-03-20T16:37:04","guid":{"rendered":"http:\/\/www.huelvaysusfotografos.com\/?p=3084"},"modified":"2014-07-11T19:39:41","modified_gmt":"2014-07-11T18:39:41","slug":"en-abril-workshop-de-retrato","status":"publish","type":"post","link":"https:\/\/www.huelvaysusfotografos.com\/?p=3084","title":{"rendered":"En abril WORKSHOP DE RETRATO"},"content":{"rendered":"<figure id=\"attachment_3085\" aria-describedby=\"caption-attachment-3085\" style=\"width: 252px\" class=\"wp-caption alignleft\"><a href=\"https:\/\/www.huelvaysusfotografos.com\/wp-content\/uploads\/2014\/03\/10147710_668596059853521_435339383_o.jpg\"><img loading=\"lazy\" decoding=\"async\" class=\" wp-image-3085  \" src=\"https:\/\/www.huelvaysusfotografos.com\/wp-content\/uploads\/2014\/03\/10147710_668596059853521_435339383_o.jpg\" alt=\"Cartel del Workshop en Huelva capital\" width=\"252\" height=\"420\" srcset=\"https:\/\/www.huelvaysusfotografos.com\/wp-content\/uploads\/2014\/03\/10147710_668596059853521_435339383_o.jpg 600w, https:\/\/www.huelvaysusfotografos.com\/wp-content\/uploads\/2014\/03\/10147710_668596059853521_435339383_o-180x300.jpg 180w\" sizes=\"auto, (max-width: 252px) 100vw, 252px\" \/><\/a><figcaption id=\"caption-attachment-3085\" class=\"wp-caption-text\">Cartel del Workshop en Huelva capital<\/figcaption><\/figure>\n<p>&nbsp;<\/p>\n<p style=\"text-align: justify;\">Hace algunas semanas Eduardo Jerez de \u00abJEREZ IMAGEN\u00bb contact\u00f3 con nuestra Asociaci\u00f3n para que colabor\u00e1ramos en la difusi\u00f3n de una de sus ofertas formativas para Huelva.<\/p>\n<p style=\"text-align: justify;\">Circula por las redes sociales como la p\u00f3lvora la noticia de \u00abHuelva Photyo Weekend.\u00a0Wordshop de Retrato\u00bb que definitivamente se realizar\u00e1 en el Hotel NH Luz Huelva el d\u00eda<strong><span style=\"text-decoration: underline;\"><span style=\"color: #ffffff; text-decoration: underline;\"> 5 de abril<\/span><\/span><\/strong>\u00a0, de\u00a010:00 a 14:00 horas , y de 16:00 a 19:30 horas.\u00a0La intenci\u00f3n es acercar un poco m\u00e1s los fot\u00f3grafos\u00a0 docentes, a aquellos fot\u00f3grafos que\u00a0 bien por profesi\u00f3n o afici\u00f3n quieran nutrirse del ejemplo o flujo de trabajo de \u00e9stos.<\/p>\n<p style=\"text-align: justify;\">A\u00fan \u00a0hay plazas disponibles. Las personas interesada \u00a0tan s\u00f3lo deber\u00e1n ingresar 60 euros en el n\u00famero de cuenta que encontraras en el enlace siguiente: http:\/\/www.jerezimagen.es\/?p=718.<\/p>\n<p style=\"text-align: justify;\">Seg\u00fan la propia empresa granadina<strong> \u00ab<em>Jerez<\/em><\/strong><em><b> Imagen<\/b>\u00a0gestiona cultura, arte fotogr\u00e1fico en todas y cada una de sus disciplinas, con importantes retos en cuanto a formaci\u00f3n, divulgaci\u00f3n, reciclaje y difusi\u00f3n de la fotograf\u00eda.\u00a0Programamos y producimos, workshop, cursos, seminarios, festivales, conferencias, jornadas.\u00bb <\/em><\/p>\n<p style=\"text-align: justify;\">Desde hace dos a\u00f1os llevan la producci\u00f3n del 1\u00ba Festival de Fotograf\u00eda en el SUR, Photofestival \u00a0en Mijas, M\u00e1laga; Este a\u00f1o comienzan a producir el \u00a0Photo Experience Madrid\u00a0 en Taranc\u00f3n (Cuenca).\u00a0Adem\u00e1s llevan el trabajo de grandes fot\u00f3grafos (Rebeca Saray , Clemente Jim\u00e9nez , Juani Garc\u00eda , Israel Luri , Sergey Ivanov , Ana Cruz, Javier Avis,\u00a0 Jorge Mier-Ter\u00e1n )\u00a0a otros fot\u00f3grafos, y organizan\u00a0\u00a0conferencias para fot\u00f3grafos m\u00e1s reconocidos como Ouka Leele, Cristina Garc\u00eda Rodero , Isabel Mu\u00f1oz, Samuel Aranda , Paco Peregr\u00edn, Hnos Javier y Rafael Ramos.<\/p>\n<p>&nbsp;<\/p>\n<p><b>\u00bf Qu\u00e9 tienen preparado para este Workshop de Retrato ?<\/b><\/p>\n<ul>\n<li>El retrato a lo largo de la historia<\/li>\n<li>La importancia del retrato dentro del proyecto fotogr\u00e1fico.<\/li>\n<li>El acercamiento al personaje.<\/li>\n<li>El personaje y la relaci\u00f3n fot\u00f3grafo-retratado.<\/li>\n<li>Conceptualizaci\u00f3n del retrato.<\/li>\n<li>Estrategias de trabajo.<\/li>\n<li>Expresi\u00f3n corporal y an\u00e1lisis del espacio.<\/li>\n<li>Tu mirada particular del personaje.<\/li>\n<li>La parte t\u00e9cnica del retrato.<\/li>\n<li>Equipo fotogr\u00e1fico.<\/li>\n<li>La iluminaci\u00f3n como recurso.<\/li>\n<li>Enfatizando la personalidad.<\/li>\n<li>Cambio de realidad.<\/li>\n<li>Exteriores y luz natural.<\/li>\n<li>Equilibrando la luz.<\/li>\n<li>Balanceando color en luz de flash con tungsteno\/fluorescente.<\/li>\n<li>La luz especular y el tama\u00f1o aparente.<\/li>\n<li>Luz rebotada.<\/li>\n<li>Retratando contraluces.<\/li>\n<li>Integrando las sombras.<\/li>\n<li>Se realizar\u00e1n pr\u00e1cticas en interior y exterior para un control de la luz adecuado tanto con luz natural, el flash y el balanceado entre ambos.<\/li>\n<li>Revisado de im\u00e1genes obtenidas y optimizaci\u00f3n con programas de edici\u00f3n.<\/li>\n<\/ul>\n<p>&nbsp;<\/p>\n<p><strong>Y adem\u00e1s de la mano de<\/strong><b>\u00a0Jorge Pozuelo<\/b><\/p>\n<p style=\"text-align: justify;\">Nacido en Le\u00f3n en 1977, inici\u00f3 su trayectoria fotogr\u00e1fica en los a\u00f1os 90. Dej\u00f3 su trabajo como T\u00e9cnico en Telecomunicaciones para dedicarse de lleno a una pasi\u00f3n que ten\u00eda de siempre y donde realiz\u00f3 un Master en fotograf\u00eda por la Universidad de Cant\u00e9rbury.<\/p>\n<p style=\"text-align: justify;\">Siempre ha querido buscar el lado m\u00e1s humano en todas sus fotograf\u00edas, jugando con la agresividad visual y el silencio de los espacios para intentar que el espectador forme parte de sus imagenes.<\/p>\n<p style=\"text-align: justify;\">En 2009 se tom\u00f3 un a\u00f1o sab\u00e1tico viajando por el mundo y en el que public\u00f3 \u201cFotograf\u00eda F\u00e1cil\u201d, un libro para hacer asequible todas las reglas fotogr\u00e1ficas a cualquier persona que comience en el mundo de la fotograf\u00eda.<\/p>\n<p style=\"text-align: justify;\">Ha trabajado durante un a\u00f1o como T\u00e9cnico Digital Fotogr\u00e1fico, donde he conocido todos los equipos profesionales digitales y de medio formato del mercado y solucionado problemas de gesti\u00f3n de color a estudios como el de Ricky D\u00e1vila o Isabel Mu\u00f1oz.<\/p>\n<p style=\"text-align: justify;\">Ha realizado trabajos fotogr\u00e1ficos para empresas como Unidental, Philips, Hoteles Silken, Tinkle, Adecco, AD, Truhko Make Up, Gobierno de Qatar, FX Magazine, Smile Life o el Festival de Cuerpos Art\u00edsticos de Espa\u00f1a.<\/p>\n<p style=\"text-align: justify;\">Varias exposiciones fotogr\u00e1ficas en su haber, \u201cBodyArt\u201d, \u201cTattooArt\u201d o \u201cLos muros del silencio\u201d, exposici\u00f3n conjunta de gran repercusi\u00f3n en prensa y TV sobre la c\u00e1rcel de Carabanchel.<\/p>\n<p style=\"text-align: justify;\">Ha realizado un proyecto conjunto con el fotoperiodista Ervin Sarkisov titulado \u201cBack to Life\u201d donde se hizo un seguimiento a personas drogodependientes. Su presentaci\u00f3n fue en el Photofestival AlAndaluz Granada 2011 con doble pase y muy buena acogida. Actualmente sigue en proyecto vigente.<\/p>\n<p>El devenir de los meses le han acercado actualmente a la docencia, donde regenta una Escuela de Fotograf\u00eda en Madrid e intenta inculcar su pasi\u00f3n por la fotograf\u00eda. Tutor especialista para viajes fotogr\u00e1ficos organizados en Marruecos, Cuba, Vietnam y Cambodia, New York, Africa y Europa.<\/p>\n<p>Tambi\u00e9n de manera particular realiza cursos personalizados y especializados a personas que buscan un perfeccionamiento en la materia o tienen que asumir trabajos fotogr\u00e1ficos de gran envergadura. Ha impartido seminarios fotogr\u00e1ficos tanto de iluminaci\u00f3n como de blanco y negro, haciendo de este \u00faltimo una peque\u00f1a obsesi\u00f3n en Madrid, C\u00f3rdoba, Photofestival de Mijas y Barcelona para diferentes asociaciones, ayuntamientos y empresas como Elincrom y Fotocasi\u00f3n.<\/p>\n<p>Miembro de la International Press Association IPA ID n\u00ba 06679<\/p>\n<p>Editorial en 2011 como fotoreportero para la empresa VegaMedia en la ciudad de Doha (Qatar) para la revista \u201cQultura, arts and culture\u201d<\/p>\n<p>En 2010 ha publicado conjuntamente con el colectivo \u201cCazadores de Luz\u201d donde se encuentran muchos de los mejores fot\u00f3grafos espa\u00f1oles actuales, un libro fotogr\u00e1fico para hacer m\u00e1s cercano el arte a todo el mundo.<\/p>\n<ul>\n<li>2008 \u2013 EXPOSICI\u00d3N \u201cLOS MUROS DEL SILENCIO-CARABANCHEL-\u201d MADRID SPAIN<\/li>\n<li>2011 \u2013 EXPOSICI\u00d3N \u201cBODY ART\u201d MADRID SPAIN<\/li>\n<li>2011 \u2013 EXPOSICI\u00d3N \u201cART TATTOO\u201d MADRID SPAIN<\/li>\n<li>2012\u00a0 &#8211; PONENTE EN PHOTOFESTIVAL ( M\u00c1LAGA )<\/li>\n<li>2013 \u2013 EXPOSICI\u00d3N THE AFFORDABLE ART FAIR. BRUSELAS BELGICA<\/li>\n<li>2013 \u2013 EXPOSICI\u00d3N \u201cGALERIA EKLECTICA\u201d MADRID SPAIN<\/li>\n<li>2013 \u2013 EXPOSICI\u00d3N \u201cABBVIE GALLERY FORUM\u201d SAN DIEGO USA<\/li>\n<\/ul>\n<p>&nbsp;<\/p>\n<p>Pues ahora s\u00f3lo queda que te decidas, te inscribas y te sumerjas para disfrutar de la experiencia.<\/p>\n<p>&nbsp;<\/p>\n<p>Os dejamos aqu\u00ed algunos v\u00eddeos y web del trabajo de Jorge Pozuelo:<\/p>\n<p>Ganster : <a href=\"https:\/\/vimeo.com\/39569328\">https:\/\/vimeo.com\/39569328<\/a><\/p>\n<p>Circus: <a href=\"https:\/\/vimeo.com\/28450741\">https:\/\/vimeo.com\/28450741<\/a><\/p>\n<p>Web : <a href=\"http:\/\/www.jorgepozuelo.com\/\">http:\/\/www.jorgepozuelo.com\/<\/a><\/p>\n<p>&nbsp;<\/p>\n","protected":false},"excerpt":{"rendered":"<p>&nbsp; Hace algunas semanas Eduardo Jerez de \u00abJEREZ IMAGEN\u00bb contact\u00f3 con nuestra Asociaci\u00f3n para que colabor\u00e1ramos en la difusi\u00f3n de una de sus ofertas formativas para Huelva. Circula por las redes sociales como la p\u00f3lvora la noticia de \u00abHuelva Photyo Weekend.\u00a0Wordshop de Retrato\u00bb que definitivamente se realizar\u00e1 en el Hotel NH Luz Huelva el d\u00eda 5 de abril\u00a0, de\u00a010:00 a 14:00 horas , y de 16:00 a 19:30 horas.\u00a0La intenci\u00f3n<\/p>\n<div class=\"belowpost\"><a class=\"btnmore\" href=\"https:\/\/www.huelvaysusfotografos.com\/?p=3084\">Seguir leyendo<\/a><\/div>\n","protected":false},"author":41,"featured_media":3779,"comment_status":"open","ping_status":"open","sticky":false,"template":"","format":"standard","meta":{"footnotes":"","_links_to":"","_links_to_target":""},"categories":[3],"tags":[],"class_list":["post-3084","post","type-post","status-publish","format-standard","has-post-thumbnail","hentry","category-noticias"],"_links":{"self":[{"href":"https:\/\/www.huelvaysusfotografos.com\/index.php?rest_route=\/wp\/v2\/posts\/3084","targetHints":{"allow":["GET"]}}],"collection":[{"href":"https:\/\/www.huelvaysusfotografos.com\/index.php?rest_route=\/wp\/v2\/posts"}],"about":[{"href":"https:\/\/www.huelvaysusfotografos.com\/index.php?rest_route=\/wp\/v2\/types\/post"}],"author":[{"embeddable":true,"href":"https:\/\/www.huelvaysusfotografos.com\/index.php?rest_route=\/wp\/v2\/users\/41"}],"replies":[{"embeddable":true,"href":"https:\/\/www.huelvaysusfotografos.com\/index.php?rest_route=%2Fwp%2Fv2%2Fcomments&post=3084"}],"version-history":[{"count":12,"href":"https:\/\/www.huelvaysusfotografos.com\/index.php?rest_route=\/wp\/v2\/posts\/3084\/revisions"}],"predecessor-version":[{"id":3780,"href":"https:\/\/www.huelvaysusfotografos.com\/index.php?rest_route=\/wp\/v2\/posts\/3084\/revisions\/3780"}],"wp:featuredmedia":[{"embeddable":true,"href":"https:\/\/www.huelvaysusfotografos.com\/index.php?rest_route=\/wp\/v2\/media\/3779"}],"wp:attachment":[{"href":"https:\/\/www.huelvaysusfotografos.com\/index.php?rest_route=%2Fwp%2Fv2%2Fmedia&parent=3084"}],"wp:term":[{"taxonomy":"category","embeddable":true,"href":"https:\/\/www.huelvaysusfotografos.com\/index.php?rest_route=%2Fwp%2Fv2%2Fcategories&post=3084"},{"taxonomy":"post_tag","embeddable":true,"href":"https:\/\/www.huelvaysusfotografos.com\/index.php?rest_route=%2Fwp%2Fv2%2Ftags&post=3084"}],"curies":[{"name":"wp","href":"https:\/\/api.w.org\/{rel}","templated":true}]}}