{"id":3069,"date":"2014-03-23T11:51:27","date_gmt":"2014-03-23T10:51:27","guid":{"rendered":"http:\/\/www.huelvaysusfotografos.com\/?p=3069"},"modified":"2014-07-08T11:55:08","modified_gmt":"2014-07-08T10:55:08","slug":"2-de-68","status":"publish","type":"post","link":"https:\/\/www.huelvaysusfotografos.com\/?p=3069","title":{"rendered":"\u00ab2 de 68\u00bb"},"content":{"rendered":"<p>&nbsp;<\/p>\n<p style=\"text-align: justify;\">Vamos a abrir una nueva secci\u00f3n en nuestra Web que hemos llamado \u00bb x de 68&#8243;. Con ella intentaremos acercarnos algo m\u00e1s \u00a0a nuestros 68 socios y socias, a la vez que daremos a conocer p\u00fablicamente algunas impresiones sobre su trayectoria y algunos de sus trabajos fotogr\u00e1ficos.<\/p>\n<p style=\"text-align: justify;\">En esta ocasi\u00f3n <span style=\"color: #ffffff;\"><strong>\u00ab2 de 68\u00bb <\/strong><\/span>incluir\u00e1 a dos compa\u00f1eros, Tom\u00e1s Guil y Adolfo Morales, que se presentan de esta manera.<\/p>\n<h1 style=\"text-align: justify;\"><span style=\"color: #ffffff;\">TOM\u00c1S GUIL<\/span><\/h1>\n<p style=\"text-align: justify;\">Siempre he estado un poco conectado a la fotograf\u00eda por mi profesi\u00f3n (Imagen y Sonido). Pero fue a ra\u00edz de un grave accidente en el ojo cuando me enamor\u00e9 por completo. Tuve que estar muchos meses de baja y me acababa de comprar mi primera r\u00e9flex&#8230;as\u00ed que nos hicimos inseparables&#8230;hasta hoy&#8230;<\/p>\n<p style=\"text-align: justify;\">Mi primera c\u00e1mara fue una Nikon D60. Despu\u00e9s pas\u00e9 a una D90 y por \u00faltimo la Nikon D600. Me gusta un poco de todo&#8230;lo que menos los retratos y lo que m\u00e1s los paisajes, naturaleza y arquitectura (si esta abandonado mejor). Lo que peor llevo es ir a hacer fotos solo&#8230;. No tengo ning\u00fan fot\u00f3grafo preferido. Espero poder encontrar alg\u00fan trabajo relacionado con la fotograf\u00eda. Ahora no tengo ning\u00fan proyecto en marcha.<\/p>\n<figure id=\"attachment_3071\" aria-describedby=\"caption-attachment-3071\" style=\"width: 614px\" class=\"wp-caption aligncenter\"><a href=\"https:\/\/www.huelvaysusfotografos.com\/wp-content\/uploads\/2014\/03\/1617731_491534630951871_398116503_o.jpg\"><img loading=\"lazy\" decoding=\"async\" class=\" wp-image-3071 \" alt=\"Fotograf\u00eda de Tom\u00e1s Guil\" src=\"https:\/\/www.huelvaysusfotografos.com\/wp-content\/uploads\/2014\/03\/1617731_491534630951871_398116503_o-1024x680.jpg\" width=\"614\" height=\"408\" srcset=\"https:\/\/www.huelvaysusfotografos.com\/wp-content\/uploads\/2014\/03\/1617731_491534630951871_398116503_o-1024x680.jpg 1024w, https:\/\/www.huelvaysusfotografos.com\/wp-content\/uploads\/2014\/03\/1617731_491534630951871_398116503_o-300x199.jpg 300w, https:\/\/www.huelvaysusfotografos.com\/wp-content\/uploads\/2014\/03\/1617731_491534630951871_398116503_o-768x510.jpg 768w, https:\/\/www.huelvaysusfotografos.com\/wp-content\/uploads\/2014\/03\/1617731_491534630951871_398116503_o-1536x1020.jpg 1536w, https:\/\/www.huelvaysusfotografos.com\/wp-content\/uploads\/2014\/03\/1617731_491534630951871_398116503_o-120x80.jpg 120w, https:\/\/www.huelvaysusfotografos.com\/wp-content\/uploads\/2014\/03\/1617731_491534630951871_398116503_o.jpg 2048w\" sizes=\"auto, (max-width: 614px) 100vw, 614px\" \/><\/a><figcaption id=\"caption-attachment-3071\" class=\"wp-caption-text\"><span style=\"color: #000000;\">Fotograf\u00eda de Tom\u00e1s Guil<\/span><\/figcaption><\/figure>\n<figure id=\"attachment_3072\" aria-describedby=\"caption-attachment-3072\" style=\"width: 614px\" class=\"wp-caption aligncenter\"><a href=\"https:\/\/www.huelvaysusfotografos.com\/wp-content\/uploads\/2014\/03\/1899484_491534550951879_544632960_o.jpg\"><img loading=\"lazy\" decoding=\"async\" class=\" wp-image-3072 \" alt=\"Fotograf\u00eda de Tom\u00e1s Guil\" src=\"https:\/\/www.huelvaysusfotografos.com\/wp-content\/uploads\/2014\/03\/1899484_491534550951879_544632960_o-1024x600.jpg\" width=\"614\" height=\"360\" \/><\/a><figcaption id=\"caption-attachment-3072\" class=\"wp-caption-text\"><span style=\"color: #000000;\">Fotograf\u00eda de Tom\u00e1s Guil<\/span><\/figcaption><\/figure>\n<figure id=\"attachment_3073\" aria-describedby=\"caption-attachment-3073\" style=\"width: 614px\" class=\"wp-caption aligncenter\"><a href=\"https:\/\/www.huelvaysusfotografos.com\/wp-content\/uploads\/2014\/03\/1966322_491534654285202_1090857387_o.jpg\"><img loading=\"lazy\" decoding=\"async\" class=\" wp-image-3073 \" alt=\"Fotograf\u00eda de Tom\u00e1s Guil\" src=\"https:\/\/www.huelvaysusfotografos.com\/wp-content\/uploads\/2014\/03\/1966322_491534654285202_1090857387_o-1024x683.jpg\" width=\"614\" height=\"410\" \/><\/a><figcaption id=\"caption-attachment-3073\" class=\"wp-caption-text\"><span style=\"color: #000000;\">Fotograf\u00eda de Tom\u00e1s Guil<\/span><\/figcaption><\/figure>\n<h1><span style=\"color: #ffffff;\">ADOLFO MORALES<\/span><\/h1>\n<p style=\"text-align: justify;\">Durante a\u00f1os, en mi juventud, la fotograf\u00eda anal\u00f3gica me estuvo esquiva, una cuesti\u00f3n econ\u00f3mica esencialmente, era un lujo solo al alcance de unos pocos, una cuesti\u00f3n social, aunque al final encontr\u00e9 mi hueco e incluso llegu\u00e9 a tener mi propio laboratorio de blanco y negro junto a otros colegas. Una YASIKA ELECTRO 35 GX Negra, y una ampliadora Krokus fueron suficientes. En mi caso siempre ha prevalecido el indio sobre el arco.<\/p>\n<p style=\"text-align: justify;\">Cuatro circunstancias han marcado mi pasi\u00f3n por este modo de ver las cosas. Una pel\u00edcula que no recuerdo, en la que un fot\u00f3grafo realizaba una instant\u00e1nea en un parque, y en su revelado se descubr\u00eda en un segundo plano la escena de un asesinato. Fascinante. Una exposici\u00f3n en Madrid de un genial artista americano de collages, mi afici\u00f3n al dibujo y haber ca\u00eddo en los brazos de la inform\u00e1tica y sus mecanismos para la edici\u00f3n tan geniales.<\/p>\n<p style=\"text-align: justify;\">Como referente de cabecera sin duda fue David Hamilton (fot\u00f3grafo ingl\u00e9s autodidacta, famoso desde la d\u00e9cada de los 1970 por sus series de retratos de mujeres adolescentes desnudas o semidesnudas) de un excepcional gusto. Sexo y belleza todo en uno.<\/p>\n<p style=\"text-align: justify;\">Esperar de la fotograf\u00eda?, tal vez madurar. Proyectos?, los retos sin red me entusiasman. A medio plazo trabajo en un ejercicio de autor en compa\u00f1\u00eda de otros colegas.<\/p>\n<figure id=\"attachment_3076\" aria-describedby=\"caption-attachment-3076\" style=\"width: 614px\" class=\"wp-caption aligncenter\"><a href=\"https:\/\/www.huelvaysusfotografos.com\/wp-content\/uploads\/2014\/03\/10012351_591153090971652_1296092600_o.jpg\"><img loading=\"lazy\" decoding=\"async\" class=\" wp-image-3076 \" alt=\"Fotograf\u00eda de Adolfo Morales\" src=\"https:\/\/www.huelvaysusfotografos.com\/wp-content\/uploads\/2014\/03\/10012351_591153090971652_1296092600_o.jpg\" width=\"614\" height=\"461\" srcset=\"https:\/\/www.huelvaysusfotografos.com\/wp-content\/uploads\/2014\/03\/10012351_591153090971652_1296092600_o.jpg 1024w, https:\/\/www.huelvaysusfotografos.com\/wp-content\/uploads\/2014\/03\/10012351_591153090971652_1296092600_o-300x225.jpg 300w, https:\/\/www.huelvaysusfotografos.com\/wp-content\/uploads\/2014\/03\/10012351_591153090971652_1296092600_o-768x576.jpg 768w, https:\/\/www.huelvaysusfotografos.com\/wp-content\/uploads\/2014\/03\/10012351_591153090971652_1296092600_o-160x120.jpg 160w\" sizes=\"auto, (max-width: 614px) 100vw, 614px\" \/><\/a><figcaption id=\"caption-attachment-3076\" class=\"wp-caption-text\"><span style=\"color: #000000;\">Fotograf\u00eda de Adolfo Morales<\/span><\/figcaption><\/figure>\n<p>&nbsp;<\/p>\n<figure id=\"attachment_3075\" aria-describedby=\"caption-attachment-3075\" style=\"width: 630px\" class=\"wp-caption aligncenter\"><a href=\"https:\/\/www.huelvaysusfotografos.com\/wp-content\/uploads\/2014\/03\/1973152_591153114304983_1001696842_o.jpg\"><img loading=\"lazy\" decoding=\"async\" class=\" wp-image-3075   \" alt=\"Fotograf\u00eda de Adolfo Morales\" src=\"https:\/\/www.huelvaysusfotografos.com\/wp-content\/uploads\/2014\/03\/1973152_591153114304983_1001696842_o-1024x493.jpg\" width=\"630\" height=\"304\" \/><\/a><figcaption id=\"caption-attachment-3075\" class=\"wp-caption-text\"><span style=\"color: #000000;\">Fotograf\u00eda de Adolfo Morales<\/span><\/figcaption><\/figure>\n<p>&nbsp;<\/p>\n<figure id=\"attachment_3074\" aria-describedby=\"caption-attachment-3074\" style=\"width: 540px\" class=\"wp-caption aligncenter\"><a href=\"https:\/\/www.huelvaysusfotografos.com\/wp-content\/uploads\/2014\/03\/1964662_591153080971653_1704759331_n.jpg\"><img loading=\"lazy\" decoding=\"async\" class=\"size-full wp-image-3074 \" alt=\"Fotograf\u00eda de Adolfo Morales\" src=\"https:\/\/www.huelvaysusfotografos.com\/wp-content\/uploads\/2014\/03\/1964662_591153080971653_1704759331_n.jpg\" width=\"540\" height=\"960\" srcset=\"https:\/\/www.huelvaysusfotografos.com\/wp-content\/uploads\/2014\/03\/1964662_591153080971653_1704759331_n.jpg 540w, https:\/\/www.huelvaysusfotografos.com\/wp-content\/uploads\/2014\/03\/1964662_591153080971653_1704759331_n-169x300.jpg 169w\" sizes=\"auto, (max-width: 540px) 100vw, 540px\" \/><\/a><figcaption id=\"caption-attachment-3074\" class=\"wp-caption-text\"><span style=\"color: #000000;\">Fotograf\u00eda de Adolfo Morales<\/span><\/figcaption><\/figure>\n<p>&nbsp;<\/p>\n<p>Si os parece oportuno pod\u00e9is comentar el trabajo de nuestros dos compa\u00f1eros y socios. En breve os presentaremos nuevas propuestas fotogr\u00e1ficas de los siguientes \u00ab4 de 68\u00bb.<\/p>\n<p>&nbsp;<\/p>\n<p>&nbsp;<\/p>\n<p>&nbsp;<\/p>\n<p>&nbsp;<\/p>\n<p>&nbsp;<\/p>\n<p>&nbsp;<\/p>\n<p>&nbsp;<\/p>\n","protected":false},"excerpt":{"rendered":"<p>&nbsp; Vamos a abrir una nueva secci\u00f3n en nuestra Web que hemos llamado \u00bb x de 68&#8243;. Con ella intentaremos acercarnos algo m\u00e1s \u00a0a nuestros 68 socios y socias, a la vez que daremos a conocer p\u00fablicamente algunas impresiones sobre su trayectoria y algunos de sus trabajos fotogr\u00e1ficos. En esta ocasi\u00f3n \u00ab2 de 68\u00bb incluir\u00e1 a dos compa\u00f1eros, Tom\u00e1s Guil y Adolfo Morales, que se presentan de esta manera. TOM\u00c1S<\/p>\n<div class=\"belowpost\"><a class=\"btnmore\" href=\"https:\/\/www.huelvaysusfotografos.com\/?p=3069\">Seguir leyendo<\/a><\/div>\n","protected":false},"author":41,"featured_media":3071,"comment_status":"open","ping_status":"open","sticky":false,"template":"","format":"standard","meta":{"footnotes":"","_links_to":"","_links_to_target":""},"categories":[5],"tags":[],"class_list":["post-3069","post","type-post","status-publish","format-standard","has-post-thumbnail","hentry","category-socios"],"_links":{"self":[{"href":"https:\/\/www.huelvaysusfotografos.com\/index.php?rest_route=\/wp\/v2\/posts\/3069","targetHints":{"allow":["GET"]}}],"collection":[{"href":"https:\/\/www.huelvaysusfotografos.com\/index.php?rest_route=\/wp\/v2\/posts"}],"about":[{"href":"https:\/\/www.huelvaysusfotografos.com\/index.php?rest_route=\/wp\/v2\/types\/post"}],"author":[{"embeddable":true,"href":"https:\/\/www.huelvaysusfotografos.com\/index.php?rest_route=\/wp\/v2\/users\/41"}],"replies":[{"embeddable":true,"href":"https:\/\/www.huelvaysusfotografos.com\/index.php?rest_route=%2Fwp%2Fv2%2Fcomments&post=3069"}],"version-history":[{"count":12,"href":"https:\/\/www.huelvaysusfotografos.com\/index.php?rest_route=\/wp\/v2\/posts\/3069\/revisions"}],"predecessor-version":[{"id":3142,"href":"https:\/\/www.huelvaysusfotografos.com\/index.php?rest_route=\/wp\/v2\/posts\/3069\/revisions\/3142"}],"wp:featuredmedia":[{"embeddable":true,"href":"https:\/\/www.huelvaysusfotografos.com\/index.php?rest_route=\/wp\/v2\/media\/3071"}],"wp:attachment":[{"href":"https:\/\/www.huelvaysusfotografos.com\/index.php?rest_route=%2Fwp%2Fv2%2Fmedia&parent=3069"}],"wp:term":[{"taxonomy":"category","embeddable":true,"href":"https:\/\/www.huelvaysusfotografos.com\/index.php?rest_route=%2Fwp%2Fv2%2Fcategories&post=3069"},{"taxonomy":"post_tag","embeddable":true,"href":"https:\/\/www.huelvaysusfotografos.com\/index.php?rest_route=%2Fwp%2Fv2%2Ftags&post=3069"}],"curies":[{"name":"wp","href":"https:\/\/api.w.org\/{rel}","templated":true}]}}