{"id":306,"date":"2013-03-04T10:46:12","date_gmt":"2013-03-04T09:46:12","guid":{"rendered":"http:\/\/www.huelvaysusfotografos.com\/?p=306"},"modified":"2013-03-04T11:00:47","modified_gmt":"2013-03-04T10:00:47","slug":"exposicion-fotografica-sentidos","status":"publish","type":"post","link":"https:\/\/www.huelvaysusfotografos.com\/?p=306","title":{"rendered":"Exposici\u00f3n Fotogr\u00e1fica \u00abSentidos\u00bb"},"content":{"rendered":"<p>Exposici\u00f3n fotogr\u00e1fica de desnudos art\u00edsticos\u00a0 que estar\u00e1 hasta el d\u00eda 13 en Company Bar 1900 en Garci Fernandez 10 de Huelva<\/p>\n<p style=\"text-align: center;\"><a title=\"Expo por jcarolvs (m\u00e1squefotos), en Flickr\" href=\"http:\/\/www.flickr.com\/photos\/jcarolvs\/8495263746\/\" target=\"_blank\"><img loading=\"lazy\" decoding=\"async\" class=\"aligncenter\" alt=\"Expo\" src=\"http:\/\/farm9.staticflickr.com\/8100\/8495263746_62acebc36b_o.jpg\" width=\"516\" height=\"687\" \/><\/a><\/p>\n","protected":false},"excerpt":{"rendered":"<p>Exposici\u00f3n fotogr\u00e1fica de desnudos art\u00edsticos\u00a0 que estar\u00e1 hasta el d\u00eda 13 en Company Bar 1900 en Garci Fernandez 10 de Huelva<\/p>\n","protected":false},"author":38,"featured_media":0,"comment_status":"open","ping_status":"open","sticky":false,"template":"","format":"standard","meta":{"footnotes":"","_links_to":"","_links_to_target":""},"categories":[23],"tags":[24,150],"class_list":["post-306","post","type-post","status-publish","format-standard","hentry","category-exposiciones","tag-desnudos","tag-exposiciones"],"_links":{"self":[{"href":"https:\/\/www.huelvaysusfotografos.com\/index.php?rest_route=\/wp\/v2\/posts\/306","targetHints":{"allow":["GET"]}}],"collection":[{"href":"https:\/\/www.huelvaysusfotografos.com\/index.php?rest_route=\/wp\/v2\/posts"}],"about":[{"href":"https:\/\/www.huelvaysusfotografos.com\/index.php?rest_route=\/wp\/v2\/types\/post"}],"author":[{"embeddable":true,"href":"https:\/\/www.huelvaysusfotografos.com\/index.php?rest_route=\/wp\/v2\/users\/38"}],"replies":[{"embeddable":true,"href":"https:\/\/www.huelvaysusfotografos.com\/index.php?rest_route=%2Fwp%2Fv2%2Fcomments&post=306"}],"version-history":[{"count":8,"href":"https:\/\/www.huelvaysusfotografos.com\/index.php?rest_route=\/wp\/v2\/posts\/306\/revisions"}],"predecessor-version":[{"id":317,"href":"https:\/\/www.huelvaysusfotografos.com\/index.php?rest_route=\/wp\/v2\/posts\/306\/revisions\/317"}],"wp:attachment":[{"href":"https:\/\/www.huelvaysusfotografos.com\/index.php?rest_route=%2Fwp%2Fv2%2Fmedia&parent=306"}],"wp:term":[{"taxonomy":"category","embeddable":true,"href":"https:\/\/www.huelvaysusfotografos.com\/index.php?rest_route=%2Fwp%2Fv2%2Fcategories&post=306"},{"taxonomy":"post_tag","embeddable":true,"href":"https:\/\/www.huelvaysusfotografos.com\/index.php?rest_route=%2Fwp%2Fv2%2Ftags&post=306"}],"curies":[{"name":"wp","href":"https:\/\/api.w.org\/{rel}","templated":true}]}}