{"id":3045,"date":"2014-03-19T17:53:26","date_gmt":"2014-03-19T16:53:26","guid":{"rendered":"http:\/\/www.huelvaysusfotografos.com\/?p=3045"},"modified":"2014-07-11T19:28:01","modified_gmt":"2014-07-11T18:28:01","slug":"huelva-se-llena-de-fotos","status":"publish","type":"post","link":"https:\/\/www.huelvaysusfotografos.com\/?p=3045","title":{"rendered":"HUELVA SE LLENA DE FOTOS"},"content":{"rendered":"<p><span style=\"color: #ffffff;\"><b>HAY QUE VER&#8230;<\/b><\/span><\/p>\n<p style=\"text-align: justify;\"><a href=\"https:\/\/www.huelvaysusfotografos.com\/wp-content\/uploads\/2014\/03\/LOGOS-ASOCIACION-7-de-11.jpeg\"><img loading=\"lazy\" decoding=\"async\" class=\"alignleft  wp-image-3051\" src=\"https:\/\/www.huelvaysusfotografos.com\/wp-content\/uploads\/2014\/03\/LOGOS-ASOCIACION-7-de-11.jpeg\" alt=\"LOGOS ASOCIACION (7 de 11)\" width=\"192\" height=\"192\" srcset=\"https:\/\/www.huelvaysusfotografos.com\/wp-content\/uploads\/2014\/03\/LOGOS-ASOCIACION-7-de-11.jpeg 240w, https:\/\/www.huelvaysusfotografos.com\/wp-content\/uploads\/2014\/03\/LOGOS-ASOCIACION-7-de-11-150x150.jpeg 150w, https:\/\/www.huelvaysusfotografos.com\/wp-content\/uploads\/2014\/03\/LOGOS-ASOCIACION-7-de-11-50x50.jpeg 50w, https:\/\/www.huelvaysusfotografos.com\/wp-content\/uploads\/2014\/03\/LOGOS-ASOCIACION-7-de-11-186x186.jpeg 186w\" sizes=\"auto, (max-width: 192px) 100vw, 192px\" \/><\/a><\/p>\n<p style=\"text-align: justify;\">Venimos apuntando que marzo es un mes movidito. Luego decimos que en Huelva no hay nada, o en Huelva no se hace nada. Pero realizando un peque\u00f1o recorrido por las salas de exposiciones y otros lugares , encontramos todo un mar de im\u00e1genes colgadas por sus paredes.<\/p>\n<p style=\"text-align: justify;\">Como aficionados, o profesionales de la fotograf\u00eda, es muy aconsejable ver el trabajo de otros compa\u00f1eros y compa\u00f1eras, es importante apoyar sus proyectos e iniciativas, y por ello os invitamos a que visit\u00e9is y disfrut\u00e9is de las exposiciones que conocemos hay en Huelva.<\/p>\n<p>&nbsp;<\/p>\n<address>\u00a0<\/address>\n<address><b>I EXPOSICI\u00d3N FOTOGR\u00c1FICA BEN\u00c9FICA. COLECTIVA DE LA \u201cASOCIACI\u00d3N HUELVA Y SUS FOT\u00d3GRAFOS\u201d<\/b><\/address>\n<address>Del 17 al 22 de marzo<\/address>\n<address>Organiza: Hermandad del Calvario<\/address>\n<address>Venta de fotograf\u00edas, la Hermandad donar\u00e1 lo recaudado a una ONG<\/address>\n<address>Sala Iberoamericana. Casa Col\u00f3n. Huelva<\/address>\n<address>\u00a0<\/address>\n<address>\u00a0<\/address>\n<address><b>PERSONAS CON DISCAPACIDAD, PERSONAS CAPACES<\/b><\/address>\n<address>Del 11 al 24 de marzo<\/address>\n<address>Organiza ASPAPRONIAS<\/address>\n<address>Patio del Ayuntamiento de Huelva<\/address>\n<p>&nbsp;<\/p>\n<address><b>EN PAR\u00cdS. DE MANU D\u00cdAZ<\/b><\/address>\n<address>Del 13 al 26 de marzo, de 15.00 a 23.00 h.<\/address>\n<address>Ant\u00edpoda Pub. Cartaya\u00a0<\/address>\n<p>&nbsp;<\/p>\n<address><b>HUELVA CON SOLENTINAME. DE ROSAN FONT Y JULI\u00c1N P\u00c9REZ<\/b><\/address>\n<address>Hasta el 28 de marzo, de lunes a viernes de 17.30 a 20.30 h.<\/address>\n<address>Sala de Exposiciones de la Fundaci\u00f3n Cajasol. C\/Plus Ultra 4-6. Huelva<\/address>\n<p>&nbsp;<\/p>\n<address><b>BERL\u00cdN, WE LOVE YOU. F DE SILVIA S\u00c1NCHEZ<\/b><\/address>\n<address>Hasta el 28 de marzo<\/address>\n<address>Lone Star Bar. C\/ Vazquez Lim\u00f3n.\u00a0Huelva<\/address>\n<p>&nbsp;<\/p>\n<address><b>COMIENZA LA PRIMAVERA. DE PACO P\u00c9REZ<\/b><\/address>\n<address>Se inaugura el\u00a0 20 de marzo, a las 21.00 h.<\/address>\n<address>Bar 1900.C\/ Garc\u00cd Fern\u00e1ndez. Huelva<\/address>\n<p>&nbsp;<\/p>\n<address><b>INVISIBLES. DE MAR\u00cdA LARA M\u00c1RQUEZ (CICLO \u00abA BUEN PUERTO\u00bb)<\/b><\/address>\n<address>Hasta el 3 de abril, de lunes a viernes de 9.00 a 14.00 h. Lunes, martes y jueves\u00a0 de 16.00 a 20.00 h.<\/address>\n<address>Instituto Andaluz de la Juventud. C\/Rico, 26<\/address>\n<address>Huelva<\/address>\n<p>&nbsp;<\/p>\n<address><b>EXPOSICI\u00d3N \u201cDESDE MIS OJOS\u201d.\u00a0 DE MAR REVILLA<\/b><\/address>\n<address>Hasta el 5 de abril, de martes a viernes 10.00 a 14.00 y de 17.00 a 20.00 h. S\u00e1bado de 10.00 a 14.00 h.<\/address>\n<address>Entrada gratuita<\/address>\n<address>Centro de Visitantes \u201cHuelva, Puerta del Atl\u00e1ntico\u201d. Avda. Presidente Adolfo Su\u00e1rez 1. Huelva<\/address>\n<address>Informaci\u00f3n: 959 541 817 \u00f3 <a href=\"mailto:turismo@huelva.es\">turismo@huelva.es<\/a><\/address>\n<p>&nbsp;<\/p>\n<address><b>AGUA. DE TXUS ORIA<\/b><\/address>\n<address>Hasta el 8 de abril<\/address>\n<address>Pub Santiam\u00e9n. C\/ Oria Casta\u00f1eda 10. Lepe<\/address>\n<address>\u00a0<\/address>\n<address>\u00a0<\/address>\n<address><b>FOTOGRAF\u00cdAS\u00a0<\/b><\/address>\n<address><b>Alumnos del Ciclo Formativo de Grado Superior de Fotograf\u00eda Art\u00edstica de la <\/b>Escuela de Arte Le\u00f3n Ortega<\/address>\n<address>Hasta el 10 de abril<\/address>\n<address>Palacio de Justicia de Huelva<\/address>\n<p>&nbsp;<\/p>\n<address><b>EXPOSICI\u00d3N \u00abA TRAV\u00c9S DEL CRISTAL. COLECCI\u00d3N DE FOTOGRAF\u00cdAS ESTEREOSC\u00d3PICAS\u00bb.<\/b><br \/>\nDel 19 de marzo al 27 de abril<\/address>\n<address>Entrada gratuita<\/address>\n<address>Organizada por el Archivo Hist\u00f3rico Provincial de Huelva con la colaboraci\u00f3n del Ayto. de Palos de la Frontera y CEPSA<\/address>\n<address>Museo de Huelva<br \/>\nInformaci\u00f3n: 959 650 406 \u00f3\u00a0 <a href=\"mailto:informacion.ahp.hu.ccd@juntadeandalucia.es\">informacion.ahp.hu.ccd@juntadeandalucia.es<\/a><\/address>\n<p>&nbsp;<\/p>\n<address><b>SURREALISMO. DE ANDR\u00c9 BOTO<\/b><\/address>\n<address>Del 29 de marzo al 30 de abril, de 10.00 a 14.00 h. y de 17.00 a 21.00 h.<\/address>\n<address>Teatro Municipal de Lepe<\/address>\n<p>&nbsp;<\/p>\n<address><b>EL ROSTRO DE LAS LEYENDAS. TERRY O\u2019NEILL<\/b><\/address>\n<address>Hasta finales de abril<\/address>\n<address>Sala 3.Museo de Huelva. Avda. Alameda Sundheim 12. Huelva<\/address>\n<address>Informaci\u00f3n: <a href=\"http:\/\/www.museosdeandalucia.es\">http:\/\/www.museosdeandalucia.es<\/a><\/address>\n<p>&nbsp;<\/p>\n<address><b>BLYTHE DOLL. DE MARIV\u00cd TROY<\/b><\/address>\n<address>Hasta finales de abril en horario comercial<\/address>\n<address>Tienda Sneakers31 en Avda. Jos\u00e9 Fari\u00f1as con esquina Avda. A. Federico Molina.\u00a0Huelva<\/address>\n<address>\u00a0<\/address>\n<address>\u00a0<\/address>\n<address><b>TRAS LA BRUMA (EDIMBURGO E INVERNESS)<\/b><\/address>\n<address><strong>Alumnos de 2\u00ba de Imagen del IES Pablo Neruda<\/strong><\/address>\n<address>Del 9 de abril al 4 de mayo, de martes a s\u00e1bado de 10.00 a 20.30 h. Domingos y festivos de 10.00 a 17.00 h. Lunes cerrado<\/address>\n<address>Se inaugura el 9 de abril a las 19.30 h.<\/address>\n<address>Museo de Huelva<\/address>\n<p>&nbsp;<\/p>\n<p>Pues a disfrutar. Se agradecer\u00eda que dejarais \u00a0vuestros comentarios por aqu\u00ed.<\/p>\n<p>&nbsp;<\/p>\n","protected":false},"excerpt":{"rendered":"<p>HAY QUE VER&#8230; Venimos apuntando que marzo es un mes movidito. Luego decimos que en Huelva no hay nada, o en Huelva no se hace nada. Pero realizando un peque\u00f1o recorrido por las salas de exposiciones y otros lugares , encontramos todo un mar de im\u00e1genes colgadas por sus paredes. Como aficionados, o profesionales de la fotograf\u00eda, es muy aconsejable ver el trabajo de otros compa\u00f1eros y compa\u00f1eras, es importante<\/p>\n<div class=\"belowpost\"><a class=\"btnmore\" href=\"https:\/\/www.huelvaysusfotografos.com\/?p=3045\">Seguir leyendo<\/a><\/div>\n","protected":false},"author":41,"featured_media":3773,"comment_status":"open","ping_status":"open","sticky":false,"template":"","format":"standard","meta":{"footnotes":"","_links_to":"","_links_to_target":""},"categories":[23],"tags":[],"class_list":["post-3045","post","type-post","status-publish","format-standard","has-post-thumbnail","hentry","category-exposiciones"],"_links":{"self":[{"href":"https:\/\/www.huelvaysusfotografos.com\/index.php?rest_route=\/wp\/v2\/posts\/3045","targetHints":{"allow":["GET"]}}],"collection":[{"href":"https:\/\/www.huelvaysusfotografos.com\/index.php?rest_route=\/wp\/v2\/posts"}],"about":[{"href":"https:\/\/www.huelvaysusfotografos.com\/index.php?rest_route=\/wp\/v2\/types\/post"}],"author":[{"embeddable":true,"href":"https:\/\/www.huelvaysusfotografos.com\/index.php?rest_route=\/wp\/v2\/users\/41"}],"replies":[{"embeddable":true,"href":"https:\/\/www.huelvaysusfotografos.com\/index.php?rest_route=%2Fwp%2Fv2%2Fcomments&post=3045"}],"version-history":[{"count":9,"href":"https:\/\/www.huelvaysusfotografos.com\/index.php?rest_route=\/wp\/v2\/posts\/3045\/revisions"}],"predecessor-version":[{"id":3774,"href":"https:\/\/www.huelvaysusfotografos.com\/index.php?rest_route=\/wp\/v2\/posts\/3045\/revisions\/3774"}],"wp:featuredmedia":[{"embeddable":true,"href":"https:\/\/www.huelvaysusfotografos.com\/index.php?rest_route=\/wp\/v2\/media\/3773"}],"wp:attachment":[{"href":"https:\/\/www.huelvaysusfotografos.com\/index.php?rest_route=%2Fwp%2Fv2%2Fmedia&parent=3045"}],"wp:term":[{"taxonomy":"category","embeddable":true,"href":"https:\/\/www.huelvaysusfotografos.com\/index.php?rest_route=%2Fwp%2Fv2%2Fcategories&post=3045"},{"taxonomy":"post_tag","embeddable":true,"href":"https:\/\/www.huelvaysusfotografos.com\/index.php?rest_route=%2Fwp%2Fv2%2Ftags&post=3045"}],"curies":[{"name":"wp","href":"https:\/\/api.w.org\/{rel}","templated":true}]}}