{"id":3024,"date":"2014-03-19T18:36:18","date_gmt":"2014-03-19T17:36:18","guid":{"rendered":"http:\/\/www.huelvaysusfotografos.com\/?p=3024"},"modified":"2014-07-08T21:44:07","modified_gmt":"2014-07-08T20:44:07","slug":"la-cara-solidaria-de-huelva-y-sus-fotografos-ii","status":"publish","type":"post","link":"https:\/\/www.huelvaysusfotografos.com\/?p=3024","title":{"rendered":"La cara solidaria de Huelva y sus fot\u00f3grafos (II)"},"content":{"rendered":"<figure id=\"attachment_3025\" aria-describedby=\"caption-attachment-3025\" style=\"width: 276px\" class=\"wp-caption aligncenter\"><a href=\"https:\/\/www.huelvaysusfotografos.com\/wp-content\/uploads\/2014\/03\/1966755_626492534083067_1962341561_n.jpg\"><img loading=\"lazy\" decoding=\"async\" class=\"wp-image-3025 \" src=\"https:\/\/www.huelvaysusfotografos.com\/wp-content\/uploads\/2014\/03\/1966755_626492534083067_1962341561_n.jpg\" alt=\"Cartel de la Exposici\u00f3n Fotogr\u00e1fica Ben\u00e9fica. Hermandad del Calvario\" width=\"276\" height=\"367\" srcset=\"https:\/\/www.huelvaysusfotografos.com\/wp-content\/uploads\/2014\/03\/1966755_626492534083067_1962341561_n.jpg 425w, https:\/\/www.huelvaysusfotografos.com\/wp-content\/uploads\/2014\/03\/1966755_626492534083067_1962341561_n-225x300.jpg 225w\" sizes=\"auto, (max-width: 276px) 100vw, 276px\" \/><\/a><figcaption id=\"caption-attachment-3025\" class=\"wp-caption-text\">Cartel de la Exposici\u00f3n Fotogr\u00e1fica Ben\u00e9fica. Hermandad del Calvario<\/figcaption><\/figure>\n<p>&nbsp;<\/p>\n<p style=\"text-align: justify;\">El pasado lunes 17 de marzo, a las 12:00 horas se inaugur\u00f3 en el Sal\u00f3n Iberoamericano de la Casa Col\u00f3n, la \u00abI EXPOSICI\u00d3N FOTOGR\u00c1FICA BEN\u00c9FICA. HERMANDAD DEL CALVARIO\u00bb, donde 17 fot\u00f3grafos y fot\u00f3grafas de nuestra Asociaci\u00f3n han donado sus im\u00e1genes de manera desinteresada para colaborar en esta iniciativa.<\/p>\n<p style=\"text-align: justify;\">El acto se desarroll\u00f3 con la presencia de D. Antonio Gonz\u00e1lez Garc\u00eda, \u00a0Presidente del Consejo de Hermandades de Huelva; Don Jes\u00fas Vieira, Prioste de la Junta de Gobierno de la Hermandad del Calvario; Don Pedro Rodr\u00edguez, Alcalde de la ciudad; y D. Pedro J. Ruiz-Constantino, Presidente de la \u00abAsociaci\u00f3n Huelva y sus Fot\u00f3grafos\u00bb.<\/p>\n<figure id=\"attachment_3035\" aria-describedby=\"caption-attachment-3035\" style=\"width: 595px\" class=\"wp-caption aligncenter\"><a href=\"https:\/\/www.huelvaysusfotografos.com\/wp-content\/uploads\/2014\/03\/Inauguraci\u00f3n-Expo-Solidaria-1.jpg\"><img loading=\"lazy\" decoding=\"async\" class=\" wp-image-3035 \" src=\"https:\/\/www.huelvaysusfotografos.com\/wp-content\/uploads\/2014\/03\/Inauguraci\u00f3n-Expo-Solidaria-1.jpg\" alt=\"Jes\u00fas Vieira presenta el acto de inauguraci\u00f3n y da la bienvenida a los asistentes y medios. Fotograf\u00eda Juana Mart\u00edn\" width=\"595\" height=\"397\" srcset=\"https:\/\/www.huelvaysusfotografos.com\/wp-content\/uploads\/2014\/03\/Inauguraci\u00f3n-Expo-Solidaria-1.jpg 992w, https:\/\/www.huelvaysusfotografos.com\/wp-content\/uploads\/2014\/03\/Inauguraci\u00f3n-Expo-Solidaria-1-300x200.jpg 300w, https:\/\/www.huelvaysusfotografos.com\/wp-content\/uploads\/2014\/03\/Inauguraci\u00f3n-Expo-Solidaria-1-768x512.jpg 768w, https:\/\/www.huelvaysusfotografos.com\/wp-content\/uploads\/2014\/03\/Inauguraci\u00f3n-Expo-Solidaria-1-120x80.jpg 120w\" sizes=\"auto, (max-width: 595px) 100vw, 595px\" \/><\/a><figcaption id=\"caption-attachment-3035\" class=\"wp-caption-text\">Jes\u00fas Vieira presenta el acto de inauguraci\u00f3n y da la bienvenida a los asistentes y medios. Fotograf\u00eda Juana Mart\u00edn<\/figcaption><\/figure>\n<p>&nbsp;<\/p>\n<figure id=\"attachment_3038\" aria-describedby=\"caption-attachment-3038\" style=\"width: 595px\" class=\"wp-caption aligncenter\"><a href=\"https:\/\/www.huelvaysusfotografos.com\/wp-content\/uploads\/2014\/03\/Inauguraci\u00f3n-Expo-Solidaria-4.jpg\"><img loading=\"lazy\" decoding=\"async\" class=\" wp-image-3038 \" src=\"https:\/\/www.huelvaysusfotografos.com\/wp-content\/uploads\/2014\/03\/Inauguraci\u00f3n-Expo-Solidaria-4.jpg\" alt=\"El Sr. Alcalde ante los micr\u00f3fonos da su visi\u00f3n del evento. Fotograf\u00eda Juana Mart\u00edn\" width=\"595\" height=\"397\" srcset=\"https:\/\/www.huelvaysusfotografos.com\/wp-content\/uploads\/2014\/03\/Inauguraci\u00f3n-Expo-Solidaria-4.jpg 992w, https:\/\/www.huelvaysusfotografos.com\/wp-content\/uploads\/2014\/03\/Inauguraci\u00f3n-Expo-Solidaria-4-300x200.jpg 300w, https:\/\/www.huelvaysusfotografos.com\/wp-content\/uploads\/2014\/03\/Inauguraci\u00f3n-Expo-Solidaria-4-768x512.jpg 768w, https:\/\/www.huelvaysusfotografos.com\/wp-content\/uploads\/2014\/03\/Inauguraci\u00f3n-Expo-Solidaria-4-120x80.jpg 120w\" sizes=\"auto, (max-width: 595px) 100vw, 595px\" \/><\/a><figcaption id=\"caption-attachment-3038\" class=\"wp-caption-text\">El Sr. Alcalde ante los micr\u00f3fonos da su visi\u00f3n del evento. Fotograf\u00eda Juana Mart\u00edn<\/figcaption><\/figure>\n<figure id=\"attachment_3036\" aria-describedby=\"caption-attachment-3036\" style=\"width: 595px\" class=\"wp-caption aligncenter\"><a href=\"https:\/\/www.huelvaysusfotografos.com\/wp-content\/uploads\/2014\/03\/Inauguraci\u00f3n-Expo-Solidaria-2.jpg\"><img loading=\"lazy\" decoding=\"async\" class=\" wp-image-3036 \" src=\"https:\/\/www.huelvaysusfotografos.com\/wp-content\/uploads\/2014\/03\/Inauguraci\u00f3n-Expo-Solidaria-2.jpg\" alt=\"El Presidente de Huelva y sus fot\u00f3grafos agradecido de que Calvario se acordara de la Asociaci\u00f3n Huelva y sus fot\u00f3grafos. Fotograf\u00eda Juana Mart\u00edn\" width=\"595\" height=\"397\" srcset=\"https:\/\/www.huelvaysusfotografos.com\/wp-content\/uploads\/2014\/03\/Inauguraci\u00f3n-Expo-Solidaria-2.jpg 992w, https:\/\/www.huelvaysusfotografos.com\/wp-content\/uploads\/2014\/03\/Inauguraci\u00f3n-Expo-Solidaria-2-300x200.jpg 300w, https:\/\/www.huelvaysusfotografos.com\/wp-content\/uploads\/2014\/03\/Inauguraci\u00f3n-Expo-Solidaria-2-768x512.jpg 768w, https:\/\/www.huelvaysusfotografos.com\/wp-content\/uploads\/2014\/03\/Inauguraci\u00f3n-Expo-Solidaria-2-120x80.jpg 120w\" sizes=\"auto, (max-width: 595px) 100vw, 595px\" \/><\/a><figcaption id=\"caption-attachment-3036\" class=\"wp-caption-text\">El Presidente de Huelva y sus fot\u00f3grafos agradecido de que Calvario se acordara de la Asociaci\u00f3n Huelva y sus fot\u00f3grafos. Fotograf\u00eda Juana Mart\u00edn<\/figcaption><\/figure>\n<p>&nbsp;<\/p>\n<p style=\"text-align: justify;\">La muestra est\u00e1 formada por 70 fotograf\u00edas de la Semana Santa onubense, y en ella se pueden ver im\u00e1genes de lo m\u00e1s creativas a lo m\u00e1s tradicional. Se podr\u00e1 visitas hasta el s\u00e1bado 22 de marzo, en horario de ma\u00f1ana y tarde.\u00a0El d\u00eda 22 \u00a0habr\u00e1 una Comida Ben\u00e9fica \u00a0de Cuaresma, que tendr\u00e1 un coste de 12 euros, y tras la misma, las personas interesadas podr\u00e1n comprar las fotograf\u00edas que sean de su agrado al m\u00f3dico precio de 15 euros (se pueden encargar copias).<\/p>\n<p style=\"text-align: justify;\">Al acto acudieron diferentes medios de comunicaci\u00f3n local, que dieron noticia de lo que all\u00ed se desarroll\u00f3.<\/p>\n<figure id=\"attachment_3030\" aria-describedby=\"caption-attachment-3030\" style=\"width: 594px\" class=\"wp-caption aligncenter\"><a href=\"https:\/\/www.huelvaysusfotografos.com\/wp-content\/uploads\/2014\/03\/1901460_10201545567346093_311758841_n.jpg\"><img loading=\"lazy\" decoding=\"async\" class=\" wp-image-3030  \" src=\"https:\/\/www.huelvaysusfotografos.com\/wp-content\/uploads\/2014\/03\/1901460_10201545567346093_311758841_n.jpg\" alt=\"Nuestro Presidente ante los medios. Fotograf\u00eda Andr\u00e9s Gait\u00e1n\" width=\"594\" height=\"396\" srcset=\"https:\/\/www.huelvaysusfotografos.com\/wp-content\/uploads\/2014\/03\/1901460_10201545567346093_311758841_n.jpg 900w, https:\/\/www.huelvaysusfotografos.com\/wp-content\/uploads\/2014\/03\/1901460_10201545567346093_311758841_n-300x200.jpg 300w, https:\/\/www.huelvaysusfotografos.com\/wp-content\/uploads\/2014\/03\/1901460_10201545567346093_311758841_n-768x512.jpg 768w, https:\/\/www.huelvaysusfotografos.com\/wp-content\/uploads\/2014\/03\/1901460_10201545567346093_311758841_n-120x80.jpg 120w\" sizes=\"auto, (max-width: 594px) 100vw, 594px\" \/><\/a><figcaption id=\"caption-attachment-3030\" class=\"wp-caption-text\">Nuestro Presidente ante los medios. Fotograf\u00eda Andr\u00e9s Gait\u00e1n<\/figcaption><\/figure>\n<p>&nbsp;<\/p>\n<figure id=\"attachment_3029\" aria-describedby=\"caption-attachment-3029\" style=\"width: 583px\" class=\"wp-caption aligncenter\"><a href=\"https:\/\/www.huelvaysusfotografos.com\/wp-content\/uploads\/2014\/03\/1509759_10201545571066186_1079135556_n.jpg\"><img loading=\"lazy\" decoding=\"async\" class=\" wp-image-3029   \" src=\"https:\/\/www.huelvaysusfotografos.com\/wp-content\/uploads\/2014\/03\/1509759_10201545571066186_1079135556_n.jpg\" alt=\"El Alcalde de la ciudad visita la exposici\u00f3n. Fotograf\u00eda de Andr\u00e9s Gait\u00e1n\" width=\"583\" height=\"389\" srcset=\"https:\/\/www.huelvaysusfotografos.com\/wp-content\/uploads\/2014\/03\/1509759_10201545571066186_1079135556_n.jpg 900w, https:\/\/www.huelvaysusfotografos.com\/wp-content\/uploads\/2014\/03\/1509759_10201545571066186_1079135556_n-300x200.jpg 300w, https:\/\/www.huelvaysusfotografos.com\/wp-content\/uploads\/2014\/03\/1509759_10201545571066186_1079135556_n-768x512.jpg 768w, https:\/\/www.huelvaysusfotografos.com\/wp-content\/uploads\/2014\/03\/1509759_10201545571066186_1079135556_n-120x80.jpg 120w\" sizes=\"auto, (max-width: 583px) 100vw, 583px\" \/><\/a><figcaption id=\"caption-attachment-3029\" class=\"wp-caption-text\">El Alcalde de la ciudad visita la exposici\u00f3n. Fotograf\u00eda de Andr\u00e9s Gait\u00e1n<\/figcaption><\/figure>\n<figure id=\"attachment_3031\" aria-describedby=\"caption-attachment-3031\" style=\"width: 594px\" class=\"wp-caption aligncenter\"><a href=\"https:\/\/www.huelvaysusfotografos.com\/wp-content\/uploads\/2014\/03\/1977455_10201545565826055_578532281_n.jpg\"><img loading=\"lazy\" decoding=\"async\" class=\" wp-image-3031  \" src=\"https:\/\/www.huelvaysusfotografos.com\/wp-content\/uploads\/2014\/03\/1977455_10201545565826055_578532281_n.jpg\" alt=\"Vista de dos paneles de la sala. Fotograf\u00eda Andr\u00e9s Gait\u00e1n\" width=\"594\" height=\"396\" srcset=\"https:\/\/www.huelvaysusfotografos.com\/wp-content\/uploads\/2014\/03\/1977455_10201545565826055_578532281_n.jpg 900w, https:\/\/www.huelvaysusfotografos.com\/wp-content\/uploads\/2014\/03\/1977455_10201545565826055_578532281_n-300x200.jpg 300w, https:\/\/www.huelvaysusfotografos.com\/wp-content\/uploads\/2014\/03\/1977455_10201545565826055_578532281_n-768x512.jpg 768w, https:\/\/www.huelvaysusfotografos.com\/wp-content\/uploads\/2014\/03\/1977455_10201545565826055_578532281_n-120x80.jpg 120w\" sizes=\"auto, (max-width: 594px) 100vw, 594px\" \/><\/a><figcaption id=\"caption-attachment-3031\" class=\"wp-caption-text\">Vista de dos paneles de la sala. Fotograf\u00eda Andr\u00e9s Gait\u00e1n<\/figcaption><\/figure>\n<p style=\"text-align: justify;\">El objetivo no es otro que recaudar fondos para \u00a0la obra social de la Hermandad del Calvario, que como en otras ocasiones ir\u00e1n a beneficio del Comedor Virgen de La Cinta, C\u00e1ritas Parroquial y las Reverendas Madres de Las Oblatas.\u00a0Dos asociaciones unidas con el fin aportar su granito en esta ardua tarea social de ayuda a los m\u00e1s necesitados.<\/p>\n<p style=\"text-align: justify;\">Esa misma tarde, Jes\u00fas Vieira y Pedro J. Ruiz-Constantino, visitan HuelvaTV para promocionar la Exposici\u00f3n entre la ciudadan\u00eda de Huelva, dando a conocer todos los detalles del proyecto solidario. Os dejamos algunas im\u00e1genes.<\/p>\n<figure id=\"attachment_3040\" aria-describedby=\"caption-attachment-3040\" style=\"width: 576px\" class=\"wp-caption aligncenter\"><a href=\"https:\/\/www.huelvaysusfotografos.com\/wp-content\/uploads\/2014\/03\/10009861_10203542107096031_337544433_n.jpg\"><img loading=\"lazy\" decoding=\"async\" class=\" wp-image-3040 \" src=\"https:\/\/www.huelvaysusfotografos.com\/wp-content\/uploads\/2014\/03\/10009861_10203542107096031_337544433_n.jpg\" alt=\"Preparativos en &quot;HuelvaTV&quot; para presentar la Exposici\u00f3n Ben\u00e9fica. Fotograf\u00eda Aurora Mart\u00edn\" width=\"576\" height=\"373\" srcset=\"https:\/\/www.huelvaysusfotografos.com\/wp-content\/uploads\/2014\/03\/10009861_10203542107096031_337544433_n.jpg 960w, https:\/\/www.huelvaysusfotografos.com\/wp-content\/uploads\/2014\/03\/10009861_10203542107096031_337544433_n-300x194.jpg 300w, https:\/\/www.huelvaysusfotografos.com\/wp-content\/uploads\/2014\/03\/10009861_10203542107096031_337544433_n-768x497.jpg 768w\" sizes=\"auto, (max-width: 576px) 100vw, 576px\" \/><\/a><figcaption id=\"caption-attachment-3040\" class=\"wp-caption-text\">Preparativos en \u00abHuelvaTV\u00bb para presentar la Exposici\u00f3n Ben\u00e9fica. Fotograf\u00eda Aurora Mart\u00edn<\/figcaption><\/figure>\n<figure id=\"attachment_3039\" aria-describedby=\"caption-attachment-3039\" style=\"width: 576px\" class=\"wp-caption aligncenter\"><a href=\"https:\/\/www.huelvaysusfotografos.com\/wp-content\/uploads\/2014\/03\/1613921_10203542108616069_2088246216_n.jpg\"><img loading=\"lazy\" decoding=\"async\" class=\"wp-image-3039 \" src=\"https:\/\/www.huelvaysusfotografos.com\/wp-content\/uploads\/2014\/03\/1613921_10203542108616069_2088246216_n.jpg\" alt=\"Programa de noticias en &quot;HuelvaTV&quot; para presentar la Exposici\u00f3n Ben\u00e9fica. Fotograf\u00eda Aurora Mart\u00edn\" width=\"576\" height=\"369\" srcset=\"https:\/\/www.huelvaysusfotografos.com\/wp-content\/uploads\/2014\/03\/1613921_10203542108616069_2088246216_n.jpg 960w, https:\/\/www.huelvaysusfotografos.com\/wp-content\/uploads\/2014\/03\/1613921_10203542108616069_2088246216_n-300x192.jpg 300w, https:\/\/www.huelvaysusfotografos.com\/wp-content\/uploads\/2014\/03\/1613921_10203542108616069_2088246216_n-768x492.jpg 768w\" sizes=\"auto, (max-width: 576px) 100vw, 576px\" \/><\/a><figcaption id=\"caption-attachment-3039\" class=\"wp-caption-text\">Programa de noticias en \u00abHuelvaTV\u00bb para presentar la Exposici\u00f3n Ben\u00e9fica. Fotograf\u00eda Aurora Mart\u00edn<\/figcaption><\/figure>\n<p>El martes 18, tambi\u00e9n se visit\u00f3 a Cope Huelva y a CNH en su espacio de tarde para continuar con las tareas de difusi\u00f3n de la exposici\u00f3n.<\/p>\n<figure id=\"attachment_3041\" aria-describedby=\"caption-attachment-3041\" style=\"width: 614px\" class=\"wp-caption aligncenter\"><a href=\"https:\/\/www.huelvaysusfotografos.com\/wp-content\/uploads\/2014\/03\/Inauguraci\u00f3n-Expo-Solidaria-CNH-1.jpg\"><img loading=\"lazy\" decoding=\"async\" class=\" wp-image-3041 \" src=\"https:\/\/www.huelvaysusfotografos.com\/wp-content\/uploads\/2014\/03\/Inauguraci\u00f3n-Expo-Solidaria-CNH-1-1024x682.jpg\" alt=\"Entrevista en CNH, a Pedro J. Ruiz-Constantino y a Jes\u00fas Vieira. Fotograf\u00eda Juana Mart\u00edn\" width=\"614\" height=\"409\" \/><\/a><figcaption id=\"caption-attachment-3041\" class=\"wp-caption-text\">Entrevista en CNH, a Pedro J. Ruiz-Constantino y a Jes\u00fas Vieira. Fotograf\u00eda Juana Mart\u00edn<\/figcaption><\/figure>\n<p style=\"text-align: justify;\">Aunque sabemos que ya algunas personas han mostrado inter\u00e9s por las im\u00e1genes, s\u00f3lo queda esperar que los resultados de todo este esfuerzo sean muy positivos y podamos contribuir con la labor ben\u00e9fica que persigue esta muestra.<\/p>\n<p style=\"text-align: justify;\">Puedes compartir este enlace, as\u00ed contribuir\u00e1s a que llegue a m\u00e1s personas. Gracias!!<\/p>\n<p>&nbsp;<\/p>\n","protected":false},"excerpt":{"rendered":"<p>&nbsp; El pasado lunes 17 de marzo, a las 12:00 horas se inaugur\u00f3 en el Sal\u00f3n Iberoamericano de la Casa Col\u00f3n, la \u00abI EXPOSICI\u00d3N FOTOGR\u00c1FICA BEN\u00c9FICA. HERMANDAD DEL CALVARIO\u00bb, donde 17 fot\u00f3grafos y fot\u00f3grafas de nuestra Asociaci\u00f3n han donado sus im\u00e1genes de manera desinteresada para colaborar en esta iniciativa. El acto se desarroll\u00f3 con la presencia de D. Antonio Gonz\u00e1lez Garc\u00eda, \u00a0Presidente del Consejo de Hermandades de Huelva; Don Jes\u00fas<\/p>\n<div class=\"belowpost\"><a class=\"btnmore\" href=\"https:\/\/www.huelvaysusfotografos.com\/?p=3024\">Seguir leyendo<\/a><\/div>\n","protected":false},"author":41,"featured_media":3036,"comment_status":"open","ping_status":"open","sticky":false,"template":"","format":"standard","meta":{"footnotes":"","_links_to":"","_links_to_target":""},"categories":[3],"tags":[],"class_list":["post-3024","post","type-post","status-publish","format-standard","has-post-thumbnail","hentry","category-noticias"],"_links":{"self":[{"href":"https:\/\/www.huelvaysusfotografos.com\/index.php?rest_route=\/wp\/v2\/posts\/3024","targetHints":{"allow":["GET"]}}],"collection":[{"href":"https:\/\/www.huelvaysusfotografos.com\/index.php?rest_route=\/wp\/v2\/posts"}],"about":[{"href":"https:\/\/www.huelvaysusfotografos.com\/index.php?rest_route=\/wp\/v2\/types\/post"}],"author":[{"embeddable":true,"href":"https:\/\/www.huelvaysusfotografos.com\/index.php?rest_route=\/wp\/v2\/users\/41"}],"replies":[{"embeddable":true,"href":"https:\/\/www.huelvaysusfotografos.com\/index.php?rest_route=%2Fwp%2Fv2%2Fcomments&post=3024"}],"version-history":[{"count":17,"href":"https:\/\/www.huelvaysusfotografos.com\/index.php?rest_route=\/wp\/v2\/posts\/3024\/revisions"}],"predecessor-version":[{"id":3753,"href":"https:\/\/www.huelvaysusfotografos.com\/index.php?rest_route=\/wp\/v2\/posts\/3024\/revisions\/3753"}],"wp:featuredmedia":[{"embeddable":true,"href":"https:\/\/www.huelvaysusfotografos.com\/index.php?rest_route=\/wp\/v2\/media\/3036"}],"wp:attachment":[{"href":"https:\/\/www.huelvaysusfotografos.com\/index.php?rest_route=%2Fwp%2Fv2%2Fmedia&parent=3024"}],"wp:term":[{"taxonomy":"category","embeddable":true,"href":"https:\/\/www.huelvaysusfotografos.com\/index.php?rest_route=%2Fwp%2Fv2%2Fcategories&post=3024"},{"taxonomy":"post_tag","embeddable":true,"href":"https:\/\/www.huelvaysusfotografos.com\/index.php?rest_route=%2Fwp%2Fv2%2Ftags&post=3024"}],"curies":[{"name":"wp","href":"https:\/\/api.w.org\/{rel}","templated":true}]}}