{"id":3013,"date":"2014-03-17T23:43:42","date_gmt":"2014-03-17T22:43:42","guid":{"rendered":"http:\/\/www.huelvaysusfotografos.com\/?p=3013"},"modified":"2014-07-11T19:23:29","modified_gmt":"2014-07-11T18:23:29","slug":"entrega-de-premios","status":"publish","type":"post","link":"https:\/\/www.huelvaysusfotografos.com\/?p=3013","title":{"rendered":"Entrega de premios!"},"content":{"rendered":"<p style=\"text-align: justify;\">Ya te digo! Vaya mes de marzo!!<\/p>\n<p style=\"text-align: justify;\">Esta tarde hemos tenido entrega de premios. Por un lado, la entrega al ganador del concurso del mes de febrero \u00abHuelva a trav\u00e9s de la fotograf\u00eda: Huelva de noche\u00bb, Francisco Jos\u00e9 Falc\u00f3n Blanco, que present\u00f3 una bonita estampa nocturna del Muelle embarcadero de minerales de Huelva. Este \u00a0Concurso est\u00e1 organizado por la Concejal\u00eda de Turismo, y en el cual colaboramos desde hace m\u00e1s de un a\u00f1o.<\/p>\n<figure id=\"attachment_3014\" aria-describedby=\"caption-attachment-3014\" style=\"width: 556px\" class=\"wp-caption aligncenter\"><a href=\"https:\/\/www.huelvaysusfotografos.com\/wp-content\/uploads\/2014\/03\/Entrega-Premio-Fran-Falc\u00f3n-Blanco.jpg\"><img loading=\"lazy\" decoding=\"async\" class=\" wp-image-3014  \" src=\"https:\/\/www.huelvaysusfotografos.com\/wp-content\/uploads\/2014\/03\/Entrega-Premio-Fran-Falc\u00f3n-Blanco.jpg\" alt=\"Francisco J. Falc\u00f3n Blanco recoge sus premios de la mano de Pedro J.  Ruiz- Constantino, Presidente de nuestra Asociaci\u00f3n\" width=\"556\" height=\"370\" srcset=\"https:\/\/www.huelvaysusfotografos.com\/wp-content\/uploads\/2014\/03\/Entrega-Premio-Fran-Falc\u00f3n-Blanco.jpg 992w, https:\/\/www.huelvaysusfotografos.com\/wp-content\/uploads\/2014\/03\/Entrega-Premio-Fran-Falc\u00f3n-Blanco-300x200.jpg 300w, https:\/\/www.huelvaysusfotografos.com\/wp-content\/uploads\/2014\/03\/Entrega-Premio-Fran-Falc\u00f3n-Blanco-768x512.jpg 768w, https:\/\/www.huelvaysusfotografos.com\/wp-content\/uploads\/2014\/03\/Entrega-Premio-Fran-Falc\u00f3n-Blanco-120x80.jpg 120w\" sizes=\"auto, (max-width: 556px) 100vw, 556px\" \/><\/a><figcaption id=\"caption-attachment-3014\" class=\"wp-caption-text\">Francisco J. Falc\u00f3n Blanco recoge sus premios de la mano de Pedro J. Ruiz- Constantino, Presidente de nuestra Asociaci\u00f3n<\/figcaption><\/figure>\n<p>&nbsp;<\/p>\n<p>Recordamos y disfrutamos de nuevo de la imagen titulada \u00abBajamar\u00bb:<\/p>\n<figure id=\"attachment_2816\" aria-describedby=\"caption-attachment-2816\" style=\"width: 576px\" class=\"wp-caption aligncenter\"><a href=\"https:\/\/www.huelvaysusfotografos.com\/wp-content\/uploads\/2014\/03\/1017479_631735536900274_1932619785_n.jpg\"><img loading=\"lazy\" decoding=\"async\" class=\" wp-image-2816 \" src=\"https:\/\/www.huelvaysusfotografos.com\/wp-content\/uploads\/2014\/03\/1017479_631735536900274_1932619785_n.jpg\" alt=\"Bajamar. Fotograf\u00eda premiada en el mes de febrero, de Francisco J. Falc\u00f3n Blanco\" width=\"576\" height=\"432\" srcset=\"https:\/\/www.huelvaysusfotografos.com\/wp-content\/uploads\/2014\/03\/1017479_631735536900274_1932619785_n.jpg 960w, https:\/\/www.huelvaysusfotografos.com\/wp-content\/uploads\/2014\/03\/1017479_631735536900274_1932619785_n-300x225.jpg 300w, https:\/\/www.huelvaysusfotografos.com\/wp-content\/uploads\/2014\/03\/1017479_631735536900274_1932619785_n-768x576.jpg 768w, https:\/\/www.huelvaysusfotografos.com\/wp-content\/uploads\/2014\/03\/1017479_631735536900274_1932619785_n-160x120.jpg 160w\" sizes=\"auto, (max-width: 576px) 100vw, 576px\" \/><\/a><figcaption id=\"caption-attachment-2816\" class=\"wp-caption-text\">Bajamar. Fotograf\u00eda premiada en el mes de febrero, de Francisco J. Falc\u00f3n Blanco<\/figcaption><\/figure>\n<p>Y por otro, toc\u00f3 el turno a Adolfo Morales Cordero, ganador del Reto- Concurso \u00abMujer\u00bb, organizado por la Asociaci\u00f3n desde Facebook. Adolfo fue doblemente ganador: \u00a0El jurado popular y cibern\u00e9tico tuvo a bien otorgar 67 \u00abme gusta\u00bb a la fotograf\u00eda de Adolfo Morales Cordero,; y e<em id=\"__mceDel\">l jurado formado por los socios Juli\u00e1n P\u00e9rez, Andr\u00e9s Gait\u00e1n y Andres Tristancho fall\u00f3 el concurso en favor de la misma imagen de Adolfo Morales Cordero.<\/em><\/p>\n<figure id=\"attachment_3015\" aria-describedby=\"caption-attachment-3015\" style=\"width: 541px\" class=\"wp-caption aligncenter\"><a href=\"https:\/\/www.huelvaysusfotografos.com\/wp-content\/uploads\/2014\/03\/Entrega-premios-Adolfo-Morales.jpg\"><img loading=\"lazy\" decoding=\"async\" class=\" wp-image-3015   \" src=\"https:\/\/www.huelvaysusfotografos.com\/wp-content\/uploads\/2014\/03\/Entrega-premios-Adolfo-Morales.jpg\" alt=\"El Presidente hace entrega del premio a Adolfo Morales\" width=\"541\" height=\"361\" srcset=\"https:\/\/www.huelvaysusfotografos.com\/wp-content\/uploads\/2014\/03\/Entrega-premios-Adolfo-Morales.jpg 992w, https:\/\/www.huelvaysusfotografos.com\/wp-content\/uploads\/2014\/03\/Entrega-premios-Adolfo-Morales-300x200.jpg 300w, https:\/\/www.huelvaysusfotografos.com\/wp-content\/uploads\/2014\/03\/Entrega-premios-Adolfo-Morales-768x512.jpg 768w, https:\/\/www.huelvaysusfotografos.com\/wp-content\/uploads\/2014\/03\/Entrega-premios-Adolfo-Morales-120x80.jpg 120w\" sizes=\"auto, (max-width: 541px) 100vw, 541px\" \/><\/a><figcaption id=\"caption-attachment-3015\" class=\"wp-caption-text\">El Presidente hace entrega del premio a Adolfo Morales<\/figcaption><\/figure>\n<p>Aqu\u00ed la imagen ganadora:<\/p>\n<figure id=\"attachment_3016\" aria-describedby=\"caption-attachment-3016\" style=\"width: 576px\" class=\"wp-caption aligncenter\"><a href=\"https:\/\/www.huelvaysusfotografos.com\/wp-content\/uploads\/2014\/03\/1376502_636389326434895_1289678170_n.jpg\"><img loading=\"lazy\" decoding=\"async\" class=\" wp-image-3016 \" src=\"https:\/\/www.huelvaysusfotografos.com\/wp-content\/uploads\/2014\/03\/1376502_636389326434895_1289678170_n.jpg\" alt=\"Imagen ganadora &quot;Reto-Concurso MUJER&quot; marzo 2014\" width=\"576\" height=\"384\" srcset=\"https:\/\/www.huelvaysusfotografos.com\/wp-content\/uploads\/2014\/03\/1376502_636389326434895_1289678170_n.jpg 960w, https:\/\/www.huelvaysusfotografos.com\/wp-content\/uploads\/2014\/03\/1376502_636389326434895_1289678170_n-300x200.jpg 300w, https:\/\/www.huelvaysusfotografos.com\/wp-content\/uploads\/2014\/03\/1376502_636389326434895_1289678170_n-768x512.jpg 768w, https:\/\/www.huelvaysusfotografos.com\/wp-content\/uploads\/2014\/03\/1376502_636389326434895_1289678170_n-120x80.jpg 120w\" sizes=\"auto, (max-width: 576px) 100vw, 576px\" \/><\/a><figcaption id=\"caption-attachment-3016\" class=\"wp-caption-text\">Imagen ganadora \u00abReto-Concurso MUJER\u00bb marzo 2014<\/figcaption><\/figure>\n<p>&nbsp;<\/p>\n<p>De nuevo, enhorabuena a los dos&#8230; y a seguir trabajando!!<\/p>\n<p>Ahora tenemos abierto el Concurso \u00abHuelva a trav\u00e9s de la fotograf\u00eda: La primavera en un entorno urbano\u00bb, que se puede participar hasta el 31 de marzo a las 24:00 horas (informaci\u00f3n turismo2@huelva.es) y el \u00abReto-Concurso HOMBRE\u00bb hasta el 19 de marzo \u00a0a las 24:00 horas (huelvaysf@gmail.com).<\/p>\n<p>Esperamos tus fotograf\u00edas!!<\/p>\n<p>&nbsp;<\/p>\n","protected":false},"excerpt":{"rendered":"<p>Ya te digo! Vaya mes de marzo!! Esta tarde hemos tenido entrega de premios. Por un lado, la entrega al ganador del concurso del mes de febrero \u00abHuelva a trav\u00e9s de la fotograf\u00eda: Huelva de noche\u00bb, Francisco Jos\u00e9 Falc\u00f3n Blanco, que present\u00f3 una bonita estampa nocturna del Muelle embarcadero de minerales de Huelva. Este \u00a0Concurso est\u00e1 organizado por la Concejal\u00eda de Turismo, y en el cual colaboramos desde hace m\u00e1s<\/p>\n<div class=\"belowpost\"><a class=\"btnmore\" href=\"https:\/\/www.huelvaysusfotografos.com\/?p=3013\">Seguir leyendo<\/a><\/div>\n","protected":false},"author":41,"featured_media":2833,"comment_status":"open","ping_status":"open","sticky":false,"template":"","format":"gallery","meta":{"footnotes":"","_links_to":"","_links_to_target":""},"categories":[12,3],"tags":[],"class_list":["post-3013","post","type-post","status-publish","format-gallery","has-post-thumbnail","hentry","category-concursos","category-noticias","post_format-post-format-gallery"],"_links":{"self":[{"href":"https:\/\/www.huelvaysusfotografos.com\/index.php?rest_route=\/wp\/v2\/posts\/3013","targetHints":{"allow":["GET"]}}],"collection":[{"href":"https:\/\/www.huelvaysusfotografos.com\/index.php?rest_route=\/wp\/v2\/posts"}],"about":[{"href":"https:\/\/www.huelvaysusfotografos.com\/index.php?rest_route=\/wp\/v2\/types\/post"}],"author":[{"embeddable":true,"href":"https:\/\/www.huelvaysusfotografos.com\/index.php?rest_route=\/wp\/v2\/users\/41"}],"replies":[{"embeddable":true,"href":"https:\/\/www.huelvaysusfotografos.com\/index.php?rest_route=%2Fwp%2Fv2%2Fcomments&post=3013"}],"version-history":[{"count":6,"href":"https:\/\/www.huelvaysusfotografos.com\/index.php?rest_route=\/wp\/v2\/posts\/3013\/revisions"}],"predecessor-version":[{"id":3772,"href":"https:\/\/www.huelvaysusfotografos.com\/index.php?rest_route=\/wp\/v2\/posts\/3013\/revisions\/3772"}],"wp:featuredmedia":[{"embeddable":true,"href":"https:\/\/www.huelvaysusfotografos.com\/index.php?rest_route=\/wp\/v2\/media\/2833"}],"wp:attachment":[{"href":"https:\/\/www.huelvaysusfotografos.com\/index.php?rest_route=%2Fwp%2Fv2%2Fmedia&parent=3013"}],"wp:term":[{"taxonomy":"category","embeddable":true,"href":"https:\/\/www.huelvaysusfotografos.com\/index.php?rest_route=%2Fwp%2Fv2%2Fcategories&post=3013"},{"taxonomy":"post_tag","embeddable":true,"href":"https:\/\/www.huelvaysusfotografos.com\/index.php?rest_route=%2Fwp%2Fv2%2Ftags&post=3013"}],"curies":[{"name":"wp","href":"https:\/\/api.w.org\/{rel}","templated":true}]}}