{"id":2961,"date":"2014-03-15T09:42:41","date_gmt":"2014-03-15T08:42:41","guid":{"rendered":"http:\/\/www.huelvaysusfotografos.com\/?p=2961"},"modified":"2014-07-11T19:37:08","modified_gmt":"2014-07-11T18:37:08","slug":"pastor-cornejo-ii-sin-camara-fotografia-estenopeica","status":"publish","type":"post","link":"https:\/\/www.huelvaysusfotografos.com\/?p=2961","title":{"rendered":"PASTOR CORNEJO (II). \u00abSIN C\u00c1MARA\u00bb, FOTOGRAF\u00cdA ESTENOPEICA"},"content":{"rendered":"<p style=\"text-align: justify;\">Como lo prometido es deuda, os seguimos contando esta segunda y \u00faltima parte del encuentro con Pastor Cornejo en Zalamena. En estas l\u00edneas os hablaremos de su exposici\u00f3n en s\u00ed. Pero antes os dejamos algunas pinceladas personales del fot\u00f3grafo.<\/p>\n<p style=\"text-align: justify;\"><strong>Conociendo a \u00abPastor de los \u00c1ngeles Cornejo y M\u00e1rquez\u00bb<\/strong><\/p>\n<p style=\"text-align: justify;\">Se Diplom\u00f3 en Tecnolog\u00eda en la Aut\u00f3nomo de Barcelona, este t\u00edtulo nunca se lo reconoci\u00f3 la Junta de Andaluc\u00eda. Ha trabajado en diferentes municipios de Huelva de maestro.\u00a0Pero por lo que se desprende de su discurso, fue su trabajo en el Centro de Profesores de Sevilla y en el Centro Educativo de Torreblanca, donde pudo desarrollar su gran labor docente y paralelamente el trabajo con la fotograf\u00eda.<b> <\/b>Tal huella dej\u00f3 en aquel Centro, que en la actualidad le han pedido que vuelva y monte de nuevo su laboratorio en Torreblanca.<\/p>\n<p style=\"text-align: justify;\">Para el DVD-Audiovisual \u201cLa Semana Santa que so\u00f1\u00e9\u201d producido por \u201cTresclavos\u201d, Pastor aporta muchos de sus negativos y cine en 8 mm, que se digitalizaron para tan magn\u00edfico audiovisual.<\/p>\n<p style=\"text-align: justify;\">Entre sus aficiones est\u00e1 la m\u00fasica. Fue cofundador de la Coral de Valverde del Camino (1963), iniciando su camino con la Zarzuela \u201cLa rosa del azafr\u00e1n\u201d, y en la que particip\u00f3 Pastor ten\u00eda 27 a\u00f1os. Con motivo del 50 aniversario de la Coral (2013) se puso en escena la misma Zarzuela y Pastor repite a sus 76 a\u00f1os.<\/p>\n<p style=\"text-align: justify;\"><strong>Datos de la historia de la fotograf\u00eda<\/strong> (extra\u00eddos del folleto de la exposici\u00f3n de Pastor):<\/p>\n<ul style=\"text-align: justify;\">\n<li>1550. Cardan hace primeras pruebas<\/li>\n<li>1727. J.H. Schulze hace nuevas pruebas<\/li>\n<li>1780. Charles contin\u00faa las pruebas<\/li>\n<li>1827. Nic\u00e9phore Nice, consigue foto en c\u00e1mara oscura<\/li>\n<li>1838. Aparece en escena Daguerre<\/li>\n<li>1839. Talbot consigue negativos en papel<\/li>\n<li>1841. Abel Niepce de Saint-V\u00edctor consigue placa de crital, clich\u00e9 transparente con sales de plata<\/li>\n<li>1850. Legray<\/li>\n<li>1861. Gaudin hace fotos con gelatina<\/li>\n<li>1871. Maddox realiza fotos con placas secas<\/li>\n<\/ul>\n<figure id=\"attachment_2979\" aria-describedby=\"caption-attachment-2979\" style=\"width: 595px\" class=\"wp-caption aligncenter\"><a href=\"https:\/\/www.huelvaysusfotografos.com\/wp-content\/uploads\/2014\/03\/Pastor-3.jpg\"><img loading=\"lazy\" decoding=\"async\" class=\" wp-image-2979 \" src=\"https:\/\/www.huelvaysusfotografos.com\/wp-content\/uploads\/2014\/03\/Pastor-3.jpg\" alt=\"Pastor junto a Carmen Torres y Carme Marcet\" width=\"595\" height=\"397\" srcset=\"https:\/\/www.huelvaysusfotografos.com\/wp-content\/uploads\/2014\/03\/Pastor-3.jpg 992w, https:\/\/www.huelvaysusfotografos.com\/wp-content\/uploads\/2014\/03\/Pastor-3-300x200.jpg 300w, https:\/\/www.huelvaysusfotografos.com\/wp-content\/uploads\/2014\/03\/Pastor-3-768x512.jpg 768w, https:\/\/www.huelvaysusfotografos.com\/wp-content\/uploads\/2014\/03\/Pastor-3-120x80.jpg 120w\" sizes=\"auto, (max-width: 595px) 100vw, 595px\" \/><\/a><figcaption id=\"caption-attachment-2979\" class=\"wp-caption-text\">Pastor junto a Carmen Torres y Carme Marcet<\/figcaption><\/figure>\n<p style=\"text-align: justify;\">Nos cuenta que visit\u00f3 en Madrid la exposici\u00f3n de Leonardo Da Vinca, all\u00ed encontr\u00f3 una c\u00e1mara de grandes dimensiones, pero que de nada le sirvi\u00f3 a nivel fotogr\u00e1fico al artista. Pastor en su empecinamiento docente y por enmarcar hist\u00f3ricamente las im\u00e1genes con c\u00e1mara oscura, hace este recorrido desde 1550 a 1871, resaltando que fue Maddox que consigue unos clich\u00e9s de cristal secos que permit\u00edan sacar la fotograf\u00eda pero solo por contacto, como ocurre con la c\u00e1mara oscura.<\/p>\n<p style=\"text-align: justify;\">En la exposici\u00f3n \u201cSin c\u00e1mara\u201d recoge im\u00e1genes de varios periodos de su vida, algunas son muy recientes (meses) pero ese aspecto no definido y el b\/n recuerdan a las primeras im\u00e1genes fotogr\u00e1ficas.<\/p>\n<figure id=\"attachment_2965\" aria-describedby=\"caption-attachment-2965\" style=\"width: 595px\" class=\"wp-caption aligncenter\"><a href=\"https:\/\/www.huelvaysusfotografos.com\/wp-content\/uploads\/2014\/03\/Pastor-7-explanada-Reina-de-los-\u00c1ngeles.jpg\"><img loading=\"lazy\" decoding=\"async\" class=\" wp-image-2965 \" src=\"https:\/\/www.huelvaysusfotografos.com\/wp-content\/uploads\/2014\/03\/Pastor-7-explanada-Reina-de-los-\u00c1ngeles.jpg\" alt=\"Fotograf\u00eda de Pastor Cornejo\" width=\"595\" height=\"397\" srcset=\"https:\/\/www.huelvaysusfotografos.com\/wp-content\/uploads\/2014\/03\/Pastor-7-explanada-Reina-de-los-\u00c1ngeles.jpg 992w, https:\/\/www.huelvaysusfotografos.com\/wp-content\/uploads\/2014\/03\/Pastor-7-explanada-Reina-de-los-\u00c1ngeles-300x200.jpg 300w, https:\/\/www.huelvaysusfotografos.com\/wp-content\/uploads\/2014\/03\/Pastor-7-explanada-Reina-de-los-\u00c1ngeles-768x512.jpg 768w, https:\/\/www.huelvaysusfotografos.com\/wp-content\/uploads\/2014\/03\/Pastor-7-explanada-Reina-de-los-\u00c1ngeles-120x80.jpg 120w\" sizes=\"auto, (max-width: 595px) 100vw, 595px\" \/><\/a><figcaption id=\"caption-attachment-2965\" class=\"wp-caption-text\">Fotograf\u00eda de Pastor Cornejo<\/figcaption><\/figure>\n<figure id=\"attachment_2967\" aria-describedby=\"caption-attachment-2967\" style=\"width: 595px\" class=\"wp-caption aligncenter\"><a href=\"https:\/\/www.huelvaysusfotografos.com\/wp-content\/uploads\/2014\/03\/Pastor-9.jpg\"><img loading=\"lazy\" decoding=\"async\" class=\" wp-image-2967 \" src=\"https:\/\/www.huelvaysusfotografos.com\/wp-content\/uploads\/2014\/03\/Pastor-9.jpg\" alt=\"Detalle del negativo de una de las fotograf\u00edas de la exposici\u00f3n\" width=\"595\" height=\"397\" srcset=\"https:\/\/www.huelvaysusfotografos.com\/wp-content\/uploads\/2014\/03\/Pastor-9.jpg 992w, https:\/\/www.huelvaysusfotografos.com\/wp-content\/uploads\/2014\/03\/Pastor-9-300x200.jpg 300w, https:\/\/www.huelvaysusfotografos.com\/wp-content\/uploads\/2014\/03\/Pastor-9-768x512.jpg 768w, https:\/\/www.huelvaysusfotografos.com\/wp-content\/uploads\/2014\/03\/Pastor-9-120x80.jpg 120w\" sizes=\"auto, (max-width: 595px) 100vw, 595px\" \/><\/a><figcaption id=\"caption-attachment-2967\" class=\"wp-caption-text\">Detalle del negativo de una de las fotograf\u00edas de la exposici\u00f3n<\/figcaption><\/figure>\n<figure id=\"attachment_2966\" aria-describedby=\"caption-attachment-2966\" style=\"width: 595px\" class=\"wp-caption aligncenter\"><a href=\"https:\/\/www.huelvaysusfotografos.com\/wp-content\/uploads\/2014\/03\/Pastor-8.jpg\"><img loading=\"lazy\" decoding=\"async\" class=\" wp-image-2966 \" src=\"https:\/\/www.huelvaysusfotografos.com\/wp-content\/uploads\/2014\/03\/Pastor-8.jpg\" alt=\"Imagen superior con c\u00e1mara digital, imagen inferior con c\u00e1mara oscura\" width=\"595\" height=\"893\" srcset=\"https:\/\/www.huelvaysusfotografos.com\/wp-content\/uploads\/2014\/03\/Pastor-8.jpg 992w, https:\/\/www.huelvaysusfotografos.com\/wp-content\/uploads\/2014\/03\/Pastor-8-200x300.jpg 200w, https:\/\/www.huelvaysusfotografos.com\/wp-content\/uploads\/2014\/03\/Pastor-8-683x1024.jpg 683w, https:\/\/www.huelvaysusfotografos.com\/wp-content\/uploads\/2014\/03\/Pastor-8-768x1152.jpg 768w\" sizes=\"auto, (max-width: 595px) 100vw, 595px\" \/><\/a><figcaption id=\"caption-attachment-2966\" class=\"wp-caption-text\">Imagen superior con c\u00e1mara digital, imagen inferior con c\u00e1mara oscura<\/figcaption><\/figure>\n<p style=\"text-align: justify;\">En la muestra aparecen algunas im\u00e1genes directas del proceso de la c\u00e1mara oscura, otras realizadas con c\u00e1mara oscura y retocadas digitalmente, o incluso unas realizadas con c\u00e1mara oscura y otras en digital, \u00e9ste \u00faltimo casi para demostrar que se pueden hacer los mismos planos con una c\u00e1mara y con otra. Algunas est\u00e1n coloreadas \u201ca lo loco\u201d reconoce Pastor, sin darle mucha importancia, otras viradas a azul por el procedimiento antiguo, pero aconseja tener mucho cuidado ya que se usa bromuro, un producto muy t\u00f3xicos.<\/p>\n<figure id=\"attachment_2962\" aria-describedby=\"caption-attachment-2962\" style=\"width: 590px\" class=\"wp-caption aligncenter\"><a href=\"https:\/\/www.huelvaysusfotografos.com\/wp-content\/uploads\/2014\/03\/exposicion_pastor-011.jpg\"><img loading=\"lazy\" decoding=\"async\" class=\"wp-image-2962 \" src=\"https:\/\/www.huelvaysusfotografos.com\/wp-content\/uploads\/2014\/03\/exposicion_pastor-011.jpg\" alt=\"Escuchando a Pastor Cornejo durante la visita guiada a su exposici\u00f3n. Fotograf\u00eda Carme Marcet Vidal\" width=\"590\" height=\"393\" srcset=\"https:\/\/www.huelvaysusfotografos.com\/wp-content\/uploads\/2014\/03\/exposicion_pastor-011.jpg 720w, https:\/\/www.huelvaysusfotografos.com\/wp-content\/uploads\/2014\/03\/exposicion_pastor-011-300x200.jpg 300w, https:\/\/www.huelvaysusfotografos.com\/wp-content\/uploads\/2014\/03\/exposicion_pastor-011-120x80.jpg 120w\" sizes=\"auto, (max-width: 590px) 100vw, 590px\" \/><\/a><figcaption id=\"caption-attachment-2962\" class=\"wp-caption-text\">Escuchando a Pastor Cornejo durante la visita guiada a su exposici\u00f3n. Fotograf\u00eda Carme Marcet Vidal<\/figcaption><\/figure>\n<p style=\"text-align: justify;\">El \u201canticristo\u201d de la fotograf\u00eda es lo que se le viene a la mente a Pastor cuando ve las fotograf\u00edas tan retocadas que parecen cuadros, con realidades que no son las \u00e9l se encuentra cuando va con su c\u00e1mara a hacer fotos.<\/p>\n<p style=\"text-align: justify;\">Nos cuenta que disfruta con que su material de archivo sea de disfrute de otros, piensa que si s\u00f3lo lo tiene para s\u00ed, con el tiempo podr\u00edan desaparecer, y al compartir, su legado perdurar\u00e1 en el tiempo. En la actualidad son muchos los que van a buscarlo para publicar material gr\u00e1fico antiguo.<\/p>\n<p style=\"text-align: justify;\">Reconoce que su exposici\u00f3n ha tenido m\u00e1s repercusi\u00f3n fuera que en Zalamea. Piensa que la gente no le ve capaz de hacer un proyecto como este, y pudiera ser por que le precede una fama en el pueblo va de loco a guerrillero; pero este hombre de talante fresco y jovial, agradece el apoyo de sus amigos, que son muchos.<\/p>\n<p>Para terminar pedimos a un visitante que nos hiciera una \u00abarretrataura\u00bb, como le llam\u00f3 Pastor.<\/p>\n<figure id=\"attachment_2963\" aria-describedby=\"caption-attachment-2963\" style=\"width: 572px\" class=\"wp-caption aligncenter\"><a href=\"https:\/\/www.huelvaysusfotografos.com\/wp-content\/uploads\/2014\/03\/Pastor-10.jpg\"><img loading=\"lazy\" decoding=\"async\" class=\" wp-image-2963   \" src=\"https:\/\/www.huelvaysusfotografos.com\/wp-content\/uploads\/2014\/03\/Pastor-10.jpg\" alt=\"Juana Mart\u00edn, Pastor Cornejo, Carmen Torres y Carme Marcet\" width=\"572\" height=\"381\" srcset=\"https:\/\/www.huelvaysusfotografos.com\/wp-content\/uploads\/2014\/03\/Pastor-10.jpg 992w, https:\/\/www.huelvaysusfotografos.com\/wp-content\/uploads\/2014\/03\/Pastor-10-300x200.jpg 300w, https:\/\/www.huelvaysusfotografos.com\/wp-content\/uploads\/2014\/03\/Pastor-10-768x512.jpg 768w, https:\/\/www.huelvaysusfotografos.com\/wp-content\/uploads\/2014\/03\/Pastor-10-120x80.jpg 120w\" sizes=\"auto, (max-width: 572px) 100vw, 572px\" \/><\/a><figcaption id=\"caption-attachment-2963\" class=\"wp-caption-text\">Juana Mart\u00edn, Pastor Cornejo, Carmen Torres y Carme Marcet<\/figcaption><\/figure>\n<p>Dar las gracias a Pastor por su tiempo y \u00a0por su amabilidad&#8230; y seguro que nos escapamos para hacer una ruta por esos lares!!<\/p>\n<p>&nbsp;<\/p>\n","protected":false},"excerpt":{"rendered":"<p>Como lo prometido es deuda, os seguimos contando esta segunda y \u00faltima parte del encuentro con Pastor Cornejo en Zalamena. En estas l\u00edneas os hablaremos de su exposici\u00f3n en s\u00ed. Pero antes os dejamos algunas pinceladas personales del fot\u00f3grafo. Conociendo a \u00abPastor de los \u00c1ngeles Cornejo y M\u00e1rquez\u00bb Se Diplom\u00f3 en Tecnolog\u00eda en la Aut\u00f3nomo de Barcelona, este t\u00edtulo nunca se lo reconoci\u00f3 la Junta de Andaluc\u00eda. Ha trabajado en<\/p>\n<div class=\"belowpost\"><a class=\"btnmore\" href=\"https:\/\/www.huelvaysusfotografos.com\/?p=2961\">Seguir leyendo<\/a><\/div>\n","protected":false},"author":41,"featured_media":2963,"comment_status":"open","ping_status":"open","sticky":false,"template":"","format":"standard","meta":{"footnotes":"","_links_to":"","_links_to_target":""},"categories":[3],"tags":[],"class_list":["post-2961","post","type-post","status-publish","format-standard","has-post-thumbnail","hentry","category-noticias"],"_links":{"self":[{"href":"https:\/\/www.huelvaysusfotografos.com\/index.php?rest_route=\/wp\/v2\/posts\/2961","targetHints":{"allow":["GET"]}}],"collection":[{"href":"https:\/\/www.huelvaysusfotografos.com\/index.php?rest_route=\/wp\/v2\/posts"}],"about":[{"href":"https:\/\/www.huelvaysusfotografos.com\/index.php?rest_route=\/wp\/v2\/types\/post"}],"author":[{"embeddable":true,"href":"https:\/\/www.huelvaysusfotografos.com\/index.php?rest_route=\/wp\/v2\/users\/41"}],"replies":[{"embeddable":true,"href":"https:\/\/www.huelvaysusfotografos.com\/index.php?rest_route=%2Fwp%2Fv2%2Fcomments&post=2961"}],"version-history":[{"count":25,"href":"https:\/\/www.huelvaysusfotografos.com\/index.php?rest_route=\/wp\/v2\/posts\/2961\/revisions"}],"predecessor-version":[{"id":3778,"href":"https:\/\/www.huelvaysusfotografos.com\/index.php?rest_route=\/wp\/v2\/posts\/2961\/revisions\/3778"}],"wp:featuredmedia":[{"embeddable":true,"href":"https:\/\/www.huelvaysusfotografos.com\/index.php?rest_route=\/wp\/v2\/media\/2963"}],"wp:attachment":[{"href":"https:\/\/www.huelvaysusfotografos.com\/index.php?rest_route=%2Fwp%2Fv2%2Fmedia&parent=2961"}],"wp:term":[{"taxonomy":"category","embeddable":true,"href":"https:\/\/www.huelvaysusfotografos.com\/index.php?rest_route=%2Fwp%2Fv2%2Fcategories&post=2961"},{"taxonomy":"post_tag","embeddable":true,"href":"https:\/\/www.huelvaysusfotografos.com\/index.php?rest_route=%2Fwp%2Fv2%2Ftags&post=2961"}],"curies":[{"name":"wp","href":"https:\/\/api.w.org\/{rel}","templated":true}]}}