{"id":2938,"date":"2014-03-17T17:47:42","date_gmt":"2014-03-17T16:47:42","guid":{"rendered":"http:\/\/www.huelvaysusfotografos.com\/?p=2938"},"modified":"2014-07-11T19:30:11","modified_gmt":"2014-07-11T18:30:11","slug":"hasta-el-nacimiento-del-rio-tinto","status":"publish","type":"post","link":"https:\/\/www.huelvaysusfotografos.com\/?p=2938","title":{"rendered":"Hasta el nacimiento del R\u00edo Tinto"},"content":{"rendered":"<p style=\"text-align: justify;\">El pasado s\u00e1bado 8 de marzo, estuvimos en Minas de Riotinto realizando algunas gestiones para \u00abQuedada Nacional de Canonistas\u00bb que se tiene prevista desarrollar a primeros de mayo de este a\u00f1o, y en la cual colaboramos como Asociaci\u00f3n.<\/p>\n<p>El d\u00eda dio para mucho a nivel fotogr\u00e1fico, os dejamos algunas im\u00e1genes e impresiones de la experiencia.<\/p>\n<p style=\"text-align: justify;\"><em>Magnifico d\u00eda recorriendo los parajes \u00fanicos de Riotinto, sus \u00a0colores, su mina. Contemplando la Corta Atalaya te quedas asombrado de la grandiosidad de cada nivel de la mina con la perspectiva a la \u00a0locomotora de tren que aun se encuentra visible. Otra visi\u00f3n es la del \u00a0abandono de la explotaci\u00f3n de la Mina de Pe\u00f1a del Hierro pero que gracias a la actividad tur\u00edstica mantiene vivo el entorno. Por \u00faltimo \u00a0nos dirigimos al nacimiento del Rio Tinto, donde las texturas y \u00a0colores, hasta el olor que emana del mismo son \u00fanicos y llenos de posibilidades para los amantes de la fotograf\u00eda.\u00a0<\/em>Isaac Garc\u00eda Gord\u00f3n.<\/p>\n<p>&nbsp;<\/p>\n<figure id=\"attachment_2911\" aria-describedby=\"caption-attachment-2911\" style=\"width: 406px\" class=\"wp-caption aligncenter\"><a href=\"https:\/\/www.huelvaysusfotografos.com\/wp-content\/uploads\/2014\/03\/Mina-Isaac-Garc\u00eda-Gord\u00f3n-1.jpg\"><img loading=\"lazy\" decoding=\"async\" class=\" wp-image-2911 \" src=\"https:\/\/www.huelvaysusfotografos.com\/wp-content\/uploads\/2014\/03\/Mina-Isaac-Garc\u00eda-Gord\u00f3n-1-676x1024.jpg\" alt=\"Mina. Fotograf\u00eda de Isaac Garc\u00eda Gord\u00f3n\" width=\"406\" height=\"614\" \/><\/a><figcaption id=\"caption-attachment-2911\" class=\"wp-caption-text\">Mina. Fotograf\u00eda de Isaac Garc\u00eda Gord\u00f3n<\/figcaption><\/figure>\n<figure id=\"attachment_2910\" aria-describedby=\"caption-attachment-2910\" style=\"width: 614px\" class=\"wp-caption aligncenter\"><a href=\"https:\/\/www.huelvaysusfotografos.com\/wp-content\/uploads\/2014\/03\/Corta-Atalaya-Isaac-Garc\u00eda-Gord\u00f3n-2.jpg\"><img loading=\"lazy\" decoding=\"async\" class=\" wp-image-2910 \" src=\"https:\/\/www.huelvaysusfotografos.com\/wp-content\/uploads\/2014\/03\/Corta-Atalaya-Isaac-Garc\u00eda-Gord\u00f3n-2-1024x682.jpg\" alt=\"Corta Atalaya. Fotograf\u00eda de Isaac Garc\u00eda Gord\u00f3n\" width=\"614\" height=\"409\" srcset=\"https:\/\/www.huelvaysusfotografos.com\/wp-content\/uploads\/2014\/03\/Corta-Atalaya-Isaac-Garc\u00eda-Gord\u00f3n-2-1024x682.jpg 1024w, https:\/\/www.huelvaysusfotografos.com\/wp-content\/uploads\/2014\/03\/Corta-Atalaya-Isaac-Garc\u00eda-Gord\u00f3n-2-300x200.jpg 300w, https:\/\/www.huelvaysusfotografos.com\/wp-content\/uploads\/2014\/03\/Corta-Atalaya-Isaac-Garc\u00eda-Gord\u00f3n-2-768x512.jpg 768w, https:\/\/www.huelvaysusfotografos.com\/wp-content\/uploads\/2014\/03\/Corta-Atalaya-Isaac-Garc\u00eda-Gord\u00f3n-2-1536x1023.jpg 1536w, https:\/\/www.huelvaysusfotografos.com\/wp-content\/uploads\/2014\/03\/Corta-Atalaya-Isaac-Garc\u00eda-Gord\u00f3n-2-2048x1364.jpg 2048w, https:\/\/www.huelvaysusfotografos.com\/wp-content\/uploads\/2014\/03\/Corta-Atalaya-Isaac-Garc\u00eda-Gord\u00f3n-2-120x80.jpg 120w\" sizes=\"auto, (max-width: 614px) 100vw, 614px\" \/><\/a><figcaption id=\"caption-attachment-2910\" class=\"wp-caption-text\">Corta Atalaya. Fotograf\u00eda de Isaac Garc\u00eda Gord\u00f3n<\/figcaption><\/figure>\n<figure id=\"attachment_2909\" aria-describedby=\"caption-attachment-2909\" style=\"width: 409px\" class=\"wp-caption aligncenter\"><a href=\"https:\/\/www.huelvaysusfotografos.com\/wp-content\/uploads\/2014\/03\/Colores-del-Tinto-Isaac-Garc\u00eda-Gord\u00f3n-3.jpg\"><img loading=\"lazy\" decoding=\"async\" class=\" wp-image-2909 \" src=\"https:\/\/www.huelvaysusfotografos.com\/wp-content\/uploads\/2014\/03\/Colores-del-Tinto-Isaac-Garc\u00eda-Gord\u00f3n-3-682x1024.jpg\" alt=\"Colores del Tinto. Fotograf\u00eda de Isaac Garc\u00eda Gord\u00f3n\" width=\"409\" height=\"614\" srcset=\"https:\/\/www.huelvaysusfotografos.com\/wp-content\/uploads\/2014\/03\/Colores-del-Tinto-Isaac-Garc\u00eda-Gord\u00f3n-3-682x1024.jpg 682w, https:\/\/www.huelvaysusfotografos.com\/wp-content\/uploads\/2014\/03\/Colores-del-Tinto-Isaac-Garc\u00eda-Gord\u00f3n-3-200x300.jpg 200w, https:\/\/www.huelvaysusfotografos.com\/wp-content\/uploads\/2014\/03\/Colores-del-Tinto-Isaac-Garc\u00eda-Gord\u00f3n-3-768x1153.jpg 768w, https:\/\/www.huelvaysusfotografos.com\/wp-content\/uploads\/2014\/03\/Colores-del-Tinto-Isaac-Garc\u00eda-Gord\u00f3n-3-1023x1536.jpg 1023w, https:\/\/www.huelvaysusfotografos.com\/wp-content\/uploads\/2014\/03\/Colores-del-Tinto-Isaac-Garc\u00eda-Gord\u00f3n-3-1364x2048.jpg 1364w, https:\/\/www.huelvaysusfotografos.com\/wp-content\/uploads\/2014\/03\/Colores-del-Tinto-Isaac-Garc\u00eda-Gord\u00f3n-3-scaled.jpg 1705w\" sizes=\"auto, (max-width: 409px) 100vw, 409px\" \/><\/a><figcaption id=\"caption-attachment-2909\" class=\"wp-caption-text\">Colores del Tinto. Fotograf\u00eda de Isaac Garc\u00eda Gord\u00f3n<\/figcaption><\/figure>\n<p>&nbsp;<\/p>\n<p style=\"text-align: justify;\"><em>Nos acompa\u00f1\u00f3 un estupendo d\u00eda. Durante las localizaciones realizamos algunas tomas fotogr\u00e1ficas en aquel lugar inigualable y tan rico visualmente. Tengo que reconocer que me llamaba la atenci\u00f3n todo, de ah\u00ed que os presente visiones muy diferentes de lo que a nuestro paso encontr\u00e1bamos. La visita al cementerio brit\u00e1nico fue impresionante, aunque en muy mal estado de conservaci\u00f3n y descuidado en su mantenimiento. El paseo hacia Corta Atalaya, inolvidable. Qu\u00e9\u00a0poder\u00edo y qu\u00e9 grandiosas y exageradas dimensiones. <\/em><\/p>\n<p style=\"text-align: justify;\"><em>Para comer el apetitoso \u00abPollo a la inglesa\u00bb en \u00c9poca, y sin perder demasiado tiempo buscamos el camino de la mina de Pe\u00f1a de Hierro. En el trayecto nos encontramos con un reba\u00f1o de ovejas pastando en un prado verde, una imagen muy buc\u00f3lica. Subidas y bajadas por aquellos bellos montes de tierras rojizas, para terminar el d\u00eda fotografiando los detalles y colores de piedras en el nacimiento del R\u00edo Tinto. Juana Mart\u00edn<\/em><\/p>\n<p>&nbsp;<\/p>\n<figure id=\"attachment_2946\" aria-describedby=\"caption-attachment-2946\" style=\"width: 614px\" class=\"wp-caption aligncenter\"><a href=\"https:\/\/www.huelvaysusfotografos.com\/wp-content\/uploads\/2014\/03\/Pastando.jpg\"><img loading=\"lazy\" decoding=\"async\" class=\" wp-image-2946  \" src=\"https:\/\/www.huelvaysusfotografos.com\/wp-content\/uploads\/2014\/03\/Pastando-1024x682.jpg\" alt=\"Pastando. Fotograf\u00eda de Juana Mart\u00edn\" width=\"614\" height=\"409\" \/><\/a><figcaption id=\"caption-attachment-2946\" class=\"wp-caption-text\">Pastando. Fotograf\u00eda de Juana Mart\u00edn<\/figcaption><\/figure>\n<figure id=\"attachment_2947\" aria-describedby=\"caption-attachment-2947\" style=\"width: 614px\" class=\"wp-caption aligncenter\"><a href=\"https:\/\/www.huelvaysusfotografos.com\/wp-content\/uploads\/2014\/03\/Piedras-nacimiento-R\u00edo-Tinto.jpg\"><img loading=\"lazy\" decoding=\"async\" class=\" wp-image-2947 \" src=\"https:\/\/www.huelvaysusfotografos.com\/wp-content\/uploads\/2014\/03\/Piedras-nacimiento-R\u00edo-Tinto-1024x682.jpg\" alt=\"Piedras nacimiento R\u00edo Tinto. Fotograf\u00eda de Juana Mart\u00edn\" width=\"614\" height=\"409\" \/><\/a><figcaption id=\"caption-attachment-2947\" class=\"wp-caption-text\">Piedras nacimiento R\u00edo Tinto. Fotograf\u00eda de Juana Mart\u00edn<\/figcaption><\/figure>\n<figure id=\"attachment_2948\" aria-describedby=\"caption-attachment-2948\" style=\"width: 614px\" class=\"wp-caption aligncenter\"><a href=\"https:\/\/www.huelvaysusfotografos.com\/wp-content\/uploads\/2014\/03\/Resto-tumba-cementerio-ingles.jpg\"><img loading=\"lazy\" decoding=\"async\" class=\" wp-image-2948 \" src=\"https:\/\/www.huelvaysusfotografos.com\/wp-content\/uploads\/2014\/03\/Resto-tumba-cementerio-ingles-1024x682.jpg\" alt=\"Resto tumba cementerio ingles. Fotograf\u00eda de Juana Mart\u00edn\" width=\"614\" height=\"409\" \/><\/a><figcaption id=\"caption-attachment-2948\" class=\"wp-caption-text\">Resto tumba cementerio ingles. Fotograf\u00eda de Juana Mart\u00edn<\/figcaption><\/figure>\n<p>&nbsp;<\/p>\n<p style=\"text-align: justify;\"><em>\u00abJornada muy agradable, por la compa\u00f1\u00eda y el paisaje el que tuvimos el pasado s\u00e1bado por la Cuenca minera. Lo primero y m\u00e1s importante nada mas llegar a Minas de Riotinto fue reservar mesa para la hora de almorzar, que luego con tanta foto se nos hace tarde y si tienes el sitio claro para comer no hay que jug\u00e1rsela.<\/em><\/p>\n<p style=\"text-align: justify;\"><em>Visita al cementerio ingl\u00e9s de Minas de Riotinto.\u00a0 La anterior vez que lo visit\u00e9 la puerta de entrada estaba un poco descolgada pero estaba,\u00a0 digo que estaba porque ha desaparecido. Seg\u00fan me han dicho despu\u00e9s est\u00e1, todo el recinto en proceso de restauraci\u00f3n, lo cual me alegra por la vegetaci\u00f3n que hay en el interior.<\/em><\/p>\n<p style=\"text-align: justify;\"><em>Seguidamente nos dirigimos a la Corta Atalaya, antes par\u00e1ndonos en el monumento erigido a los trabajadores ingleses de Riotinto Company que fallecieron en la II Guerra mundial. Un monumento que aunque simple es muy emotivo. La Corta Ayalaya, una maravilla, la grandeza de ese sitio aunque no se puede disfrutar del todo por la acumulaci\u00f3n de agua pluvial en el fondo, el cual no deja disfrutar en su totalidad de la verdadera profundidad del mismo.<\/em><\/p>\n<p style=\"text-align: justify;\"><em>Despu\u00e9s del merecid\u00edsimo almuerzo nos dirigimos a Nerva, a la Pe\u00f1a del Hierro, la cual por sus alrededores est\u00e1 adecuado para el paseo. Para terminar la jornada por la Cuenca Minera fuimos en busca del nacimiento del r\u00edo Tinto, que no queda lejos de la Pe\u00f1a del Hierro\u00bb.<\/em>\u00a0Antonio Mu\u00f1oz.<\/p>\n<p>&nbsp;<\/p>\n<figure id=\"attachment_2944\" aria-describedby=\"caption-attachment-2944\" style=\"width: 614px\" class=\"wp-caption aligncenter\"><a href=\"https:\/\/www.huelvaysusfotografos.com\/wp-content\/uploads\/2014\/03\/Foto-de-Grupo-en-Corta-Atalaya-de-Antonio-Mu\u00f1oz.jpg\"><img loading=\"lazy\" decoding=\"async\" class=\" wp-image-2944 \" src=\"https:\/\/www.huelvaysusfotografos.com\/wp-content\/uploads\/2014\/03\/Foto-de-Grupo-en-Corta-Atalaya-de-Antonio-Mu\u00f1oz-1024x576.jpg\" alt=\"Foto de Grupo en Corta Atalaya. Fotograf\u00eda de Antonio Mu\u00f1oz\" width=\"614\" height=\"346\" srcset=\"https:\/\/www.huelvaysusfotografos.com\/wp-content\/uploads\/2014\/03\/Foto-de-Grupo-en-Corta-Atalaya-de-Antonio-Mu\u00f1oz-1024x576.jpg 1024w, https:\/\/www.huelvaysusfotografos.com\/wp-content\/uploads\/2014\/03\/Foto-de-Grupo-en-Corta-Atalaya-de-Antonio-Mu\u00f1oz-300x169.jpg 300w, https:\/\/www.huelvaysusfotografos.com\/wp-content\/uploads\/2014\/03\/Foto-de-Grupo-en-Corta-Atalaya-de-Antonio-Mu\u00f1oz-768x432.jpg 768w, https:\/\/www.huelvaysusfotografos.com\/wp-content\/uploads\/2014\/03\/Foto-de-Grupo-en-Corta-Atalaya-de-Antonio-Mu\u00f1oz-1536x864.jpg 1536w, https:\/\/www.huelvaysusfotografos.com\/wp-content\/uploads\/2014\/03\/Foto-de-Grupo-en-Corta-Atalaya-de-Antonio-Mu\u00f1oz-620x350.jpg 620w, https:\/\/www.huelvaysusfotografos.com\/wp-content\/uploads\/2014\/03\/Foto-de-Grupo-en-Corta-Atalaya-de-Antonio-Mu\u00f1oz.jpg 2016w\" sizes=\"auto, (max-width: 614px) 100vw, 614px\" \/><\/a><figcaption id=\"caption-attachment-2944\" class=\"wp-caption-text\">En Corta Atalaya. Fotograf\u00eda de Antonio Mu\u00f1oz<\/figcaption><\/figure>\n<figure id=\"attachment_2945\" aria-describedby=\"caption-attachment-2945\" style=\"width: 409px\" class=\"wp-caption aligncenter\"><a href=\"https:\/\/www.huelvaysusfotografos.com\/wp-content\/uploads\/2014\/03\/Pe\u00f1a-de-Hierro-de-Antonio-Mu\u00f1oz.jpg\"><img loading=\"lazy\" decoding=\"async\" class=\" wp-image-2945 \" src=\"https:\/\/www.huelvaysusfotografos.com\/wp-content\/uploads\/2014\/03\/Pe\u00f1a-de-Hierro-de-Antonio-Mu\u00f1oz-682x1024.jpg\" alt=\"Pe\u00f1a de Hierro. Fotograf\u00eda de Antonio Mu\u00f1oz\" width=\"409\" height=\"614\" \/><\/a><figcaption id=\"caption-attachment-2945\" class=\"wp-caption-text\">Pe\u00f1a de Hierro. Fotograf\u00eda de Antonio Mu\u00f1oz<\/figcaption><\/figure>\n<figure id=\"attachment_2943\" aria-describedby=\"caption-attachment-2943\" style=\"width: 409px\" class=\"wp-caption aligncenter\"><a href=\"https:\/\/www.huelvaysusfotografos.com\/wp-content\/uploads\/2014\/03\/Monolito-Antonio-Mu\u00f1oz.jpg\"><img loading=\"lazy\" decoding=\"async\" class=\" wp-image-2943 \" src=\"https:\/\/www.huelvaysusfotografos.com\/wp-content\/uploads\/2014\/03\/Monolito-Antonio-Mu\u00f1oz-682x1024.jpg\" alt=\"Monolito en el Barrio de Bella Vista, Minas de Riotinto. Fotograf\u00eda de Antonio Mu\u00f1oz\" width=\"409\" height=\"614\" \/><\/a><figcaption id=\"caption-attachment-2943\" class=\"wp-caption-text\">Monolito en memoria de los miembros de las Minas de Rio Tinto que cayeron en la guerra 1914-1919. \u00a0el Barrio de Bella Vista, Minas de Riotinto. Fotograf\u00eda de Antonio Mu\u00f1oz<\/figcaption><\/figure>\n<p>&nbsp;<\/p>\n<p>Si nadie se anima de momento, tendremos que esperar a la quedada de mayo para compartir im\u00e1genes de la zona.<\/p>\n<p>&nbsp;<\/p>\n<p>&nbsp;<\/p>\n<p>&nbsp;<\/p>\n<p>&nbsp;<\/p>\n<p>&nbsp;<\/p>\n<p>&nbsp;<\/p>\n","protected":false},"excerpt":{"rendered":"<p>El pasado s\u00e1bado 8 de marzo, estuvimos en Minas de Riotinto realizando algunas gestiones para \u00abQuedada Nacional de Canonistas\u00bb que se tiene prevista desarrollar a primeros de mayo de este a\u00f1o, y en la cual colaboramos como Asociaci\u00f3n. El d\u00eda dio para mucho a nivel fotogr\u00e1fico, os dejamos algunas im\u00e1genes e impresiones de la experiencia. Magnifico d\u00eda recorriendo los parajes \u00fanicos de Riotinto, sus \u00a0colores, su mina. Contemplando la Corta<\/p>\n<div class=\"belowpost\"><a class=\"btnmore\" href=\"https:\/\/www.huelvaysusfotografos.com\/?p=2938\">Seguir leyendo<\/a><\/div>\n","protected":false},"author":41,"featured_media":2947,"comment_status":"open","ping_status":"open","sticky":false,"template":"","format":"standard","meta":{"footnotes":"","_links_to":"","_links_to_target":""},"categories":[3],"tags":[],"class_list":["post-2938","post","type-post","status-publish","format-standard","has-post-thumbnail","hentry","category-noticias"],"_links":{"self":[{"href":"https:\/\/www.huelvaysusfotografos.com\/index.php?rest_route=\/wp\/v2\/posts\/2938","targetHints":{"allow":["GET"]}}],"collection":[{"href":"https:\/\/www.huelvaysusfotografos.com\/index.php?rest_route=\/wp\/v2\/posts"}],"about":[{"href":"https:\/\/www.huelvaysusfotografos.com\/index.php?rest_route=\/wp\/v2\/types\/post"}],"author":[{"embeddable":true,"href":"https:\/\/www.huelvaysusfotografos.com\/index.php?rest_route=\/wp\/v2\/users\/41"}],"replies":[{"embeddable":true,"href":"https:\/\/www.huelvaysusfotografos.com\/index.php?rest_route=%2Fwp%2Fv2%2Fcomments&post=2938"}],"version-history":[{"count":15,"href":"https:\/\/www.huelvaysusfotografos.com\/index.php?rest_route=\/wp\/v2\/posts\/2938\/revisions"}],"predecessor-version":[{"id":3776,"href":"https:\/\/www.huelvaysusfotografos.com\/index.php?rest_route=\/wp\/v2\/posts\/2938\/revisions\/3776"}],"wp:featuredmedia":[{"embeddable":true,"href":"https:\/\/www.huelvaysusfotografos.com\/index.php?rest_route=\/wp\/v2\/media\/2947"}],"wp:attachment":[{"href":"https:\/\/www.huelvaysusfotografos.com\/index.php?rest_route=%2Fwp%2Fv2%2Fmedia&parent=2938"}],"wp:term":[{"taxonomy":"category","embeddable":true,"href":"https:\/\/www.huelvaysusfotografos.com\/index.php?rest_route=%2Fwp%2Fv2%2Fcategories&post=2938"},{"taxonomy":"post_tag","embeddable":true,"href":"https:\/\/www.huelvaysusfotografos.com\/index.php?rest_route=%2Fwp%2Fv2%2Ftags&post=2938"}],"curies":[{"name":"wp","href":"https:\/\/api.w.org\/{rel}","templated":true}]}}