{"id":2901,"date":"2014-03-14T21:01:31","date_gmt":"2014-03-14T20:01:31","guid":{"rendered":"http:\/\/www.huelvaysusfotografos.com\/?p=2901"},"modified":"2014-07-11T19:41:17","modified_gmt":"2014-07-11T18:41:17","slug":"apoyamos-el-trabajo-de-algunos-companeros","status":"publish","type":"post","link":"https:\/\/www.huelvaysusfotografos.com\/?p=2901","title":{"rendered":"Apoyamos el trabajo de algunos compa\u00f1eros"},"content":{"rendered":"<figure id=\"attachment_2912\" aria-describedby=\"caption-attachment-2912\" style=\"width: 215px\" class=\"wp-caption alignleft\"><a href=\"https:\/\/www.huelvaysusfotografos.com\/wp-content\/uploads\/2014\/03\/1899926_627443913978233_1082071680_n.jpg\"><img loading=\"lazy\" decoding=\"async\" class=\"size-medium wp-image-2912\" src=\"https:\/\/www.huelvaysusfotografos.com\/wp-content\/uploads\/2014\/03\/1899926_627443913978233_1082071680_n-215x300.jpg\" alt=\"Cartel PhotoSmartPhone\" width=\"215\" height=\"300\" srcset=\"https:\/\/www.huelvaysusfotografos.com\/wp-content\/uploads\/2014\/03\/1899926_627443913978233_1082071680_n-215x300.jpg 215w, https:\/\/www.huelvaysusfotografos.com\/wp-content\/uploads\/2014\/03\/1899926_627443913978233_1082071680_n.jpg 370w\" sizes=\"auto, (max-width: 215px) 100vw, 215px\" \/><\/a><figcaption id=\"caption-attachment-2912\" class=\"wp-caption-text\">Cartel PhotoSmartPhone<\/figcaption><\/figure>\n<p style=\"text-align: justify;\">La exposici\u00f3n se pude ver hasta ma\u00f1ana s\u00e1bado 15 de marzo, de 10 a 12 h. en Puerta del Atl\u00e1ntico.<\/p>\n<p style=\"text-align: justify;\">Llevamos un mes de marzo muy activo. Aunque por las redes sociales ya sois conocedores de nuestra colaboraci\u00f3n con Alberto Parejo Fotograf\u00eda, y concretamente con el proyecto \u00a0PHOTOSMARTPHONE en Huelva, nos gustar\u00eda desarrollar un poco m\u00e1s esta idea.<\/p>\n<p style=\"text-align: justify;\">Se hab\u00eda presentado recientemente en Sevilla, pero Parejo quiso que visitara Huelva, y as\u00ed fue con la ayuda de la Asociaci\u00f3n \u00abHuelva y sus fot\u00f3grafos\u00bb y la Concejal\u00eda de Turismo.<\/p>\n<p style=\"text-align: justify;\">El lunes 10 de marzo, a las 19:oo horas, en el Centro de Visitantes \u201cHuelva, Puerta del Atl\u00e1ntico\u201d de la mano de Alberto Parejo co-editor del libro se realiz\u00f3 la presentaci\u00f3n de PHOTOSMARTPHONE_BOOK Vol. II. Se trata del primer libro de fotograf\u00edas en B\/N hechas con m\u00f3vil e Instagram. El formato del libro no muy grande y \u00a0recopila 375 instant\u00e1neas capturadas a trav\u00e9s de los smartphones de 25 autores de diferentes nacionalidades. Seg\u00fan sus protagonistas \u00ab<em>el libro tiene un esp\u00edritu inconformista\u00a0que en contra de la tendencia y en un mundo cada vez m\u00e1s virtual, se apuesta por el formato papel y nos aventuramos en un libro pionero en un genero reci\u00e9n nacido, que promete remover los conceptos m\u00e1s establecidos, la Phonograf\u00eda<\/em>\u00ab. \u00a0El libro est\u00e1 puesto a la venta en esta ocasi\u00f3n al precio de 20 euros (para adquirir contactar con Alberto Parejo Fotograf\u00eda).<\/p>\n<p>\u00a0<em id=\"__mceDel\">\u00a0<\/em><\/p>\n<p style=\"text-align: justify;\">En la Sala Multiusos del Centro de Visitantes, subieron a la mesa Juana Mart\u00edn Infantes, Vicepresidenta de la Asociaci\u00f3n Huelva y sus Fot\u00f3grafos y Dinamizadora del Centro Puerta del Atl\u00e1ntico de la Concejal\u00eda de Turismo del Ayuntamiento de Huelva; Alberto Parejo, fot\u00f3grafo y co-editor del libro y promotor de PhotoSmartPhone; Santiago Santos de <a href=\"https:\/\/www.facebook.com\/estentor.smm\">Est\u00e9ntor Social Media Marketing<\/a>\u00a0y Javier Prieto desarrollador de\u00a0<a href=\"https:\/\/www.facebook.com\/Somosdestinorural\">Somos#destinorural<\/a><\/p>\n<p style=\"text-align: justify;\">Tras una breve presentaci\u00f3n del trabajo desarrollado, Parejo nos monstr\u00f3 parte de su trabajo con SmartPhone en un atractivo audiovisual preparado para la ocasi\u00f3n, con im\u00e1genes llenas de vida y creatividad.<\/p>\n<figure id=\"attachment_2908\" aria-describedby=\"caption-attachment-2908\" style=\"width: 461px\" class=\"wp-caption aligncenter\"><a href=\"https:\/\/www.huelvaysusfotografos.com\/wp-content\/uploads\/2014\/03\/1932355_749790908377968_1482207370_n.jpg\"><img loading=\"lazy\" decoding=\"async\" class=\" wp-image-2908   \" src=\"https:\/\/www.huelvaysusfotografos.com\/wp-content\/uploads\/2014\/03\/1932355_749790908377968_1482207370_n.jpg\" alt=\"Presentaci\u00f3n del libro. Juana Mart\u00edn, Alberto Parejo, Santiago Santos y Javier Prieto\" width=\"461\" height=\"346\" srcset=\"https:\/\/www.huelvaysusfotografos.com\/wp-content\/uploads\/2014\/03\/1932355_749790908377968_1482207370_n.jpg 960w, https:\/\/www.huelvaysusfotografos.com\/wp-content\/uploads\/2014\/03\/1932355_749790908377968_1482207370_n-300x225.jpg 300w, https:\/\/www.huelvaysusfotografos.com\/wp-content\/uploads\/2014\/03\/1932355_749790908377968_1482207370_n-768x576.jpg 768w, https:\/\/www.huelvaysusfotografos.com\/wp-content\/uploads\/2014\/03\/1932355_749790908377968_1482207370_n-160x120.jpg 160w\" sizes=\"auto, (max-width: 461px) 100vw, 461px\" \/><\/a><figcaption id=\"caption-attachment-2908\" class=\"wp-caption-text\">Presentaci\u00f3n del libro. Juana Mart\u00edn, Alberto Parejo, Santiago Santos y Javier Prieto \u00a0 \u00a0 \u00a0 \u00a0 \u00a0 \u00a0 \u00a0 \u00a0 \u00a0 \u00a0 \u00a0 \u00a0 \u00a0 \u00a0 \u00a0 \u00a0 \u00a0 \u00a0 \u00a0 \u00a0 \u00a0 \u00a0 \u00a0 \u00a0 \u00a0 \u00a0 \u00a0 Fotograf\u00eda de \u00a0Est\u00e9ntor Social Media Marketing<\/figcaption><\/figure>\n<p style=\"text-align: justify;\">A las 19:30 horas, el evento continu\u00f3 con el acto de \u00a0inauguraci\u00f3n de PHOTOSMARTPHONE_EXPO, donde se mostraban 25 obras de los autores del Photosmartphone_Book Vol. II, es decir una de cada autor. Las im\u00e1genes sorprendieron mucho a los visitantes mucho, y no contamos m\u00e1s&#8230; hay que verlas antes de que viajen a Madrid, s\u00f3lo queda ma\u00f1ana s\u00e1bado (de 10 a 12 h).<\/p>\n<figure id=\"attachment_2905\" aria-describedby=\"caption-attachment-2905\" style=\"width: 476px\" class=\"wp-caption aligncenter\"><a href=\"https:\/\/www.huelvaysusfotografos.com\/wp-content\/uploads\/2014\/03\/Alberto-Parejo-4.jpg\"><img loading=\"lazy\" decoding=\"async\" class=\" wp-image-2905  \" src=\"https:\/\/www.huelvaysusfotografos.com\/wp-content\/uploads\/2014\/03\/Alberto-Parejo-4.jpg\" alt=\"Visitantes en el acto de inauguraci\u00f3n de la Exposici\u00f3n PhotoSmartPhone en Puerta del Atl\u00e1ntico\" width=\"476\" height=\"318\" srcset=\"https:\/\/www.huelvaysusfotografos.com\/wp-content\/uploads\/2014\/03\/Alberto-Parejo-4.jpg 1134w, https:\/\/www.huelvaysusfotografos.com\/wp-content\/uploads\/2014\/03\/Alberto-Parejo-4-300x200.jpg 300w, https:\/\/www.huelvaysusfotografos.com\/wp-content\/uploads\/2014\/03\/Alberto-Parejo-4-1024x683.jpg 1024w, https:\/\/www.huelvaysusfotografos.com\/wp-content\/uploads\/2014\/03\/Alberto-Parejo-4-768x512.jpg 768w, https:\/\/www.huelvaysusfotografos.com\/wp-content\/uploads\/2014\/03\/Alberto-Parejo-4-120x80.jpg 120w\" sizes=\"auto, (max-width: 476px) 100vw, 476px\" \/><\/a><figcaption id=\"caption-attachment-2905\" class=\"wp-caption-text\">Visitantes en el acto de inauguraci\u00f3n de la Exposici\u00f3n PhotoSmartPhone en Puerta del Atl\u00e1ntico. Fotograf\u00eda de Juana Mart\u00edn<\/figcaption><\/figure>\n<p>&nbsp;<\/p>\n<figure id=\"attachment_2904\" aria-describedby=\"caption-attachment-2904\" style=\"width: 680px\" class=\"wp-caption aligncenter\"><a href=\"https:\/\/www.huelvaysusfotografos.com\/wp-content\/uploads\/2014\/03\/Alberto-Parejo-3.jpg\"><img loading=\"lazy\" decoding=\"async\" class=\" wp-image-2904 \" src=\"https:\/\/www.huelvaysusfotografos.com\/wp-content\/uploads\/2014\/03\/Alberto-Parejo-3.jpg\" alt=\"Acto de inauguraci\u00f3n de la Exposici\u00f3n PhotoSmartPhone en Puerta del Atl\u00e1ntico\" width=\"680\" height=\"454\" srcset=\"https:\/\/www.huelvaysusfotografos.com\/wp-content\/uploads\/2014\/03\/Alberto-Parejo-3.jpg 1134w, https:\/\/www.huelvaysusfotografos.com\/wp-content\/uploads\/2014\/03\/Alberto-Parejo-3-300x200.jpg 300w, https:\/\/www.huelvaysusfotografos.com\/wp-content\/uploads\/2014\/03\/Alberto-Parejo-3-1024x683.jpg 1024w, https:\/\/www.huelvaysusfotografos.com\/wp-content\/uploads\/2014\/03\/Alberto-Parejo-3-768x512.jpg 768w, https:\/\/www.huelvaysusfotografos.com\/wp-content\/uploads\/2014\/03\/Alberto-Parejo-3-120x80.jpg 120w\" sizes=\"auto, (max-width: 680px) 100vw, 680px\" \/><\/a><figcaption id=\"caption-attachment-2904\" class=\"wp-caption-text\">Acto de inauguraci\u00f3n de la Exposici\u00f3n PhotoSmartPhone en Puerta del Atl\u00e1ntico. Fotograf\u00eda de Juana Mart\u00edn<\/figcaption><\/figure>\n<p><em id=\"__mceDel\">Para m\u00e1s informaci\u00f3n:; perfil de Instagram @parejophotos1 \u00a0o \u00a0http:\/\/www.parejophotos.com \u00a0 o info@parejophotos.com<\/em><\/p>\n","protected":false},"excerpt":{"rendered":"<p>La exposici\u00f3n se pude ver hasta ma\u00f1ana s\u00e1bado 15 de marzo, de 10 a 12 h. en Puerta del Atl\u00e1ntico. Llevamos un mes de marzo muy activo. Aunque por las redes sociales ya sois conocedores de nuestra colaboraci\u00f3n con Alberto Parejo Fotograf\u00eda, y concretamente con el proyecto \u00a0PHOTOSMARTPHONE en Huelva, nos gustar\u00eda desarrollar un poco m\u00e1s esta idea. Se hab\u00eda presentado recientemente en Sevilla, pero Parejo quiso que visitara Huelva,<\/p>\n<div class=\"belowpost\"><a class=\"btnmore\" href=\"https:\/\/www.huelvaysusfotografos.com\/?p=2901\">Seguir leyendo<\/a><\/div>\n","protected":false},"author":41,"featured_media":2907,"comment_status":"open","ping_status":"open","sticky":false,"template":"","format":"standard","meta":{"footnotes":"","_links_to":"","_links_to_target":""},"categories":[23],"tags":[],"class_list":["post-2901","post","type-post","status-publish","format-standard","has-post-thumbnail","hentry","category-exposiciones"],"_links":{"self":[{"href":"https:\/\/www.huelvaysusfotografos.com\/index.php?rest_route=\/wp\/v2\/posts\/2901","targetHints":{"allow":["GET"]}}],"collection":[{"href":"https:\/\/www.huelvaysusfotografos.com\/index.php?rest_route=\/wp\/v2\/posts"}],"about":[{"href":"https:\/\/www.huelvaysusfotografos.com\/index.php?rest_route=\/wp\/v2\/types\/post"}],"author":[{"embeddable":true,"href":"https:\/\/www.huelvaysusfotografos.com\/index.php?rest_route=\/wp\/v2\/users\/41"}],"replies":[{"embeddable":true,"href":"https:\/\/www.huelvaysusfotografos.com\/index.php?rest_route=%2Fwp%2Fv2%2Fcomments&post=2901"}],"version-history":[{"count":25,"href":"https:\/\/www.huelvaysusfotografos.com\/index.php?rest_route=\/wp\/v2\/posts\/2901\/revisions"}],"predecessor-version":[{"id":3781,"href":"https:\/\/www.huelvaysusfotografos.com\/index.php?rest_route=\/wp\/v2\/posts\/2901\/revisions\/3781"}],"wp:featuredmedia":[{"embeddable":true,"href":"https:\/\/www.huelvaysusfotografos.com\/index.php?rest_route=\/wp\/v2\/media\/2907"}],"wp:attachment":[{"href":"https:\/\/www.huelvaysusfotografos.com\/index.php?rest_route=%2Fwp%2Fv2%2Fmedia&parent=2901"}],"wp:term":[{"taxonomy":"category","embeddable":true,"href":"https:\/\/www.huelvaysusfotografos.com\/index.php?rest_route=%2Fwp%2Fv2%2Fcategories&post=2901"},{"taxonomy":"post_tag","embeddable":true,"href":"https:\/\/www.huelvaysusfotografos.com\/index.php?rest_route=%2Fwp%2Fv2%2Ftags&post=2901"}],"curies":[{"name":"wp","href":"https:\/\/api.w.org\/{rel}","templated":true}]}}