{"id":2871,"date":"2014-03-13T23:11:51","date_gmt":"2014-03-13T22:11:51","guid":{"rendered":"http:\/\/www.huelvaysusfotografos.com\/?p=2871"},"modified":"2014-07-11T19:42:45","modified_gmt":"2014-07-11T18:42:45","slug":"la-cara-solidaria-de-huelva-y-sus-fotografos","status":"publish","type":"post","link":"https:\/\/www.huelvaysusfotografos.com\/?p=2871","title":{"rendered":"La cara solidaria de Huelva y sus fot\u00f3grafos"},"content":{"rendered":"<figure id=\"attachment_2872\" aria-describedby=\"caption-attachment-2872\" style=\"width: 224px\" class=\"wp-caption alignleft\"><a href=\"https:\/\/www.huelvaysusfotografos.com\/wp-content\/uploads\/2014\/03\/DSC_60141.jpg\"><img loading=\"lazy\" decoding=\"async\" class=\"size-medium wp-image-2872\" src=\"https:\/\/www.huelvaysusfotografos.com\/wp-content\/uploads\/2014\/03\/DSC_60141-224x300.jpg\" alt=\"Cartel de la Exposici\u00f3n Fotogr\u00e1fica Ben\u00e9fica \" width=\"224\" height=\"300\" \/><\/a><figcaption id=\"caption-attachment-2872\" class=\"wp-caption-text\">Cartel de la Exposici\u00f3n Fotogr\u00e1fica Ben\u00e9fica<\/figcaption><\/figure>\n<p>Hace algunos meses, Jes\u00fas Vieira miembro de la <strong><span style=\"text-decoration: underline;\">Hermandad del Calvario de Huelva<\/span> <\/strong>nos hizo un llamamiento para que colabor\u00e1ramos en un proyecto fotogr\u00e1fico solidario \u00a0 cuya tem\u00e1tica deb\u00eda girar entorno a la Semana Santa de Huelva capital e imagenes de templos y santuarios.\u00a0De inmediato comenzamos a realizar las gestiones oportunas para hacer posible la idea.<\/p>\n<p style=\"text-align: justify;\">Para los que no conozc\u00e1is c\u00f3mo surgi\u00f3, comentados que dentro del \u00c1rea de Apostolado de la Hermandad del Calvario, se pens\u00f3 en una muestra con fines recaudatorios, cuyos fondos llegaran a personas necesitadas. Esta Hermandad desde las pasadas Navidades viene trabajando a destajo, haciendo desde recogida de alimentos en supermercados, hasta meriendas solidarias con el Albergue Municipal.<\/p>\n<p style=\"text-align: justify;\">En el caso de esta \u00abI Exposici\u00f3n Fotogr\u00e1fica Ben\u00e9fica\u00bb los beneficios de la venta de las fotograf\u00edas, ir\u00e1n destinados al Comedor Virgen de la Cinta, C\u00e1ritas Parroquial y Convento de las RR.MM Oblatas.<\/p>\n<p style=\"text-align: justify;\">El lunes 17 de marzo se inaugurar\u00e1 a las 12:00 horas la muestra que est\u00e1 compuesta por unas 70 fotograf\u00edas, el acto ser\u00e1 en el Sal\u00f3n Iberoamericano de la Casa Col\u00f3n de Huelva. Se podr\u00e1 visitar en horario de ma\u00f1ana y tarde hasta el 22 de marzo, d\u00eda en que las personas que lo deseen pueden colaborar adquiriendo las im\u00e1genes que hayan sido de su agrado.<\/p>\n<p style=\"text-align: justify;\">Diecisiete socios y socias de Huelva y sus fot\u00f3grafos nos hemos embarcado en el proyecto, aportando cada uno aquellas im\u00e1genes que ha visto m\u00e1s conveniente para la ocasi\u00f3n. Gracias a\u00a0<strong><em>Andr\u00e9s Gait\u00e1n,\u00a0Marcos M. G\u00f3mez Carmelo,\u00a0Pedro J. Ruiz-Constantino P\u00e9rez,\u00a0Aurora Mart\u00edn Mar\u00edn,\u00a0Juana M Mart\u00edn Infantes,\u00a0Adolfo Morales Cordero, \u00a0Jos\u00e9 Ram\u00f3n Bustelo,\u00a0Cayetana Cumbreras Santana,\u00a0Manolo Silva,\u00a0Cecilia Gilabert,\u00a0Antonio L.Porras,\u00a0Antonio M. Mart\u00edn Riego,\u00a0Antonio Mu\u00f1oz,\u00a0Amaya Seisdedos Sarasolas,\u00a0Maria Jos\u00e9 Cabello,\u00a0Juan Carlos Cruz y a Juan Jes\u00fas Infante Armada<\/em><\/strong><\/p>\n<p style=\"text-align: justify;\">La Hermandad del Calvario y nuestra Asociaci\u00f3n se han encargado de realizar los tr\u00e1mites pertinentes para que todo est\u00e9 preparado.<\/p>\n<p>Hoy 13 de marzo, hemos estado realizando el montaje de la exposici\u00f3n (os dejamos algunas im\u00e1genes):<\/p>\n<figure id=\"attachment_2888\" aria-describedby=\"caption-attachment-2888\" style=\"width: 300px\" class=\"wp-caption alignleft\"><a href=\"https:\/\/www.huelvaysusfotografos.com\/wp-content\/uploads\/2014\/03\/1489211_598739843551148_525218226_n.jpg\"><img loading=\"lazy\" decoding=\"async\" class=\"size-medium wp-image-2888\" src=\"https:\/\/www.huelvaysusfotografos.com\/wp-content\/uploads\/2014\/03\/1489211_598739843551148_525218226_n-300x225.jpg\" alt=\"Andr\u00e9s, Juana y Aurora en el tajo. Fotograf\u00eda de Cecilia Gilaber\" width=\"300\" height=\"225\" srcset=\"https:\/\/www.huelvaysusfotografos.com\/wp-content\/uploads\/2014\/03\/1489211_598739843551148_525218226_n-300x225.jpg 300w, https:\/\/www.huelvaysusfotografos.com\/wp-content\/uploads\/2014\/03\/1489211_598739843551148_525218226_n-768x576.jpg 768w, https:\/\/www.huelvaysusfotografos.com\/wp-content\/uploads\/2014\/03\/1489211_598739843551148_525218226_n-160x120.jpg 160w, https:\/\/www.huelvaysusfotografos.com\/wp-content\/uploads\/2014\/03\/1489211_598739843551148_525218226_n.jpg 960w\" sizes=\"auto, (max-width: 300px) 100vw, 300px\" \/><\/a><figcaption id=\"caption-attachment-2888\" class=\"wp-caption-text\">Andr\u00e9s, Juana y Aurora en el tajo. \u00a0 \u00a0 \u00a0 \u00a0 \u00a0 \u00a0 \u00a0 \u00a0 \u00a0 \u00a0 \u00a0 \u00a0 \u00a0 \u00a0 \u00a0 \u00a0 \u00a0 \u00a0 Fotograf\u00eda de Cecilia Gilaber<\/figcaption><\/figure>\n<figure id=\"attachment_2879\" aria-describedby=\"caption-attachment-2879\" style=\"width: 300px\" class=\"wp-caption alignleft\"><a href=\"https:\/\/www.huelvaysusfotografos.com\/wp-content\/uploads\/2014\/03\/Montaje-Expo-Solidaria-2.jpg\"><img loading=\"lazy\" decoding=\"async\" class=\"size-medium wp-image-2879\" src=\"https:\/\/www.huelvaysusfotografos.com\/wp-content\/uploads\/2014\/03\/Montaje-Expo-Solidaria-2-300x199.jpg\" alt=\"Las fotograf\u00edas esperan a ser colgadas\" width=\"300\" height=\"199\" \/><\/a><figcaption id=\"caption-attachment-2879\" class=\"wp-caption-text\">Las fotograf\u00edas esperan a ser colgadas. \u00a0 \u00a0 \u00a0 \u00a0 \u00a0 \u00a0 \u00a0 \u00a0 \u00a0 \u00a0 \u00a0 \u00a0 \u00a0 \u00a0 \u00a0 \u00a0 \u00a0Fotograf\u00eda de Juana Mart\u00edn<\/figcaption><\/figure>\n<figure id=\"attachment_2880\" aria-describedby=\"caption-attachment-2880\" style=\"width: 300px\" class=\"wp-caption alignleft\"><a href=\"https:\/\/www.huelvaysusfotografos.com\/wp-content\/uploads\/2014\/03\/Montaje-Expo-Solidaria-3.jpg\"><img loading=\"lazy\" decoding=\"async\" class=\"size-medium wp-image-2880\" src=\"https:\/\/www.huelvaysusfotografos.com\/wp-content\/uploads\/2014\/03\/Montaje-Expo-Solidaria-3-300x199.jpg\" alt=\"Aurora, Isaac, Pedro y Antonio andan liados con medidas y n\u00fameros\" width=\"300\" height=\"199\" \/><\/a><figcaption id=\"caption-attachment-2880\" class=\"wp-caption-text\">Aurora, Isaac, Pedro y Antonio andan liados con medidas y n\u00fameros. Foto Juana Mart\u00edn<\/figcaption><\/figure>\n<figure id=\"attachment_2882\" aria-describedby=\"caption-attachment-2882\" style=\"width: 300px\" class=\"wp-caption alignleft\"><a href=\"https:\/\/www.huelvaysusfotografos.com\/wp-content\/uploads\/2014\/03\/Montaje-Expo-Solidaria-5.jpg\"><img loading=\"lazy\" decoding=\"async\" class=\"size-medium wp-image-2882\" src=\"https:\/\/www.huelvaysusfotografos.com\/wp-content\/uploads\/2014\/03\/Montaje-Expo-Solidaria-5-300x199.jpg\" alt=\"Se valora el trabajo y se busca la foto perdida\" width=\"300\" height=\"199\" \/><\/a><figcaption id=\"caption-attachment-2882\" class=\"wp-caption-text\">Se valora el trabajo y se busca la foto perdida \u00a0 \u00a0 \u00a0 \u00a0 \u00a0 \u00a0 \u00a0 \u00a0 \u00a0 \u00a0 \u00a0 \u00a0 \u00a0 \u00a0 \u00a0Fotograf\u00eda de Juana Mart\u00edn<\/figcaption><\/figure>\n<figure id=\"attachment_2883\" aria-describedby=\"caption-attachment-2883\" style=\"width: 300px\" class=\"wp-caption alignleft\"><a href=\"https:\/\/www.huelvaysusfotografos.com\/wp-content\/uploads\/2014\/03\/Montaje-Expo-Solidaria-6.jpg\"><img loading=\"lazy\" decoding=\"async\" class=\"size-medium wp-image-2883\" src=\"https:\/\/www.huelvaysusfotografos.com\/wp-content\/uploads\/2014\/03\/Montaje-Expo-Solidaria-6-300x199.jpg\" alt=\"Hay momento para la diversi\u00f3n\" width=\"300\" height=\"199\" \/><\/a><figcaption id=\"caption-attachment-2883\" class=\"wp-caption-text\">Hay momento para la diversi\u00f3n \u00a0 \u00a0 \u00a0 \u00a0 \u00a0 \u00a0 \u00a0 \u00a0 \u00a0 \u00a0 \u00a0 \u00a0 \u00a0 \u00a0 \u00a0 \u00a0 \u00a0 \u00a0 \u00a0 \u00a0 \u00a0Fotograf\u00eda de Juana Mart\u00edn<\/figcaption><\/figure>\n<figure id=\"attachment_2887\" aria-describedby=\"caption-attachment-2887\" style=\"width: 300px\" class=\"wp-caption alignleft\"><a href=\"https:\/\/www.huelvaysusfotografos.com\/wp-content\/uploads\/2014\/03\/1888440_595313033888991_1351491501_n.jpg\"><img loading=\"lazy\" decoding=\"async\" class=\"size-medium wp-image-2887\" src=\"https:\/\/www.huelvaysusfotografos.com\/wp-content\/uploads\/2014\/03\/1888440_595313033888991_1351491501_n-300x160.jpg\" alt=\"Momento del montaje  Fotograf\u00eda Adolfo Morales\" width=\"300\" height=\"160\" srcset=\"https:\/\/www.huelvaysusfotografos.com\/wp-content\/uploads\/2014\/03\/1888440_595313033888991_1351491501_n-300x160.jpg 300w, https:\/\/www.huelvaysusfotografos.com\/wp-content\/uploads\/2014\/03\/1888440_595313033888991_1351491501_n-768x410.jpg 768w, https:\/\/www.huelvaysusfotografos.com\/wp-content\/uploads\/2014\/03\/1888440_595313033888991_1351491501_n.jpg 960w\" sizes=\"auto, (max-width: 300px) 100vw, 300px\" \/><\/a><figcaption id=\"caption-attachment-2887\" class=\"wp-caption-text\">Momento del montaje<br \/>Fotograf\u00eda Adolfo Morales<\/figcaption><\/figure>\n<p>&nbsp;<\/p>\n","protected":false},"excerpt":{"rendered":"<p>Hace algunos meses, Jes\u00fas Vieira miembro de la Hermandad del Calvario de Huelva nos hizo un llamamiento para que colabor\u00e1ramos en un proyecto fotogr\u00e1fico solidario \u00a0 cuya tem\u00e1tica deb\u00eda girar entorno a la Semana Santa de Huelva capital e imagenes de templos y santuarios.\u00a0De inmediato comenzamos a realizar las gestiones oportunas para hacer posible la idea. Para los que no conozc\u00e1is c\u00f3mo surgi\u00f3, comentados que dentro del \u00c1rea de Apostolado<\/p>\n<div class=\"belowpost\"><a class=\"btnmore\" href=\"https:\/\/www.huelvaysusfotografos.com\/?p=2871\">Seguir leyendo<\/a><\/div>\n","protected":false},"author":41,"featured_media":2881,"comment_status":"open","ping_status":"open","sticky":false,"template":"","format":"standard","meta":{"footnotes":"","_links_to":"","_links_to_target":""},"categories":[23],"tags":[],"class_list":["post-2871","post","type-post","status-publish","format-standard","has-post-thumbnail","hentry","category-exposiciones"],"_links":{"self":[{"href":"https:\/\/www.huelvaysusfotografos.com\/index.php?rest_route=\/wp\/v2\/posts\/2871","targetHints":{"allow":["GET"]}}],"collection":[{"href":"https:\/\/www.huelvaysusfotografos.com\/index.php?rest_route=\/wp\/v2\/posts"}],"about":[{"href":"https:\/\/www.huelvaysusfotografos.com\/index.php?rest_route=\/wp\/v2\/types\/post"}],"author":[{"embeddable":true,"href":"https:\/\/www.huelvaysusfotografos.com\/index.php?rest_route=\/wp\/v2\/users\/41"}],"replies":[{"embeddable":true,"href":"https:\/\/www.huelvaysusfotografos.com\/index.php?rest_route=%2Fwp%2Fv2%2Fcomments&post=2871"}],"version-history":[{"count":20,"href":"https:\/\/www.huelvaysusfotografos.com\/index.php?rest_route=\/wp\/v2\/posts\/2871\/revisions"}],"predecessor-version":[{"id":3782,"href":"https:\/\/www.huelvaysusfotografos.com\/index.php?rest_route=\/wp\/v2\/posts\/2871\/revisions\/3782"}],"wp:featuredmedia":[{"embeddable":true,"href":"https:\/\/www.huelvaysusfotografos.com\/index.php?rest_route=\/wp\/v2\/media\/2881"}],"wp:attachment":[{"href":"https:\/\/www.huelvaysusfotografos.com\/index.php?rest_route=%2Fwp%2Fv2%2Fmedia&parent=2871"}],"wp:term":[{"taxonomy":"category","embeddable":true,"href":"https:\/\/www.huelvaysusfotografos.com\/index.php?rest_route=%2Fwp%2Fv2%2Fcategories&post=2871"},{"taxonomy":"post_tag","embeddable":true,"href":"https:\/\/www.huelvaysusfotografos.com\/index.php?rest_route=%2Fwp%2Fv2%2Ftags&post=2871"}],"curies":[{"name":"wp","href":"https:\/\/api.w.org\/{rel}","templated":true}]}}