{"id":2838,"date":"2014-03-12T18:56:29","date_gmt":"2014-03-12T17:56:29","guid":{"rendered":"http:\/\/www.huelvaysusfotografos.com\/?p=2838"},"modified":"2014-07-11T19:45:27","modified_gmt":"2014-07-11T18:45:27","slug":"pastor-cornejo-i-la-camara-oscura","status":"publish","type":"post","link":"https:\/\/www.huelvaysusfotografos.com\/?p=2838","title":{"rendered":"PASTOR CORNEJO (I). LA C\u00c1MARA OSCURA"},"content":{"rendered":"<figure id=\"attachment_2854\" aria-describedby=\"caption-attachment-2854\" style=\"width: 200px\" class=\"wp-caption alignright\"><a href=\"https:\/\/www.huelvaysusfotografos.com\/wp-content\/uploads\/2014\/03\/IMG_8554.jpg\"><img loading=\"lazy\" decoding=\"async\" class=\"size-medium wp-image-2854 \" src=\"https:\/\/www.huelvaysusfotografos.com\/wp-content\/uploads\/2014\/03\/IMG_8554-200x300.jpg\" alt=\"Pastor de los Santos Cornejo. Fotograf\u00eda de Carmen Torres Chaguaceda\" width=\"200\" height=\"300\" srcset=\"https:\/\/www.huelvaysusfotografos.com\/wp-content\/uploads\/2014\/03\/IMG_8554-200x300.jpg 200w, https:\/\/www.huelvaysusfotografos.com\/wp-content\/uploads\/2014\/03\/IMG_8554-683x1024.jpg 683w, https:\/\/www.huelvaysusfotografos.com\/wp-content\/uploads\/2014\/03\/IMG_8554-768x1152.jpg 768w, https:\/\/www.huelvaysusfotografos.com\/wp-content\/uploads\/2014\/03\/IMG_8554-1024x1536.jpg 1024w, https:\/\/www.huelvaysusfotografos.com\/wp-content\/uploads\/2014\/03\/IMG_8554-1365x2048.jpg 1365w, https:\/\/www.huelvaysusfotografos.com\/wp-content\/uploads\/2014\/03\/IMG_8554-scaled.jpg 1707w\" sizes=\"auto, (max-width: 200px) 100vw, 200px\" \/><\/a><figcaption id=\"caption-attachment-2854\" class=\"wp-caption-text\">Pastor de los Santos Cornejo. Fotograf\u00eda de Carmen Torres Chaguaceda<\/figcaption><\/figure>\n<p>&nbsp;<\/p>\n<p style=\"text-align: justify;\">El pasado viernes hab\u00edamos quedado con Pastor en el Zagu\u00e1n del Teatro Ruiz Tatay de Zalamea la Real, para ver su exposici\u00f3n de fotograf\u00edas estenopeicas que se anunciaba \u00abSin c\u00e1mara\u00bb. Dedicaremos m\u00e1s de un art\u00edculo a Pastor , ya que el encuentro dio para mucho.<\/p>\n<p style=\"text-align: justify;\">PASTOR CORNEJO a sus 77 a\u00f1os es todo un torbellino, un magn\u00edfico comunicador y tiene una memoria de elefante. \u00a0Ha sido y es profesor.<\/p>\n<p style=\"text-align: justify;\">Aunque ya hac\u00eda fotograf\u00edas, tuvo la ocasi\u00f3n estando en Barcelona, de conocerla de la mano de uno de sus alumnos que ten\u00eda un laboratorio fotogr\u00e1fico en casa, invit\u00e1ndole a que conociera c\u00f3mo era el funcionamiento del proceso, fue a partir de aquello cuando \u00a0\u201cle entr\u00f3 el gusanillo en el cuerpo\u201d y comenz\u00f3 a invertir en materiales relacionados.<\/p>\n<p style=\"text-align: justify;\">Reconoce que siempre ha tenido una inclinaci\u00f3n por el mundo del cine, su mujer y sus hijos le ayudaron a hacerse del material necesario para poder realizar sus propias producciones. Ya en el Centro de Profesores de Sevilla, a trav\u00e9s de unos compa\u00f1eros que llevaban la fotograf\u00eda, le animaron a trabajar de manera conjunta en este tema.<\/p>\n<p>&nbsp;<\/p>\n<p>&nbsp;<\/p>\n<p>LA C\u00c1MARA OSCURA<\/p>\n<p style=\"text-align: justify;\">Durante la visita Pastor nos cuenta la metodolog\u00eda de trabajo con esta rudimentaria c\u00e1mara fotogr\u00e1fica.<\/p>\n<p style=\"text-align: justify;\">La c\u00e1mara oscura es un habit\u00e1culo pintado de negro internamente y herm\u00e9tico para que la luz no pueda entrar. Tiene un peque\u00f1o orificio que act\u00faa como objetivo (aconseja que sea lo m\u00e1s peque\u00f1o posible para conseguir definici\u00f3n); la lente es el aire que hay en ese hueco; el obturador es una peque\u00f1a pieza de madera que se sostiene con unas gu\u00edas del mismo material. El negativo ser\u00eda un trozo de papel fotogr\u00e1fico, que Pastor aconseja que sea con una textura que se reconozca bien d\u00f3nde est\u00e1 la emulsi\u00f3n\u00a0 al tacto (de esta manera evitamos equivocarnos al manejarlo en la oscuridad). En cuanto al tiempo de exposici\u00f3n de dicho material sensible, Pastor apunta que depende del sol (30 segundos, 40 segundos) como orientaci\u00f3n comenta, que en d\u00edas nublados la exposici\u00f3n puede llegar a ser de 3 minutos con resultados aceptables. Es imprescindible llevar una \u201cmanga\u201d, si se sale fuera a realizar m\u00e1s de una fotograf\u00eda. Es una especie de chaleco herm\u00e9tico y negro, donde s\u00f3lo se puede acceder a su interior a trav\u00e9s de sus dos mangas, previamente, en su\u00a0 interior se incluyen dos cajas, una con el material impresionado y la otra con el papel virgen, de tal manera que toda la manipulaci\u00f3n y cambios de material sensible c\u00e1mara- caja estanco se realiza all\u00ed dentro a fin de no estropear el trabajo. Las distancias focales en este tipo de c\u00e1maras normalmente son peque\u00f1as, no pensemos en grandes \u00e1ngulos de visi\u00f3n.<\/p>\n<p>&nbsp;<\/p>\n<figure id=\"attachment_2853\" aria-describedby=\"caption-attachment-2853\" style=\"width: 300px\" class=\"wp-caption aligncenter\"><a href=\"https:\/\/www.huelvaysusfotografos.com\/wp-content\/uploads\/2014\/03\/IMG_8591.jpg\"><img loading=\"lazy\" decoding=\"async\" class=\"size-medium wp-image-2853 \" src=\"https:\/\/www.huelvaysusfotografos.com\/wp-content\/uploads\/2014\/03\/IMG_8591-300x200.jpg\" alt=\"C\u00e1mara oscura que Pastor presenta a los visitantes de su exposici\u00f3n. Fotograf\u00eda de Carmen Torres Chaguaceda\" width=\"300\" height=\"200\" srcset=\"https:\/\/www.huelvaysusfotografos.com\/wp-content\/uploads\/2014\/03\/IMG_8591-300x200.jpg 300w, https:\/\/www.huelvaysusfotografos.com\/wp-content\/uploads\/2014\/03\/IMG_8591-1024x683.jpg 1024w, https:\/\/www.huelvaysusfotografos.com\/wp-content\/uploads\/2014\/03\/IMG_8591-768x512.jpg 768w, https:\/\/www.huelvaysusfotografos.com\/wp-content\/uploads\/2014\/03\/IMG_8591-1536x1024.jpg 1536w, https:\/\/www.huelvaysusfotografos.com\/wp-content\/uploads\/2014\/03\/IMG_8591-2048x1365.jpg 2048w, https:\/\/www.huelvaysusfotografos.com\/wp-content\/uploads\/2014\/03\/IMG_8591-120x80.jpg 120w\" sizes=\"auto, (max-width: 300px) 100vw, 300px\" \/><\/a><figcaption id=\"caption-attachment-2853\" class=\"wp-caption-text\">C\u00e1mara oscura que Pastor presenta a los visitantes de su exposici\u00f3n. Fotograf\u00eda de Carmen Torres Chaguaceda<\/figcaption><\/figure>\n<p>&nbsp;<\/p>\n<figure id=\"attachment_2855\" aria-describedby=\"caption-attachment-2855\" style=\"width: 300px\" class=\"wp-caption aligncenter\"><a href=\"https:\/\/www.huelvaysusfotografos.com\/wp-content\/uploads\/2014\/03\/Pastor-5.jpg\"><img loading=\"lazy\" decoding=\"async\" class=\"size-medium wp-image-2855 \" src=\"https:\/\/www.huelvaysusfotografos.com\/wp-content\/uploads\/2014\/03\/Pastor-5-300x199.jpg\" alt=\"C\u00e1mara oscura hecha con una lata circular. Fotograf\u00eda Juana Mart\u00edn\" width=\"300\" height=\"199\" \/><\/a><figcaption id=\"caption-attachment-2855\" class=\"wp-caption-text\">C\u00e1mara oscura hecha con una lata circular, de leche en polvo, m\u00e1s resistente. Fotograf\u00eda Juana Mart\u00edn<\/figcaption><\/figure>\n<p style=\"text-align: justify;\">Tambi\u00e9n nos ense\u00f1a otra c\u00e1mara oscura realizada con una lata circular de leche en polvo, donde la imagen obtenida parece ovalada; el secreto es la propia estructura circular de la lata a la que se amolda el papel sensible.<\/p>\n<p style=\"text-align: justify;\">Cuando ya se han realizado todas las tomas, se regresa al laboratorio en que como m\u00ednimo tenemos que disponer de luz roja o amarilla adecuada para laboratorios fotogr\u00e1ficos, tambi\u00e9n 2 cubetas, una para revelador y otra para fijador\u2026 el ba\u00f1o de paro se puede solucionar con el chorro de agua del grifo (Pastor reconoce que es algo troll\u00f3n en el proceso), nos revela un secreto, a veces utiliza la cubeta ba\u00f1o de paro le echa un poco de lim\u00f3n.<\/p>\n<p style=\"text-align: justify;\">El papel\u00a0 impresionado se mete\u00a0 primero en el revelador, luego pasa por el fijador y finalmente por el ba\u00f1o de paro. Luego hay que dejar secar ese papel que desde ese momento se convierte en nuestro negativo.<\/p>\n<p style=\"text-align: justify;\">En el revelado, cuando la imagen \u201cse est\u00e1 viniendo\u201d (va apareciendo) y vemos que se viene m\u00e1s por un lado que por otro, pues hay dos procedimientos para dar soluci\u00f3n: 1. Meter en el ba\u00f1o de paro la parte que se viene m\u00e1s, de tal manera que paramos el proceso de revelado en esa parte,\u00a0 y luego volver el papel de nuevo en el revelado para que contin\u00fae el revelado de la otra parte. 2. Llevar el papel que se est\u00e1 revelando hasta el final de la cubeta y se frota con fuerza la parte que no se viene, de esa manera provocamos calor y esto hace que el revelado sea m\u00e1s r\u00e1pido.<\/p>\n<p style=\"text-align: justify;\">Cuando se ha secado nuestro negativo, en la ampliadora y por contacto con otro papel no impresionado, se de da luz con la ampliadora y se repite el proceso con los productos qu\u00edmicos. Hoy en d\u00eda se puede hacer este proceso con Photoshop, una vez escaneado, se le da al comando invertir y ya tenemos el positivo, que l\u00f3gicamente se puede retocar con este programa.<\/p>\n<p style=\"text-align: justify;\">Pastor nos habla que este tipo de im\u00e1genes logradas con la fotograf\u00eda anal\u00f3gica, son para toda la vida, mientras que lo digital con los a\u00f1os lo perderemos.<\/p>\n<p style=\"text-align: justify;\">A veces aparecen \u201cfantasmas\u201d en las im\u00e1genes, eso ocurre porque las personas fotografiadas no permanecen quietas. Pastor nos dice \u201caqu\u00ed se cumple lo que dec\u00eda el Guerra, \u00a1c\u00f3mo te muevas no sales en la foto!\u201d, es una realidad, para salir en una fotograf\u00eda con caja oscura se tiene que estar uno muy quieto. El efecto \u201cfantasma\u201d sorprende a muchos de los visitantes a la exposici\u00f3n. Traducido a una c\u00e1mara \u201cnormal\u201d estos efectos se consiguen con velocidades lentas.<\/p>\n<figure id=\"attachment_2856\" aria-describedby=\"caption-attachment-2856\" style=\"width: 300px\" class=\"wp-caption aligncenter\"><a href=\"https:\/\/www.huelvaysusfotografos.com\/wp-content\/uploads\/2014\/03\/Pastor-6.jpg\"><img loading=\"lazy\" decoding=\"async\" class=\"size-medium wp-image-2856\" src=\"https:\/\/www.huelvaysusfotografos.com\/wp-content\/uploads\/2014\/03\/Pastor-6-300x199.jpg\" alt=\"Autorretrato de Pastor. Se puede apreciar los escalones en el cuerpo del fot\u00f3grafo\" width=\"300\" height=\"199\" \/><\/a><figcaption id=\"caption-attachment-2856\" class=\"wp-caption-text\">Autorretrato de Pastor. Se puede apreciar los escalones en el cuerpo del fot\u00f3grafo<\/figcaption><\/figure>\n<p>Pastor concluye que todo esto es cuesti\u00f3n de pruebas y de tiempo, y nos invita a que hagamos algunas pr\u00e1cticas.<\/p>\n<p>&#8230; continuar\u00e1&#8230;<\/p>\n<p>&nbsp;<\/p>\n","protected":false},"excerpt":{"rendered":"<p>&nbsp; El pasado viernes hab\u00edamos quedado con Pastor en el Zagu\u00e1n del Teatro Ruiz Tatay de Zalamea la Real, para ver su exposici\u00f3n de fotograf\u00edas estenopeicas que se anunciaba \u00abSin c\u00e1mara\u00bb. Dedicaremos m\u00e1s de un art\u00edculo a Pastor , ya que el encuentro dio para mucho. PASTOR CORNEJO a sus 77 a\u00f1os es todo un torbellino, un magn\u00edfico comunicador y tiene una memoria de elefante. \u00a0Ha sido y es profesor.<\/p>\n<div class=\"belowpost\"><a class=\"btnmore\" href=\"https:\/\/www.huelvaysusfotografos.com\/?p=2838\">Seguir leyendo<\/a><\/div>\n","protected":false},"author":41,"featured_media":3784,"comment_status":"open","ping_status":"open","sticky":false,"template":"","format":"standard","meta":{"footnotes":"","_links_to":"","_links_to_target":""},"categories":[3],"tags":[],"class_list":["post-2838","post","type-post","status-publish","format-standard","has-post-thumbnail","hentry","category-noticias"],"_links":{"self":[{"href":"https:\/\/www.huelvaysusfotografos.com\/index.php?rest_route=\/wp\/v2\/posts\/2838","targetHints":{"allow":["GET"]}}],"collection":[{"href":"https:\/\/www.huelvaysusfotografos.com\/index.php?rest_route=\/wp\/v2\/posts"}],"about":[{"href":"https:\/\/www.huelvaysusfotografos.com\/index.php?rest_route=\/wp\/v2\/types\/post"}],"author":[{"embeddable":true,"href":"https:\/\/www.huelvaysusfotografos.com\/index.php?rest_route=\/wp\/v2\/users\/41"}],"replies":[{"embeddable":true,"href":"https:\/\/www.huelvaysusfotografos.com\/index.php?rest_route=%2Fwp%2Fv2%2Fcomments&post=2838"}],"version-history":[{"count":12,"href":"https:\/\/www.huelvaysusfotografos.com\/index.php?rest_route=\/wp\/v2\/posts\/2838\/revisions"}],"predecessor-version":[{"id":3786,"href":"https:\/\/www.huelvaysusfotografos.com\/index.php?rest_route=\/wp\/v2\/posts\/2838\/revisions\/3786"}],"wp:featuredmedia":[{"embeddable":true,"href":"https:\/\/www.huelvaysusfotografos.com\/index.php?rest_route=\/wp\/v2\/media\/3784"}],"wp:attachment":[{"href":"https:\/\/www.huelvaysusfotografos.com\/index.php?rest_route=%2Fwp%2Fv2%2Fmedia&parent=2838"}],"wp:term":[{"taxonomy":"category","embeddable":true,"href":"https:\/\/www.huelvaysusfotografos.com\/index.php?rest_route=%2Fwp%2Fv2%2Fcategories&post=2838"},{"taxonomy":"post_tag","embeddable":true,"href":"https:\/\/www.huelvaysusfotografos.com\/index.php?rest_route=%2Fwp%2Fv2%2Ftags&post=2838"}],"curies":[{"name":"wp","href":"https:\/\/api.w.org\/{rel}","templated":true}]}}