{"id":2832,"date":"2014-03-05T21:44:19","date_gmt":"2014-03-05T20:44:19","guid":{"rendered":"http:\/\/www.huelvaysusfotografos.com\/?p=2832"},"modified":"2014-07-11T19:46:31","modified_gmt":"2014-07-11T18:46:31","slug":"reto-concurso-mujer","status":"publish","type":"post","link":"https:\/\/www.huelvaysusfotografos.com\/?p=2832","title":{"rendered":"RETO -CONCURSO \u00abMUJER\u00bb"},"content":{"rendered":"<p>&nbsp;<\/p>\n<p>&nbsp;<\/p>\n<p>Con motivo del D\u00cdA DE LA MUJER, desde la \u00abAsociaci\u00f3n Huelva y sus Fot\u00f3grafos\u00bb lanzamos este reto-concurso donde la MUJER es el tema central (en cualquier faceta de su vida).<br \/>\nCada participante deber\u00e1 remitir una fotograf\u00eda al correo electr\u00f3nico huelvaysf@gmail.com.<\/p>\n<p>El plazo de recepci\u00f3n ser\u00e1 desde la publicaci\u00f3n de estas bases y hasta el d\u00eda 8 de marzo de 2014, a las 24:00 horas.<\/p>\n<p>Las im\u00e1genes ser\u00e1n en JPG y no pesar\u00e1n m\u00e1s de 1MB. Se aceptan fotograf\u00edas en color y en B\/N. No son v\u00e1lidos fotomontajes. Las fotograf\u00edas no pueden mandarse firmadas, ni con marcas, ni logos, ni marcos<\/p>\n<p>Tras recibir todas las im\u00e1genes, la organizaci\u00f3n har\u00e1 un \u00e1lbum en la P\u00e1gina de la Asociaci\u00f3n HYSF de Facebook (<a href=\"https:\/\/www.facebook.com\/huelvaysusfotografos\">https:\/\/www.facebook.com\/huelvaysusfotografos<\/a>).<\/p>\n<p>JURADO:<\/p>\n<p>Habr\u00e1 un Jurado de Miembros de nuestra Asociaci\u00f3n que seleccionar\u00e1 con su mejor criterio a la imagen ganadora.<br \/>\nY habr\u00e1 un Jurado Popular conformado por todos aquellos internautas que clickeen en las fotos con \u00abMe gusta\u00bb (aqu\u00ed ganar\u00e1 la imagen que m\u00e1s \u00abme gusta\u00bb obtenga en el periodo de 3 d\u00edas (del lunes 10 al mi\u00e9rcoles 12 a las 24.00 h).<\/p>\n<p>El s\u00e1bado 15 de marzo se dar\u00e1 noticia del fallo de ambos Jurados.<\/p>\n<p>PREMIOS:<br \/>\nEl premio de la imagen ganadora del JURADO FORMADO POR MIEMBROS DE HYSF ser\u00e1: cuota gratis de un a\u00f1o de la asociaci\u00f3n, diploma acreditativo de ser ganador, ser foto de portada durante 1 semana en Facebook y regalillos varios cedidos por Diputaci\u00f3n de Huelva.<br \/>\nEl premio de la imagen ganadora del JURADO POPULAR \u00abME GUSTA\u00bb ser\u00e1 una invitaci\u00f3n- bebida en la pr\u00f3xima tertulia fotogr\u00e1fica y regalillos varios cedidos por Diputaci\u00f3n de Huelva.<\/p>\n<p>Notas:<br \/>\n1. Los miembros del Jurado de miembros de HYSF no podr\u00e1n optar al premio que \u00e9ste falla, pero s\u00ed al del Jurado Popular.<br \/>\n2. Aquellas im\u00e1genes que no re\u00fanan los requisitos propuestos en las bases ser\u00e1n eliminadas y quedar\u00e1n fuera del concurso.<br \/>\n3. La organizaci\u00f3n tomar\u00e1 las decisiones que vea oportunas para el buen funcionamiento de esta iniciativa.<\/p>\n","protected":false},"excerpt":{"rendered":"<p>&nbsp; &nbsp; Con motivo del D\u00cdA DE LA MUJER, desde la \u00abAsociaci\u00f3n Huelva y sus Fot\u00f3grafos\u00bb lanzamos este reto-concurso donde la MUJER es el tema central (en cualquier faceta de su vida). Cada participante deber\u00e1 remitir una fotograf\u00eda al correo electr\u00f3nico huelvaysf@gmail.com. El plazo de recepci\u00f3n ser\u00e1 desde la publicaci\u00f3n de estas bases y hasta el d\u00eda 8 de marzo de 2014, a las 24:00 horas. Las im\u00e1genes ser\u00e1n en<\/p>\n<div class=\"belowpost\"><a class=\"btnmore\" href=\"https:\/\/www.huelvaysusfotografos.com\/?p=2832\">Seguir leyendo<\/a><\/div>\n","protected":false},"author":41,"featured_media":2833,"comment_status":"open","ping_status":"open","sticky":false,"template":"","format":"standard","meta":{"footnotes":"","_links_to":"","_links_to_target":""},"categories":[3],"tags":[],"class_list":["post-2832","post","type-post","status-publish","format-standard","has-post-thumbnail","hentry","category-noticias"],"_links":{"self":[{"href":"https:\/\/www.huelvaysusfotografos.com\/index.php?rest_route=\/wp\/v2\/posts\/2832","targetHints":{"allow":["GET"]}}],"collection":[{"href":"https:\/\/www.huelvaysusfotografos.com\/index.php?rest_route=\/wp\/v2\/posts"}],"about":[{"href":"https:\/\/www.huelvaysusfotografos.com\/index.php?rest_route=\/wp\/v2\/types\/post"}],"author":[{"embeddable":true,"href":"https:\/\/www.huelvaysusfotografos.com\/index.php?rest_route=\/wp\/v2\/users\/41"}],"replies":[{"embeddable":true,"href":"https:\/\/www.huelvaysusfotografos.com\/index.php?rest_route=%2Fwp%2Fv2%2Fcomments&post=2832"}],"version-history":[{"count":7,"href":"https:\/\/www.huelvaysusfotografos.com\/index.php?rest_route=\/wp\/v2\/posts\/2832\/revisions"}],"predecessor-version":[{"id":3788,"href":"https:\/\/www.huelvaysusfotografos.com\/index.php?rest_route=\/wp\/v2\/posts\/2832\/revisions\/3788"}],"wp:featuredmedia":[{"embeddable":true,"href":"https:\/\/www.huelvaysusfotografos.com\/index.php?rest_route=\/wp\/v2\/media\/2833"}],"wp:attachment":[{"href":"https:\/\/www.huelvaysusfotografos.com\/index.php?rest_route=%2Fwp%2Fv2%2Fmedia&parent=2832"}],"wp:term":[{"taxonomy":"category","embeddable":true,"href":"https:\/\/www.huelvaysusfotografos.com\/index.php?rest_route=%2Fwp%2Fv2%2Fcategories&post=2832"},{"taxonomy":"post_tag","embeddable":true,"href":"https:\/\/www.huelvaysusfotografos.com\/index.php?rest_route=%2Fwp%2Fv2%2Ftags&post=2832"}],"curies":[{"name":"wp","href":"https:\/\/api.w.org\/{rel}","templated":true}]}}