{"id":2810,"date":"2014-03-05T21:00:54","date_gmt":"2014-03-05T20:00:54","guid":{"rendered":"http:\/\/www.huelvaysusfotografos.com\/?p=2810"},"modified":"2014-07-11T19:56:05","modified_gmt":"2014-07-11T18:56:05","slug":"fotografia-y-patrimonio-de-huelva","status":"publish","type":"post","link":"https:\/\/www.huelvaysusfotografos.com\/?p=2810","title":{"rendered":"Fotograf\u00eda y Patrimonio de Huelva"},"content":{"rendered":"<p>Desde hace m\u00e1s de un a\u00f1o, la Asociaci\u00f3n Huelva y sus Fot\u00f3grafos colabora con el Concurso \u201cHuelva a trav\u00e9s de la fotograf\u00eda\u201d. Casi un centenar de aficionados\/as y profesionales de la fotograf\u00eda participaron en las 12 ediciones de 2013. En estas propuestas, van de la mano de la promoci\u00f3n de la fotograf\u00eda en Huelva y \u00a0la difusi\u00f3n del patrimonio onubense, y continuamos este a\u00f1o en la misma l\u00ednea.<\/p>\n<p>En enero tras la deliberaci\u00f3n del jurado, y bajo el tema \u201cReflejos de mi ciudad\u201d, result\u00f3 premiada la fotograf\u00eda de Aurora Mart\u00edn Mar\u00edn, con la imagen \u201cMiradas\u201d. La autora nos revela\u2026 \u201clos concursos me gustan, me parecen interesantes y sobre todo un buen medio para difundir la ciudad de Huelva. La La fotograf\u00eda la realice del reflejo de la Iglesia de la Concepci\u00f3n, considerando que tuviera relaci\u00f3n con la palabra novia, ya que existe una simbiosis entre ambos elementos bastante interesante\u201d.<\/p>\n<figure id=\"attachment_2812\" aria-describedby=\"caption-attachment-2812\" style=\"width: 300px\" class=\"wp-caption aligncenter\"><a href=\"https:\/\/www.huelvaysusfotografos.com\/wp-content\/uploads\/2014\/03\/Entrega-Premio-Aurora-Mart\u00edn.jpg\"><img loading=\"lazy\" decoding=\"async\" class=\"size-medium wp-image-2812\" src=\"https:\/\/www.huelvaysusfotografos.com\/wp-content\/uploads\/2014\/03\/Entrega-Premio-Aurora-Mart\u00edn-300x200.jpg\" alt=\"Entrega Premio Aurora Mart\u00edn por Pedro J. Ruiz- Constantino\" width=\"300\" height=\"200\" srcset=\"https:\/\/www.huelvaysusfotografos.com\/wp-content\/uploads\/2014\/03\/Entrega-Premio-Aurora-Mart\u00edn-300x200.jpg 300w, https:\/\/www.huelvaysusfotografos.com\/wp-content\/uploads\/2014\/03\/Entrega-Premio-Aurora-Mart\u00edn-1024x683.jpg 1024w, https:\/\/www.huelvaysusfotografos.com\/wp-content\/uploads\/2014\/03\/Entrega-Premio-Aurora-Mart\u00edn-768x512.jpg 768w, https:\/\/www.huelvaysusfotografos.com\/wp-content\/uploads\/2014\/03\/Entrega-Premio-Aurora-Mart\u00edn-1536x1024.jpg 1536w, https:\/\/www.huelvaysusfotografos.com\/wp-content\/uploads\/2014\/03\/Entrega-Premio-Aurora-Mart\u00edn-2048x1366.jpg 2048w, https:\/\/www.huelvaysusfotografos.com\/wp-content\/uploads\/2014\/03\/Entrega-Premio-Aurora-Mart\u00edn-120x80.jpg 120w\" sizes=\"auto, (max-width: 300px) 100vw, 300px\" \/><\/a><figcaption id=\"caption-attachment-2812\" class=\"wp-caption-text\">Entrega Premio Aurora Mart\u00edn por Pedro J. Ruiz- Constantino<\/figcaption><\/figure>\n<figure id=\"attachment_2814\" aria-describedby=\"caption-attachment-2814\" style=\"width: 224px\" class=\"wp-caption aligncenter\"><a href=\"https:\/\/www.huelvaysusfotografos.com\/wp-content\/uploads\/2014\/03\/1794603_714503888569645_1233807924_n.jpg\"><img loading=\"lazy\" decoding=\"async\" class=\"size-medium wp-image-2814\" src=\"https:\/\/www.huelvaysusfotografos.com\/wp-content\/uploads\/2014\/03\/1794603_714503888569645_1233807924_n-224x300.jpg\" alt=\"Miradas. Fotograf\u00eda ganadora de Reflejos de mi ciudad, de Aurora Mart\u00edn Mar\u00edn\" width=\"224\" height=\"300\" \/><\/a><figcaption id=\"caption-attachment-2814\" class=\"wp-caption-text\">Miradas. Fotograf\u00eda ganadora de Reflejos de mi ciudad, de Aurora Mart\u00edn Mar\u00edn<\/figcaption><\/figure>\n<p>Tambi\u00e9n en enero, el jurado decidi\u00f3 conceder un acc\u00e9sit a David \u00c9vora M\u00e1rquez, un joven que estudi\u00f3 en el IES Pablo Neruda de Huelva el ciclo formativo de Imagen y que sorprendi\u00f3 a los miembros del jurado gratamente con su fotograf\u00eda titulada \u201cDistorsi\u00f3n\u201d.<\/p>\n<figure id=\"attachment_2813\" aria-describedby=\"caption-attachment-2813\" style=\"width: 300px\" class=\"wp-caption aligncenter\"><a href=\"https:\/\/www.huelvaysusfotografos.com\/wp-content\/uploads\/2014\/03\/Entrega-Premio-acc\u00e9sit.jpg\"><img loading=\"lazy\" decoding=\"async\" class=\"size-medium wp-image-2813\" src=\"https:\/\/www.huelvaysusfotografos.com\/wp-content\/uploads\/2014\/03\/Entrega-Premio-acc\u00e9sit-300x200.jpg\" alt=\"Entrega de Premio a David \u00c9vora M\u00e1rquez, por el Presidente de HYSF\" width=\"300\" height=\"200\" srcset=\"https:\/\/www.huelvaysusfotografos.com\/wp-content\/uploads\/2014\/03\/Entrega-Premio-acc\u00e9sit-300x200.jpg 300w, https:\/\/www.huelvaysusfotografos.com\/wp-content\/uploads\/2014\/03\/Entrega-Premio-acc\u00e9sit-1024x683.jpg 1024w, https:\/\/www.huelvaysusfotografos.com\/wp-content\/uploads\/2014\/03\/Entrega-Premio-acc\u00e9sit-768x512.jpg 768w, https:\/\/www.huelvaysusfotografos.com\/wp-content\/uploads\/2014\/03\/Entrega-Premio-acc\u00e9sit-1536x1024.jpg 1536w, https:\/\/www.huelvaysusfotografos.com\/wp-content\/uploads\/2014\/03\/Entrega-Premio-acc\u00e9sit-2048x1366.jpg 2048w, https:\/\/www.huelvaysusfotografos.com\/wp-content\/uploads\/2014\/03\/Entrega-Premio-acc\u00e9sit-120x80.jpg 120w\" sizes=\"auto, (max-width: 300px) 100vw, 300px\" \/><\/a><figcaption id=\"caption-attachment-2813\" class=\"wp-caption-text\">Entrega de Premio a David \u00c9vora M\u00e1rquez, por el Presidente de HYSF<\/figcaption><\/figure>\n<figure id=\"attachment_2815\" aria-describedby=\"caption-attachment-2815\" style=\"width: 300px\" class=\"wp-caption aligncenter\"><a href=\"https:\/\/www.huelvaysusfotografos.com\/wp-content\/uploads\/2014\/03\/1779761_10203122740769722_211191509_n.jpg\"><img loading=\"lazy\" decoding=\"async\" class=\"size-medium wp-image-2815\" src=\"https:\/\/www.huelvaysusfotografos.com\/wp-content\/uploads\/2014\/03\/1779761_10203122740769722_211191509_n-300x224.jpg\" alt=\"Distorsi\u00f3n. Acc\u00e9sit concedido a David \u00c9vora M\u00e1rquez\" width=\"300\" height=\"224\" \/><\/a><figcaption id=\"caption-attachment-2815\" class=\"wp-caption-text\">Distorsi\u00f3n. Acc\u00e9sit concedido a David \u00c9vora M\u00e1rquez<\/figcaption><\/figure>\n<p>Para febrero el tema lanzado fue \u201cHuelva de noche\u201d. Se recibieron muy buenas im\u00e1genes y no fue f\u00e1cil la elecci\u00f3n. Finalmente se premi\u00f3 la imagen \u201cBajamar\u201d de Francisco J. Falc\u00f3n Blanco.<\/p>\n<figure id=\"attachment_2816\" aria-describedby=\"caption-attachment-2816\" style=\"width: 300px\" class=\"wp-caption aligncenter\"><a href=\"https:\/\/www.huelvaysusfotografos.com\/wp-content\/uploads\/2014\/03\/1017479_631735536900274_1932619785_n.jpg\"><img loading=\"lazy\" decoding=\"async\" class=\"size-medium wp-image-2816\" src=\"https:\/\/www.huelvaysusfotografos.com\/wp-content\/uploads\/2014\/03\/1017479_631735536900274_1932619785_n-300x225.jpg\" alt=\"Bajamar. Fotograf\u00eda premiada en el mes de febrero, de Francisco J. Falc\u00f3n Blanco\" width=\"300\" height=\"225\" srcset=\"https:\/\/www.huelvaysusfotografos.com\/wp-content\/uploads\/2014\/03\/1017479_631735536900274_1932619785_n-300x225.jpg 300w, https:\/\/www.huelvaysusfotografos.com\/wp-content\/uploads\/2014\/03\/1017479_631735536900274_1932619785_n-768x576.jpg 768w, https:\/\/www.huelvaysusfotografos.com\/wp-content\/uploads\/2014\/03\/1017479_631735536900274_1932619785_n-160x120.jpg 160w, https:\/\/www.huelvaysusfotografos.com\/wp-content\/uploads\/2014\/03\/1017479_631735536900274_1932619785_n.jpg 960w\" sizes=\"auto, (max-width: 300px) 100vw, 300px\" \/><\/a><figcaption id=\"caption-attachment-2816\" class=\"wp-caption-text\">Bajamar. Fotograf\u00eda premiada en el mes de febrero, de Francisco J. Falc\u00f3n Blanco<\/figcaption><\/figure>\n<p>Continuamos con esta labor, y animamos a socios\/as y no socios\/as a participar de esta apasionante afici\u00f3n.<\/p>\n<p>&nbsp;<\/p>\n","protected":false},"excerpt":{"rendered":"<p>Desde hace m\u00e1s de un a\u00f1o, la Asociaci\u00f3n Huelva y sus Fot\u00f3grafos colabora con el Concurso \u201cHuelva a trav\u00e9s de la fotograf\u00eda\u201d. Casi un centenar de aficionados\/as y profesionales de la fotograf\u00eda participaron en las 12 ediciones de 2013. En estas propuestas, van de la mano de la promoci\u00f3n de la fotograf\u00eda en Huelva y \u00a0la difusi\u00f3n del patrimonio onubense, y continuamos este a\u00f1o en la misma l\u00ednea. En enero<\/p>\n<div class=\"belowpost\"><a class=\"btnmore\" href=\"https:\/\/www.huelvaysusfotografos.com\/?p=2810\">Seguir leyendo<\/a><\/div>\n","protected":false},"author":41,"featured_media":3789,"comment_status":"open","ping_status":"open","sticky":false,"template":"","format":"standard","meta":{"footnotes":"","_links_to":"","_links_to_target":""},"categories":[3],"tags":[],"class_list":["post-2810","post","type-post","status-publish","format-standard","has-post-thumbnail","hentry","category-noticias"],"_links":{"self":[{"href":"https:\/\/www.huelvaysusfotografos.com\/index.php?rest_route=\/wp\/v2\/posts\/2810","targetHints":{"allow":["GET"]}}],"collection":[{"href":"https:\/\/www.huelvaysusfotografos.com\/index.php?rest_route=\/wp\/v2\/posts"}],"about":[{"href":"https:\/\/www.huelvaysusfotografos.com\/index.php?rest_route=\/wp\/v2\/types\/post"}],"author":[{"embeddable":true,"href":"https:\/\/www.huelvaysusfotografos.com\/index.php?rest_route=\/wp\/v2\/users\/41"}],"replies":[{"embeddable":true,"href":"https:\/\/www.huelvaysusfotografos.com\/index.php?rest_route=%2Fwp%2Fv2%2Fcomments&post=2810"}],"version-history":[{"count":9,"href":"https:\/\/www.huelvaysusfotografos.com\/index.php?rest_route=\/wp\/v2\/posts\/2810\/revisions"}],"predecessor-version":[{"id":3790,"href":"https:\/\/www.huelvaysusfotografos.com\/index.php?rest_route=\/wp\/v2\/posts\/2810\/revisions\/3790"}],"wp:featuredmedia":[{"embeddable":true,"href":"https:\/\/www.huelvaysusfotografos.com\/index.php?rest_route=\/wp\/v2\/media\/3789"}],"wp:attachment":[{"href":"https:\/\/www.huelvaysusfotografos.com\/index.php?rest_route=%2Fwp%2Fv2%2Fmedia&parent=2810"}],"wp:term":[{"taxonomy":"category","embeddable":true,"href":"https:\/\/www.huelvaysusfotografos.com\/index.php?rest_route=%2Fwp%2Fv2%2Fcategories&post=2810"},{"taxonomy":"post_tag","embeddable":true,"href":"https:\/\/www.huelvaysusfotografos.com\/index.php?rest_route=%2Fwp%2Fv2%2Ftags&post=2810"}],"curies":[{"name":"wp","href":"https:\/\/api.w.org\/{rel}","templated":true}]}}