{"id":2794,"date":"2014-03-04T22:57:22","date_gmt":"2014-03-04T21:57:22","guid":{"rendered":"http:\/\/www.huelvaysusfotografos.com\/?p=2794"},"modified":"2014-07-08T20:56:07","modified_gmt":"2014-07-08T19:56:07","slug":"proximas-actividades-de-huelva-y-sus-fotografos","status":"publish","type":"post","link":"https:\/\/www.huelvaysusfotografos.com\/?p=2794","title":{"rendered":"Pr\u00f3ximas actividades de Huelva y sus fot\u00f3grafos"},"content":{"rendered":"<p>Nuestra asociaci\u00f3n sigue su camino con nuevas actividades para el mes de marzo. Os dejamos aqu\u00ed algunas de ellas: \u00a0 &#8211; TERTULIA FOTOGR\u00c1FICA. Continuamos con las tertulias del primer jueves del mes, en esta ocasi\u00f3n estar\u00e1 con nosotros nuestro estimado amigo Antonio Garc\u00eda, Director de la Escuela de Arte Le\u00f3n Ortega de Huelva, para compartir sus impresiones y hablarnos de \u00abLa fotograf\u00eda como medio de expresi\u00f3n\u00bb. Recordamos para los que a\u00fan no hab\u00e9is sumado a esta formativa y a la vez l\u00fadica actividad, que ser\u00e1 el 6 de marzo, a las 19:00 horas en el Bar- Cafeter\u00eda Moz\u00e1rabes.<\/p>\n<p style=\"text-align: center;\"><a href=\"https:\/\/www.huelvaysusfotografos.com\/wp-content\/uploads\/2014\/03\/577375_625019927553965_750836538_n.jpg\"><img loading=\"lazy\" decoding=\"async\" class=\"aligncenter size-medium wp-image-2798\" src=\"https:\/\/www.huelvaysusfotografos.com\/wp-content\/uploads\/2014\/03\/577375_625019927553965_750836538_n-300x214.jpg\" alt=\"577375_625019927553965_750836538_n\" width=\"300\" height=\"214\" srcset=\"https:\/\/www.huelvaysusfotografos.com\/wp-content\/uploads\/2014\/03\/577375_625019927553965_750836538_n-300x214.jpg 300w, https:\/\/www.huelvaysusfotografos.com\/wp-content\/uploads\/2014\/03\/577375_625019927553965_750836538_n-768x548.jpg 768w, https:\/\/www.huelvaysusfotografos.com\/wp-content\/uploads\/2014\/03\/577375_625019927553965_750836538_n.jpg 960w\" sizes=\"auto, (max-width: 300px) 100vw, 300px\" \/><\/a><\/p>\n<p>\u00a0 &#8211; EXPOSICI\u00d3N Y PRESENTACI\u00d3N DE PHOTOSMARTPHONE. Un proyecto de Alberto Parejo que junto con otros profesionales de la fotograf\u00eda ha tomado forma de libro y de exposici\u00f3n. Nuestra Asociaci\u00f3n ha colaborado en la organizaci\u00f3n del evento, para que antes de partir a Madrid, podamos disfrutar en Huelva de iniciativas de este calibre. Estar\u00e1 visitable desde el 10 al 15 de marzo en el Centro Puerta del Atl\u00e1ntico (Av. Presidente Adolfo Su\u00e1rez n\u00ba 1), y hacemos extensible a todos los socios y personas interesadas, la invitaci\u00f3n al acto de inauguraci\u00f3n que ser\u00e1 el 10 a las 19:30 h. <a href=\"https:\/\/www.huelvaysusfotografos.com\/wp-content\/uploads\/2014\/03\/unnamed.jpg\"><img loading=\"lazy\" decoding=\"async\" class=\"aligncenter size-medium wp-image-2799\" src=\"https:\/\/www.huelvaysusfotografos.com\/wp-content\/uploads\/2014\/03\/unnamed-215x300.jpg\" alt=\"unnamed\" width=\"215\" height=\"300\" srcset=\"https:\/\/www.huelvaysusfotografos.com\/wp-content\/uploads\/2014\/03\/unnamed-215x300.jpg 215w, https:\/\/www.huelvaysusfotografos.com\/wp-content\/uploads\/2014\/03\/unnamed-734x1024.jpg 734w, https:\/\/www.huelvaysusfotografos.com\/wp-content\/uploads\/2014\/03\/unnamed-768x1071.jpg 768w, https:\/\/www.huelvaysusfotografos.com\/wp-content\/uploads\/2014\/03\/unnamed.jpg 781w\" sizes=\"auto, (max-width: 215px) 100vw, 215px\" \/><\/a> &#8211; CONCURSO \u00abHUELVA A TRAV\u00c9S DE LA FOTOGRAF\u00cdA: LA PRIMAVERA EN UN ENTORNO URBANO\u00bb. Como todos los meses, y desde hace m\u00e1s de un a\u00f1o, colaboramos con la Concejal\u00eda de Turismos en esta actividad mensual, que nos mantiene activos en el campo de la creaci\u00f3n de im\u00e1genes con propuestas cada vez m\u00e1s atrevidas y que pretenden a la vez, acercar el Patrimonio de la ciudad desde la \u00f3ptica particular de cada participante. Ya sab\u00e9is que ten\u00e9is todo el mes para enviar vuestras im\u00e1genes (hasta 3 y con 1 a 2 MB) a turismo2@huelva.es (ah\u00ed pod\u00e9is pedir tambi\u00e9n las bases si aqu\u00ed no las le\u00e9is bien).<\/p>\n<p style=\"text-align: center;\"><a href=\"https:\/\/www.huelvaysusfotografos.com\/wp-content\/uploads\/2014\/03\/1920975_724369170916450_290066395_o.jpg\"><img loading=\"lazy\" decoding=\"async\" class=\"aligncenter size-medium wp-image-2795\" src=\"https:\/\/www.huelvaysusfotografos.com\/wp-content\/uploads\/2014\/03\/1920975_724369170916450_290066395_o-249x300.jpg\" alt=\"1920975_724369170916450_290066395_o\" width=\"249\" height=\"300\" srcset=\"https:\/\/www.huelvaysusfotografos.com\/wp-content\/uploads\/2014\/03\/1920975_724369170916450_290066395_o-249x300.jpg 249w, https:\/\/www.huelvaysusfotografos.com\/wp-content\/uploads\/2014\/03\/1920975_724369170916450_290066395_o-851x1024.jpg 851w, https:\/\/www.huelvaysusfotografos.com\/wp-content\/uploads\/2014\/03\/1920975_724369170916450_290066395_o-768x924.jpg 768w, https:\/\/www.huelvaysusfotografos.com\/wp-content\/uploads\/2014\/03\/1920975_724369170916450_290066395_o-1277x1536.jpg 1277w, https:\/\/www.huelvaysusfotografos.com\/wp-content\/uploads\/2014\/03\/1920975_724369170916450_290066395_o.jpg 1533w\" sizes=\"auto, (max-width: 249px) 100vw, 249px\" \/><\/a><\/p>\n<p>&#8211; I EXPOSICI\u00d3N FOTOGR\u00c1FICA BEN\u00c9FICA. Hermandad del Calvario. Ya muchos sab\u00e9is, pues hab\u00e9is aportado vuestras magn\u00edficas fotograf\u00edas para hacer posible esta exposici\u00f3n, que colaboramos con esta Hermandad Cofrade en la Muestra y cuya recaudaci\u00f3n de la venta de las fotograf\u00edas ir\u00e1n destinadas a una organizaci\u00f3n ben\u00e9fica. No olvid\u00e9is que se podr\u00e1 visitar desde el 17 al 22 de marzo en el Sal\u00f3n Iberoamericano de la Casa Col\u00f3n de Huelva (Plaza del Punto s\/n). Pr\u00f3ximamente haremos un monogr\u00e1fico sobre esta exposici\u00f3n para que est\u00e9is informados de su desarrollo. <a href=\"https:\/\/www.huelvaysusfotografos.com\/wp-content\/uploads\/2014\/03\/DSC_6014.jpg\"><img loading=\"lazy\" decoding=\"async\" class=\"aligncenter size-medium wp-image-2796\" src=\"https:\/\/www.huelvaysusfotografos.com\/wp-content\/uploads\/2014\/03\/DSC_6014-225x300.jpg\" alt=\"DSC_6014\" width=\"225\" height=\"300\" srcset=\"https:\/\/www.huelvaysusfotografos.com\/wp-content\/uploads\/2014\/03\/DSC_6014-225x300.jpg 225w, https:\/\/www.huelvaysusfotografos.com\/wp-content\/uploads\/2014\/03\/DSC_6014-768x1024.jpg 768w, https:\/\/www.huelvaysusfotografos.com\/wp-content\/uploads\/2014\/03\/DSC_6014.jpg 886w\" sizes=\"auto, (max-width: 225px) 100vw, 225px\" \/><\/a> &#8211; HUELVA PHOTO WEEKEND. Colaboramos tambi\u00e9n con \u00abJerez Imagen\u00bb en este interesante Workshop de Retrato, a cargo de Jorge Pozuelo que ser\u00e1 el 22 de marzo, y Conferencias del 23 de marzo, una sobre Fotograf\u00eda de Viajes que tambi\u00e9n desarrollar\u00e1 Jorge Pozuelos, y otra sobre T\u00e9cnicas Aplicadas en Fotograf\u00eda de Aves, a cargo de Javier Ram\u00f3n y Rafael Ramos. Todos estas sesiones formativas se desarrollar\u00e1n en el Hotel NH Luz Huelva. \u00a0Recomendamos que las personas interesadas vayan reservando su plaza ya que \u00e9stas son limitadas. M\u00e1s informaci\u00f3n en www.jerezimagen.es <a href=\"https:\/\/www.huelvaysusfotografos.com\/wp-content\/uploads\/2014\/03\/1979113_676656365709806_1964232176_o.jpg\"><img loading=\"lazy\" decoding=\"async\" class=\"aligncenter size-medium wp-image-2797\" src=\"https:\/\/www.huelvaysusfotografos.com\/wp-content\/uploads\/2014\/03\/1979113_676656365709806_1964232176_o-199x300.jpg\" alt=\"1979113_676656365709806_1964232176_o\" width=\"199\" height=\"300\" \/><\/a> Y ya sab\u00e9is que seguimos trabando en el dise\u00f1o de futuras actividades y en la colaboraci\u00f3n de grandes eventos con grandes profesionales de la fotograf\u00eda. Esperamos vuestra participaci\u00f3n y respuesta positiva!! Buena semana<\/p>\n","protected":false},"excerpt":{"rendered":"<p>Nuestra asociaci\u00f3n sigue su camino con nuevas actividades para el mes de marzo. Os dejamos aqu\u00ed algunas de ellas: \u00a0 &#8211; TERTULIA FOTOGR\u00c1FICA. Continuamos con las tertulias del primer jueves del mes, en esta ocasi\u00f3n estar\u00e1 con nosotros nuestro estimado amigo Antonio Garc\u00eda, Director de la Escuela de Arte Le\u00f3n Ortega de Huelva, para compartir sus impresiones y hablarnos de \u00abLa fotograf\u00eda como medio de expresi\u00f3n\u00bb. Recordamos para los que<\/p>\n<div class=\"belowpost\"><a class=\"btnmore\" href=\"https:\/\/www.huelvaysusfotografos.com\/?p=2794\">Seguir leyendo<\/a><\/div>\n","protected":false},"author":41,"featured_media":3711,"comment_status":"open","ping_status":"open","sticky":false,"template":"","format":"standard","meta":{"footnotes":"","_links_to":"","_links_to_target":""},"categories":[4],"tags":[],"class_list":["post-2794","post","type-post","status-publish","format-standard","has-post-thumbnail","hentry","category-actividades"],"_links":{"self":[{"href":"https:\/\/www.huelvaysusfotografos.com\/index.php?rest_route=\/wp\/v2\/posts\/2794","targetHints":{"allow":["GET"]}}],"collection":[{"href":"https:\/\/www.huelvaysusfotografos.com\/index.php?rest_route=\/wp\/v2\/posts"}],"about":[{"href":"https:\/\/www.huelvaysusfotografos.com\/index.php?rest_route=\/wp\/v2\/types\/post"}],"author":[{"embeddable":true,"href":"https:\/\/www.huelvaysusfotografos.com\/index.php?rest_route=\/wp\/v2\/users\/41"}],"replies":[{"embeddable":true,"href":"https:\/\/www.huelvaysusfotografos.com\/index.php?rest_route=%2Fwp%2Fv2%2Fcomments&post=2794"}],"version-history":[{"count":8,"href":"https:\/\/www.huelvaysusfotografos.com\/index.php?rest_route=\/wp\/v2\/posts\/2794\/revisions"}],"predecessor-version":[{"id":3714,"href":"https:\/\/www.huelvaysusfotografos.com\/index.php?rest_route=\/wp\/v2\/posts\/2794\/revisions\/3714"}],"wp:featuredmedia":[{"embeddable":true,"href":"https:\/\/www.huelvaysusfotografos.com\/index.php?rest_route=\/wp\/v2\/media\/3711"}],"wp:attachment":[{"href":"https:\/\/www.huelvaysusfotografos.com\/index.php?rest_route=%2Fwp%2Fv2%2Fmedia&parent=2794"}],"wp:term":[{"taxonomy":"category","embeddable":true,"href":"https:\/\/www.huelvaysusfotografos.com\/index.php?rest_route=%2Fwp%2Fv2%2Fcategories&post=2794"},{"taxonomy":"post_tag","embeddable":true,"href":"https:\/\/www.huelvaysusfotografos.com\/index.php?rest_route=%2Fwp%2Fv2%2Ftags&post=2794"}],"curies":[{"name":"wp","href":"https:\/\/api.w.org\/{rel}","templated":true}]}}