{"id":2783,"date":"2014-03-02T13:46:32","date_gmt":"2014-03-02T12:46:32","guid":{"rendered":"http:\/\/www.huelvaysusfotografos.com\/?p=2783"},"modified":"2014-07-11T19:58:10","modified_gmt":"2014-07-11T18:58:10","slug":"el-fotografo-otro-que-tropieza-varias-veces-en-la-misma-piedra","status":"publish","type":"post","link":"https:\/\/www.huelvaysusfotografos.com\/?p=2783","title":{"rendered":"El fot\u00f3grafo, otro que tropieza varias veces en la misma piedra"},"content":{"rendered":"<p>Pero &#8230; \u00bftan tontos somos los fot\u00f3grafos? o &#8230; \u00bftan poco considerados?<\/p>\n<p>Estoy seguro que a muchos de nosotros nos ha pasado alguna vez o varias como a m\u00ed, que hagamos alg\u00fan intercambio con alg\u00fan\/a chica\/o y le pidamos (e incluso, firmado por contrato) que no pueden modificar las fotos bajo ninguna circunstancia, pues bien, mientras le vas a entregar las fotos &#8230; se te hacen tus mejores amigas\/os, mensajes casi a diario, buenas palabras y &#8230; un \u00abno te preocupes que no subir\u00e9 ninguna foto de borrador, te etiquetar\u00e9 y no modificar\u00e9 ninguna, yo no soy de esas\/os\u00bb &#8230;<\/p>\n<p>CO\u00d1O, en cuanto tienen las fotos &#8230; les entra una amnesia &#8230; bestial, no te etiquetan, no te escriben m\u00e1s y &#8230; alg\u00fan\/a modifica alguna foto tuya poni\u00e9ndole \u00abmariposas\u00bb, \u00abtexto \u00f1o\u00f1o\u00bb &#8230; o la usa para publicidad de su club, empresa o &#8230; cualquier cosa.<\/p>\n<p>Se lo dices y\/o &#8230; pasan de contestarte o entramos en los \u00abes quesss\u00bb &#8230; \u00abes que se me ha olvidado\u00bb, \u00abes que ha sido mi novio\u00bb, \u00abes que &#8230; s\u00f3lo le he puesto un texto al lado\u00bb &#8230;<\/p>\n<p>Les vuelves a pedir \u00abpor favor\u00bb , que eliminen esas fotos &#8230; y al final &#8230; terminan elimin\u00e1ndote a ti de sus contactos.<\/p>\n<p>\u00a1\u00a1Incre\u00edble pero cierto!!, y no es exclusividad de jovencitos\/as, aqu\u00ed la edad os aseguro que no es lo importante, obviamente s\u00ed la capacidad de razonar (eso no est\u00e1 al alcance de todos).<\/p>\n<p>Hace ya tiempo que dej\u00e9 de hacer intercambios, hago muy pocos y &#8230; despu\u00e9s de esto &#8230; menos voy a hacer. Est\u00e1 claro, que por gente as\u00ed &#8230; te echan la moral por los suelos y le coges tirria a lo que m\u00e1s te gusta.<\/p>\n<p>Cierto es, que por culpa como gente como yo &#8230; le quitamos el trabajo a los verdaderos profesional (compa\u00f1eros que viven de la fotograf\u00eda) aunque sea muy poco y ellos hayan hecho lo mismo alguna vez, de aqu\u00ed &#8230; os pido perd\u00f3n de todo coraz\u00f3n, pero os aseguro que conmigo no deb\u00e9is preocuparos.<\/p>\n<p>Cuidado compa\u00f1eros &#8230; este tipo de gente &#8230; siempre vuelve a \u00abatacar\u00bb.<\/p>\n","protected":false},"excerpt":{"rendered":"<p>Pero &#8230; \u00bftan tontos somos los fot\u00f3grafos? o &#8230; \u00bftan poco considerados? Estoy seguro que a muchos de nosotros nos ha pasado alguna vez o varias como a m\u00ed, que hagamos alg\u00fan intercambio con alg\u00fan\/a chica\/o y le pidamos (e incluso, firmado por contrato) que no pueden modificar las fotos bajo ninguna circunstancia, pues bien, mientras le vas a entregar las fotos &#8230; se te hacen tus mejores amigas\/os, mensajes<\/p>\n<div class=\"belowpost\"><a class=\"btnmore\" href=\"https:\/\/www.huelvaysusfotografos.com\/?p=2783\">Seguir leyendo<\/a><\/div>\n","protected":false},"author":2,"featured_media":2789,"comment_status":"open","ping_status":"open","sticky":false,"template":"","format":"standard","meta":{"footnotes":"","_links_to":"","_links_to_target":""},"categories":[114],"tags":[137,136,135],"class_list":["post-2783","post","type-post","status-publish","format-standard","has-post-thumbnail","hentry","category-opiniones","tag-ftf","tag-intercambios","tag-opiniones-2"],"_links":{"self":[{"href":"https:\/\/www.huelvaysusfotografos.com\/index.php?rest_route=\/wp\/v2\/posts\/2783","targetHints":{"allow":["GET"]}}],"collection":[{"href":"https:\/\/www.huelvaysusfotografos.com\/index.php?rest_route=\/wp\/v2\/posts"}],"about":[{"href":"https:\/\/www.huelvaysusfotografos.com\/index.php?rest_route=\/wp\/v2\/types\/post"}],"author":[{"embeddable":true,"href":"https:\/\/www.huelvaysusfotografos.com\/index.php?rest_route=\/wp\/v2\/users\/2"}],"replies":[{"embeddable":true,"href":"https:\/\/www.huelvaysusfotografos.com\/index.php?rest_route=%2Fwp%2Fv2%2Fcomments&post=2783"}],"version-history":[{"count":7,"href":"https:\/\/www.huelvaysusfotografos.com\/index.php?rest_route=\/wp\/v2\/posts\/2783\/revisions"}],"predecessor-version":[{"id":3792,"href":"https:\/\/www.huelvaysusfotografos.com\/index.php?rest_route=\/wp\/v2\/posts\/2783\/revisions\/3792"}],"wp:featuredmedia":[{"embeddable":true,"href":"https:\/\/www.huelvaysusfotografos.com\/index.php?rest_route=\/wp\/v2\/media\/2789"}],"wp:attachment":[{"href":"https:\/\/www.huelvaysusfotografos.com\/index.php?rest_route=%2Fwp%2Fv2%2Fmedia&parent=2783"}],"wp:term":[{"taxonomy":"category","embeddable":true,"href":"https:\/\/www.huelvaysusfotografos.com\/index.php?rest_route=%2Fwp%2Fv2%2Fcategories&post=2783"},{"taxonomy":"post_tag","embeddable":true,"href":"https:\/\/www.huelvaysusfotografos.com\/index.php?rest_route=%2Fwp%2Fv2%2Ftags&post=2783"}],"curies":[{"name":"wp","href":"https:\/\/api.w.org\/{rel}","templated":true}]}}