{"id":2769,"date":"2014-02-03T17:45:56","date_gmt":"2014-02-03T16:45:56","guid":{"rendered":"http:\/\/www.huelvaysusfotografos.com\/?p=2769"},"modified":"2014-07-08T20:55:58","modified_gmt":"2014-07-08T19:55:58","slug":"vuelven-las-tertulias-de-huelva-y-sus-fotografos","status":"publish","type":"post","link":"https:\/\/www.huelvaysusfotografos.com\/?p=2769","title":{"rendered":"\u00a1Vuelven las tertulias de \u00abHuelva y sus fot\u00f3grafos\u00bb!"},"content":{"rendered":"<p>El pr\u00f3ximo jueves d\u00eda 6 de febrero volvemos con nuestras tertulias. En esta ocasi\u00f3n el fot\u00f3grafo invitado es Julio Segura Carmona, que nos mostrar\u00e1 las mejores im\u00e1genes del R\u00edo Tinto.<\/p>\n<p><a href=\"https:\/\/www.huelvaysusfotografos.com\/wp-content\/uploads\/2014\/02\/20140203-170759.jpg\"><img decoding=\"async\" class=\"size-full aligncenter\" src=\"https:\/\/www.huelvaysusfotografos.com\/wp-content\/uploads\/2014\/02\/20140203-170759.jpg\" alt=\"20140203-170759.jpg\" \/><\/a><br \/>\n\u00a1No te la pierdas!<\/p>\n","protected":false},"excerpt":{"rendered":"<p>El pr\u00f3ximo jueves d\u00eda 6 de febrero volvemos con nuestras tertulias. En esta ocasi\u00f3n el fot\u00f3grafo invitado es Julio Segura Carmona, que nos mostrar\u00e1 las mejores im\u00e1genes del R\u00edo Tinto. \u00a1No te la pierdas!<\/p>\n","protected":false},"author":6,"featured_media":3709,"comment_status":"open","ping_status":"open","sticky":false,"template":"","format":"standard","meta":{"footnotes":"","_links_to":"","_links_to_target":""},"categories":[4,3,32],"tags":[132,133,152],"class_list":["post-2769","post","type-post","status-publish","format-standard","has-post-thumbnail","hentry","category-actividades","category-noticias","category-tertulias","tag-julio-segura-carmona","tag-rio-tinto","tag-tertulias"],"_links":{"self":[{"href":"https:\/\/www.huelvaysusfotografos.com\/index.php?rest_route=\/wp\/v2\/posts\/2769","targetHints":{"allow":["GET"]}}],"collection":[{"href":"https:\/\/www.huelvaysusfotografos.com\/index.php?rest_route=\/wp\/v2\/posts"}],"about":[{"href":"https:\/\/www.huelvaysusfotografos.com\/index.php?rest_route=\/wp\/v2\/types\/post"}],"author":[{"embeddable":true,"href":"https:\/\/www.huelvaysusfotografos.com\/index.php?rest_route=\/wp\/v2\/users\/6"}],"replies":[{"embeddable":true,"href":"https:\/\/www.huelvaysusfotografos.com\/index.php?rest_route=%2Fwp%2Fv2%2Fcomments&post=2769"}],"version-history":[{"count":9,"href":"https:\/\/www.huelvaysusfotografos.com\/index.php?rest_route=\/wp\/v2\/posts\/2769\/revisions"}],"predecessor-version":[{"id":3710,"href":"https:\/\/www.huelvaysusfotografos.com\/index.php?rest_route=\/wp\/v2\/posts\/2769\/revisions\/3710"}],"wp:featuredmedia":[{"embeddable":true,"href":"https:\/\/www.huelvaysusfotografos.com\/index.php?rest_route=\/wp\/v2\/media\/3709"}],"wp:attachment":[{"href":"https:\/\/www.huelvaysusfotografos.com\/index.php?rest_route=%2Fwp%2Fv2%2Fmedia&parent=2769"}],"wp:term":[{"taxonomy":"category","embeddable":true,"href":"https:\/\/www.huelvaysusfotografos.com\/index.php?rest_route=%2Fwp%2Fv2%2Fcategories&post=2769"},{"taxonomy":"post_tag","embeddable":true,"href":"https:\/\/www.huelvaysusfotografos.com\/index.php?rest_route=%2Fwp%2Fv2%2Ftags&post=2769"}],"curies":[{"name":"wp","href":"https:\/\/api.w.org\/{rel}","templated":true}]}}